{"id":44439,"date":"2025-09-25T05:38:13","date_gmt":"2025-09-25T05:38:13","guid":{"rendered":"https:\/\/www.europesays.com\/no\/44439\/"},"modified":"2025-09-25T05:38:13","modified_gmt":"2025-09-25T05:38:13","slug":"naeringsliv-og-arbeidsliv-larvik-skagerrak-sparebank-leter-etter-ny-administrerende-direktor-nar-jan-kleppe-gar-av-med-pensjon","status":"publish","type":"post","link":"https:\/\/www.europesays.com\/no\/44439\/","title":{"rendered":"N\u00e6ringsliv og Arbeidsliv, Larvik | Skagerrak Sparebank leter etter ny administrerende direkt\u00f8r n\u00e5r Jan Kleppe g\u00e5r av med pensjon"},"content":{"rendered":"\n<p>\u2013 Dette skal vi bruke god tid p\u00e5 \u00e5 gj\u00f8re. Det er viktig for oss \u00e5 finne en person som har den profilen vi \u00f8nsker at bankens leder skal, sier styreleder i Skagerrak Sparebank, Are Stokstad fra Larvik, til \u00d8stlands-Posten.<\/p>\n<p>   <img decoding=\"async\" width=\"218\" height=\"325\" fetchpriority=\"low\"  loading=\"lazy\"  src=\"https:\/\/www.europesays.com\/no\/wp-content\/uploads\/2025\/09\/KleppeSmal.jpg\" alt=\"\" class=\"brick-c-cFOWSL\" style=\"--brick-image-ratio: 218 \/ 325;\"\/><\/p>\n<p>    G\u00c5R AV: Jan Kleppe g\u00e5r neste \u00e5r av som administrerende direkt\u00f8r i Skagerak Sparebank etter 21 \u00e5r.<br \/>\n    Foto: Skagerak Sparebank\n  <\/p>\n<p>  Ledet i 21 \u00e5r<\/p>\n<p>Jan Kleppe har informert styret om at han \u00f8nsker \u00e5 fratre sin stilling n\u00e5r han fyller 62 \u00e5r sommeren 2026. P\u00e5 dette tidspunktet vil han ha ledet banken sammenhengende i 21 \u00e5r.<\/p>\n<p><b>I en pressemelding skriver banken at selskapet under Jan Kleppes ledelse har opplevd en betydelig vekst, fra 1,7 milliarder til 40 milliarder kroner i forretningskapital. <\/b><\/p>\n<p>\u2013 Gjennom fusjoner med Krager\u00f8 Sparebank, Andebu Sparebank og Larvikbanken har Skagerrak Sparebank etablert seg som en ledende regional lokalbank langs kysten fra Arendal til Holmestrand. Banken har n\u00e5 145 ansatte fordelt p\u00e5 11 kontorer, skriver de.<\/p>\n<p><b>\u2013 Vi er takknemlige for at Jan Kleppe orienterte styret i god tid f\u00f8r sin avgang, og vi vil derfor gjennomf\u00f8re en grundig rekrutteringsprosess, sier Stokstad i pressemeldingen.<\/b><\/p>\n<p><b>LES OGS\u00c5: <\/b><a class=\"simple-relation related-teaser article--c-eRUmMG article--c-eRUmMG-jKCPdD-design-default article--c-eRUmMG-iBPVJb-cv\" href=\"https:\/\/www.op.no\/her-ble-det-fullt-hus-jeg-syns-det-har-blitt-flott\/s\/5-36-1826664\" rel=\"nofollow noopener\" target=\"_blank\">Her ble det fullt hus: \u2013 Jeg syns det har blitt flott<\/a><\/p>\n<p>Startet som Brunlanes<\/p>\n<p>Selv om Skagerrak Sparebanks avdeling i Larvik ligger sentralt ved Torget, viser et stort kart p\u00e5 fasaden i klartekst hvor banken hadde sitt opphav.<\/p>\n<p><b>Brunlanes Sparebank ble stiftet i 1910, og beholdt navnet fram til kommunesammensl\u00e5ingen i 1988, da den tok navnet Larvikbanken.<\/b><\/p>\n<p>I 2024 fusjonerte Larvikbanken med Skagerrak Sparebank, som var stiftet i 2017, og etter fusjonen har i dag banken filialer fra Krager\u00f8 til Andebu.<\/p>\n<p><b>\u2013 Banken i Larvik skal imidlertid fungere som en tydelig lokal bank, forsikrer styreleder Stokstad.<\/b><\/p>\n<p>\u2013 Larvik er et av kjerneomr\u00e5dene til banken, med god vekst b\u00e5de \u00f8konomisk og i kundemassen.<\/p>\n<p>\u2013 Men Larvik-navnet er borte?<\/p>\n<p><b>\u2013 Ja, men s\u00e5 passer jo navnet Skagerrak godt, ikke minst i Larvik. Som sagt skal vi fortsatt v\u00e6re en sterk lokal bank, men samtidig utnytte de musklene vi har i samarbeidet, sier han.<\/b><\/p>\n<p>   <img decoding=\"async\" width=\"3200\" height=\"2131\" fetchpriority=\"low\"  loading=\"lazy\"  src=\"https:\/\/www.europesays.com\/no\/wp-content\/uploads\/2025\/09\/09tem_01_01_are_2.jpg\" alt=\"\" class=\"brick-c-cFOWSL\" style=\"--brick-image-ratio: 3200 \/ 2131;\"\/><\/p>\n<p>    STYRELEDER: Are Stokstad, tidligere \u00d8P-redakt\u00f8r og konsernsjef i Amedia, skal n\u00e5 finne ny administrerende direkt\u00f8r i Skagerak Sparebank.<br \/>\n    Foto: Amedia, arkiv\n  <\/p>\n<p>  Fortsatt Porsgrunn<\/p>\n<p>Den snart avg\u00e5ende administrerende direkt\u00f8ren bor i Skien, og han pendler kort vei til hovedkontoret som ligger i Porsgrunn.<\/p>\n<p>\u2013 Det har ikke v\u00e6rt aktuelt \u00e5 la den nye lederen f\u00e5 kontorplass i Larvik?<\/p>\n<p><b>\u2013 V\u00e5r \u00f8verste leder skal nok v\u00e6re til stede i alle bankene, men per n\u00e5 vil hovedkontoret bli liggende i Porsgrunn, sier Are Stokstad til slutt..<\/b><\/p>\n<p><b>LES OGS\u00c5: <\/b><a class=\"simple-relation related-teaser article--c-eRUmMG article--c-eRUmMG-jKCPdD-design-default article--c-eRUmMG-iBPVJb-cv\" href=\"https:\/\/www.op.no\/har-fatt-sjansen-han-alltid-har-dromt-om-jobber-ekstremt-hardt\/f\/5-36-1818993\" rel=\"nofollow noopener\" target=\"_blank\">Har f\u00e5tt sjansen han alltid har dr\u00f8mt om: \u2013 Jobber ekstremt hardt<\/a><\/p>\n","protected":false},"excerpt":{"rendered":"\u2013 Dette skal vi bruke god tid p\u00e5 \u00e5 gj\u00f8re. Det er viktig for oss \u00e5 finne en&hellip;\n","protected":false},"author":2,"featured_media":44440,"comment_status":"","ping_status":"","sticky":false,"template":"","format":"standard","meta":{"footnotes":""},"categories":[56],"tags":[36,421,60,61,113,62,1481,30,28,29,14,1510],"class_list":{"0":"post-44439","1":"post","2":"type-post","3":"status-publish","4":"format-standard","5":"has-post-thumbnail","7":"category-naeringsliv","8":"tag-art","9":"tag-bank","10":"tag-business","11":"tag-economy","12":"tag-larvik","13":"tag-naeringsliv","14":"tag-naeringsliv-og-arbeidsliv","15":"tag-no","16":"tag-norge","17":"tag-norway","18":"tag-nyheter","19":"tag-story"},"share_on_mastodon":{"url":"","error":""},"_links":{"self":[{"href":"https:\/\/www.europesays.com\/no\/wp-json\/wp\/v2\/posts\/44439","targetHints":{"allow":["GET"]}}],"collection":[{"href":"https:\/\/www.europesays.com\/no\/wp-json\/wp\/v2\/posts"}],"about":[{"href":"https:\/\/www.europesays.com\/no\/wp-json\/wp\/v2\/types\/post"}],"author":[{"embeddable":true,"href":"https:\/\/www.europesays.com\/no\/wp-json\/wp\/v2\/users\/2"}],"replies":[{"embeddable":true,"href":"https:\/\/www.europesays.com\/no\/wp-json\/wp\/v2\/comments?post=44439"}],"version-history":[{"count":0,"href":"https:\/\/www.europesays.com\/no\/wp-json\/wp\/v2\/posts\/44439\/revisions"}],"wp:featuredmedia":[{"embeddable":true,"href":"https:\/\/www.europesays.com\/no\/wp-json\/wp\/v2\/media\/44440"}],"wp:attachment":[{"href":"https:\/\/www.europesays.com\/no\/wp-json\/wp\/v2\/media?parent=44439"}],"wp:term":[{"taxonomy":"category","embeddable":true,"href":"https:\/\/www.europesays.com\/no\/wp-json\/wp\/v2\/categories?post=44439"},{"taxonomy":"post_tag","embeddable":true,"href":"https:\/\/www.europesays.com\/no\/wp-json\/wp\/v2\/tags?post=44439"}],"curies":[{"name":"wp","href":"https:\/\/api.w.org\/{rel}","templated":true}]}}