{"id":44611,"date":"2025-09-25T09:41:08","date_gmt":"2025-09-25T09:41:08","guid":{"rendered":"https:\/\/www.europesays.com\/no\/44611\/"},"modified":"2025-09-25T09:41:08","modified_gmt":"2025-09-25T09:41:08","slug":"jessica-chastain-kritiserer-apple-tv-for-a-utsette-serie-etter-charlie-kirk-drapet","status":"publish","type":"post","link":"https:\/\/www.europesays.com\/no\/44611\/","title":{"rendered":"Jessica Chastain kritiserer Apple TV+ for \u00e5 utsette serie etter Charlie Kirk-drapet"},"content":{"rendered":"\n<p class=\"_lead_ew2ao_2 _lead_xtcu6_50 layout-component text-serif-m layout-normal text-serif-l layout-component layout-wide layout-padded _wide_17hqh_1 layout-padded\">Hollywood-stjernen mener TV-serien \u00abThe Savant\u00bb er mer relevant enn noensinne.<\/p>\n<p><img alt=\" Foto: Evan Agostini \/ AP\" class=\"_image_qp4xg_65 layout-component layout-wide\" data-fullscreen- data-track-element-type=\"Article image fullscreen\" data-track-name=\"ImageFullscreen\" fetchpriority=\"high\" decoding=\"sync\" loading=\"eager\" height=\"2422\" itemprop=\"image\"  src=\"https:\/\/www.europesays.com\/no\/wp-content\/uploads\/2025\/09\/391404f4-ac83-48b9-a77e-9b0ae0f50225\"  style=\"object-position:46.97142857142857% 46.7382328654005%\" width=\"3500\"\/> Foto: Evan Agostini \/ AP<\/p>\n<ul aria-hidden=\"true\" class=\"_images_1y6fe_106\">\n<li><a class=\"_link_1y6fe_111\" href=\"https:\/\/www.vg.no\/forfatter\/silje-kathrine-sviggum\" style=\"z-index:1\" title=\"Silje Kathrine Sviggum\" rel=\"nofollow noopener\" target=\"_blank\"><img alt=\"Bilde av Silje Kathrine Sviggum\" class=\"_image_1y6fe_88\" fetchpriority=\"low\" loading=\"lazy\" decoding=\"async\" itemprop=\"image\"  src=\"https:\/\/www.europesays.com\/no\/wp-content\/uploads\/2025\/09\/1758793267_654_e676a608-6bb3-4134-98e2-0f7e4dee1ab7\"  width=\"480\"\/><\/a><\/li>\n<\/ul>\n<p> Oppdatert torsdag 25. september kl. 11:02     <\/p>\n<p class=\"_paragraph_ew2ao_4 _paragraph_xtcu6_10 layout-component text-serif-m layout-normal text-serif-m layout-padded\">Jessica Chastain g\u00e5r hardt ut mot Apple TV+ etter at str\u00f8mmetjenesten <a href=\"https:\/\/www.vg.no\/rampelys\/i\/zAv8JK\/apple-utsetter-serie-om-ekstremisme-kort-tid-etter-drapet-paa-charlie-kirk\" data-track-element-type=\"Link\" data-track-id=\"link:zAv8JK\" class=\"_link_ew2ao_39\" rel=\"nofollow noopener\" target=\"_blank\">valgte \u00e5 utsette<\/a> den politiske thriller-serien \u00abThe Savant\u00bb i kj\u00f8lvannet av <a href=\"https:\/\/www.vg.no\/nyheter\/i\/KMolno\/charlie-kirk-skutt-og-drept-i-utah-hvem-var-han\" data-track-element-type=\"Link\" data-track-id=\"link:KMolno\" class=\"_link_ew2ao_39\" rel=\"nofollow noopener\" target=\"_blank\">Charlie Kirk-drapet<\/a> i USA.<\/p>\n<p><img decoding=\"async\" alt=\"Bilde av Charlie Kirk\" class=\"_image_ygndg_42\" height=\"48\" itemprop=\"image\" loading=\"lazy\"  src=\"https:\/\/www.europesays.com\/no\/wp-content\/uploads\/2025\/09\/cdb390da-8abe-4e45-bf35-fd1eb7fa806d\"  width=\"40\"\/><strong class=\"_name_ygndg_51 title-serif-xs\">Charlie Kirk<\/strong><\/p>\n<p class=\"_paragraph_ew2ao_4 text-sans-m _description_ygndg_56\">Amerikansk politisk aktivist<\/p>\n<p class=\"_paragraph_ew2ao_4 _paragraph_xtcu6_10 layout-component text-serif-m layout-normal text-serif-m layout-padded\">Skuespilleren, som ogs\u00e5 er ut\u00f8vende produsent for serien, tok til Instagram onsdag for \u00e5 uttrykke sin misn\u00f8ye med beslutningen, melder\u00a0<a href=\"https:\/\/apnews.com\/article\/jessica-chastain-savant-postponement-disagreement-c5a1380657adabad5a88d8446e295676\" class=\"_link_ew2ao_39\" rel=\"nofollow noopener\" target=\"_blank\">Associated Press<\/a>.<\/p>\n<p class=\"_paragraph_ew2ao_4 _paragraph_xtcu6_10 layout-component text-serif-m layout-normal text-serif-m layout-padded\">\u2013 Jeg er ikke enig i beslutningen om \u00e5 pause utgivelsen, skriver Chastain p\u00e5 InstaStory.<\/p>\n<p class=\"_paragraph_ew2ao_4 _paragraph_xtcu6_10 layout-component text-serif-m layout-normal text-serif-m layout-padded\">Oscar-vinneren mener serien er \u00abs\u00e5 relevant\u00bb og at hun aldri har \u00abskydd unna vanskelige temaer\u00bb.<\/p>\n<p class=\"_paragraph_ew2ao_4 _paragraph_xtcu6_10 layout-component text-serif-m layout-normal text-serif-m layout-padded\">I den \u00e5tte episoder lange serien spiller Chastain en forstadsmor og milit\u00e6rveteran som jobber i Anti-Hate Alliance. <\/p>\n<p class=\"_paragraph_ew2ao_4 _paragraph_xtcu6_10 layout-component text-serif-m layout-normal text-serif-m layout-padded\">Der bes\u00f8ker hun i hemmelighet 4Chan-lignende meldingsbrett hvor hun utgir seg for \u00e5 v\u00e6re hvit nasjonalist for \u00e5 lokke frem mulige terrorister.<\/p>\n<p class=\"_paragraph_ew2ao_4 _paragraph_xtcu6_10 layout-component text-serif-m layout-normal text-serif-m layout-padded\">Serien skulle ha hatt premiere fredag 26. september, men Apple TV+ har utsatt den til en hittil ukjent dato etter \u00abn\u00f8ye vurdering\u00bb.<\/p>\n<p class=\"_paragraph_ew2ao_4 _paragraph_xtcu6_10 layout-component text-serif-m layout-normal text-serif-m layout-padded\">Beslutningen kom etter at den konservative politiske aktivisten Charlie Kirk ble skutt og drept. <\/p>\n<p class=\"_paragraph_ew2ao_4 _paragraph_xtcu6_10 layout-component text-serif-m layout-normal text-serif-m layout-padded\">22 \u00e5r gamle Tyler Robinson er <a href=\"https:\/\/www.vg.no\/nyheter\/i\/4BMpGg\/dette-er-bevisene-mot-tyler-robinson\" data-track-element-type=\"Link\" data-track-id=\"link:4BMpGg\" class=\"_link_ew2ao_39\" rel=\"nofollow noopener\" target=\"_blank\">siktet for drapet<\/a>, og p\u00e5talemyndigheten sier tekstmeldinger viser at handlingen var motivert av et \u00f8nske om \u00e5 stoppe Kirks \u00abhat\u00bb.<\/p>\n<p class=\"_paragraph_ew2ao_4 _paragraph_xtcu6_10 layout-component text-serif-m layout-normal text-serif-m layout-padded\">\u2013 \u00abThe Savant\u00bb handler om heltene som jobber hver dag for \u00e5 stoppe vold f\u00f8r det skjer, og \u00e5 hedre deres mot f\u00f8les mer presserende enn noensinne, skrev Chastain.<\/p>\n<p class=\"_paragraph_ew2ao_4 _paragraph_xtcu6_10 layout-component text-serif-m layout-normal text-serif-m layout-padded\">Hun viste til flere politiske voldshendelser i USA de siste \u00e5rene, inkludert plottet om \u00e5 kidnappe Michigan-guvern\u00f8r Gretchen Whitmer og attentatet p\u00e5 Donald Trump under valgkampen.<\/p>\n<p class=\"_paragraph_ew2ao_4 _paragraph_xtcu6_10 layout-component text-serif-m layout-normal text-serif-m layout-padded\"><strong class=\"_strong_ew2ao_25\">Se video: \u2013\u2060\u00a0Hater det virkeli<\/strong>g<\/p>\n","protected":false},"excerpt":{"rendered":"Hollywood-stjernen mener TV-serien \u00abThe Savant\u00bb er mer relevant enn noensinne. Foto: Evan Agostini \/ AP Oppdatert torsdag 25.&hellip;\n","protected":false},"author":2,"featured_media":44612,"comment_status":"","ping_status":"","sticky":false,"template":"","format":"standard","meta":{"footnotes":""},"categories":[58],"tags":[5623,5133,71,80,6874,30,28,29,72],"class_list":{"0":"post-44611","1":"post","2":"type-post","3":"status-publish","4":"format-standard","5":"has-post-thumbnail","7":"category-underholdning","8":"tag-apple-tv","9":"tag-drapet-pa-charlie-kirk","10":"tag-entertainment","11":"tag-hollywood","12":"tag-jessica-chastain","13":"tag-no","14":"tag-norge","15":"tag-norway","16":"tag-underholdning"},"share_on_mastodon":{"url":"","error":""},"_links":{"self":[{"href":"https:\/\/www.europesays.com\/no\/wp-json\/wp\/v2\/posts\/44611","targetHints":{"allow":["GET"]}}],"collection":[{"href":"https:\/\/www.europesays.com\/no\/wp-json\/wp\/v2\/posts"}],"about":[{"href":"https:\/\/www.europesays.com\/no\/wp-json\/wp\/v2\/types\/post"}],"author":[{"embeddable":true,"href":"https:\/\/www.europesays.com\/no\/wp-json\/wp\/v2\/users\/2"}],"replies":[{"embeddable":true,"href":"https:\/\/www.europesays.com\/no\/wp-json\/wp\/v2\/comments?post=44611"}],"version-history":[{"count":0,"href":"https:\/\/www.europesays.com\/no\/wp-json\/wp\/v2\/posts\/44611\/revisions"}],"wp:featuredmedia":[{"embeddable":true,"href":"https:\/\/www.europesays.com\/no\/wp-json\/wp\/v2\/media\/44612"}],"wp:attachment":[{"href":"https:\/\/www.europesays.com\/no\/wp-json\/wp\/v2\/media?parent=44611"}],"wp:term":[{"taxonomy":"category","embeddable":true,"href":"https:\/\/www.europesays.com\/no\/wp-json\/wp\/v2\/categories?post=44611"},{"taxonomy":"post_tag","embeddable":true,"href":"https:\/\/www.europesays.com\/no\/wp-json\/wp\/v2\/tags?post=44611"}],"curies":[{"name":"wp","href":"https:\/\/api.w.org\/{rel}","templated":true}]}}