{"id":44621,"date":"2025-09-25T09:48:11","date_gmt":"2025-09-25T09:48:11","guid":{"rendered":"https:\/\/www.europesays.com\/no\/44621\/"},"modified":"2025-09-25T09:48:11","modified_gmt":"2025-09-25T09:48:11","slug":"jonas-oftebro-fra-legeambisjoner-til-skuespillerstjerne","status":"publish","type":"post","link":"https:\/\/www.europesays.com\/no\/44621\/","title":{"rendered":"Jonas Oftebro: Fra legeambisjoner til skuespillerstjerne."},"content":{"rendered":"<p class=\"kicker \" style=\"\">Jonas Oftebro:\u00a0<\/p>\n<p>  Jonas Oftebro har mange \u00e5 takke for at han ble skuespiller &#8211; ikke minst samboeren.\u00a0<\/p>\n<p>\n    SKUESPILLER: \u00c5 st\u00e5 p\u00e5 scenen ligger i blodet til Jonas Oftebro, og helt siden barndommen har han v\u00e6rt \u00e5 se p\u00e5 norske TV-skjermer. Her p\u00e5 premiere med samboer Henriette. Foto: Andreas Fadum \/ Se og H\u00f8r\n  <\/p>\n<p> At Jonas Oftebro (29) en stund vurderte \u00e5 bli lege, er det ikke alle som vet. Han er s\u00f8nn av Nils Ole Oftebro (80) og Anette Hoff (62), to av Norges mest kjente skuespillere.\u00a0<\/p>\n<p>    <a itemprop=\"url\" href=\"https:\/\/www.seher.no\/kjendis\/klaebo-havnet-pa-sykehus-i-usa\/83635399\" rel=\"nofollow noopener\" target=\"_blank\"><\/p>\n<p>      <img loading=\"lazy\" decoding=\"async\" src=\"https:\/\/www.europesays.com\/no\/wp-content\/uploads\/2025\/09\/83635329.webp\" width=\"980\" height=\"441\" title=\"Kl\u00e6bo havnet p\u00e5 sykehus i USA\" alt=\"\" class=\"lazyload\" style=\"--aspect-ratio-image: 2.22; \"\/><\/p>\n<p>        Kl\u00e6bo havnet p\u00e5 sykehus i USA<\/p>\n<p>    <\/a><\/p>\n<p> Til tross for usikkerhet rundt veien videre, har han likevel fulgt i familiens fotspor og bygget seg en solid karriere p\u00e5 film, TV og teater. <\/p>\n<p>Han spiller i storfilmen \u00abBl\u00fccher\u00bb, st\u00e5r p\u00e5 scenen i forestillingen \u00abMacbeth\u00bb og dukker opp i Prime Videos nye dramaserie \u00abI kj\u00e6rlighetens navn\u00bb, sammen med storebror Jakob Oftebro (39).<\/p>\n<p>          <img loading=\"lazy\" decoding=\"async\" src=\"https:\/\/www.europesays.com\/no\/wp-content\/uploads\/2025\/09\/83635857.webp\" width=\"686\" height=\"488\" title=\"SAMLET P\u00c5 SCENEN: P\u00e5 Folketeateret spiller Jonas i \u00abLang dags ferd mot natt\u00bb denne h\u00f8sten, sammen med mor Anette Hoff, halvbror Jakob Oftebro og far Nils Ole Oftebro. Her fra premieren i januar. FOTO: Tore Skaar\/ Se og H\u00f8r\" alt=\"\" class=\"\" style=\"--aspect-ratio-image: 1.41; \"\/><\/p>\n<p>\n          SAMLET P\u00c5 SCENEN: P\u00e5 Folketeateret spiller Jonas i \u00abLang dags ferd mot natt\u00bb denne h\u00f8sten, sammen med mor Anette Hoff, halvbror Jakob Oftebro og far Nils Ole Oftebro. Her fra premieren i januar. FOTO: Tore Skaar\/ Se og H\u00f8r\n      <\/p>\n<p>Skuespillertalentet ligger tydelig i blodet. Likevel var det ikke gitt at Jonas skulle f\u00f8lge i foreldrenes og brorens fotspor.\u00a0<\/p>\n<p>I lang tid vurderte han medisinstudiet, men tilfeldigheter f\u00f8rte ham inn p\u00e5 Teaterh\u00f8gskolen forteller han i et st\u00f8rre intervju med <a href=\"https:\/\/www.klikk.no\/underholdning\/jonas-oftebro-henriette-har-vaert-avgjorende-7561510\" rel=\"nofollow noopener\" target=\"_blank\">Klikk<\/a>.<\/p>\n<p>          <img loading=\"lazy\" decoding=\"async\" src=\"https:\/\/www.europesays.com\/no\/wp-content\/uploads\/2025\/09\/83635867.webp\" width=\"686\" height=\"460\" title=\"OLSENBANDEN: Fridtjof Tangen (Benny, t.v.), Thomas Stene-Johansen (Egon, t.h.) og Jonas Hoff Oftebro (Kjell) utgjorde supertrioen i filmen \u00abOlsenbanden - Mestertyvens skatt\u00bb. Foto: Vidar Ruud \/ ANB \/ All Over Press\" alt=\"\" class=\"\" style=\"--aspect-ratio-image: 1.49; \"\/><\/p>\n<p>\n          OLSENBANDEN: Fridtjof Tangen (Benny, t.v.), Thomas Stene-Johansen (Egon, t.h.) og Jonas Hoff Oftebro (Kjell) utgjorde supertrioen i filmen \u00abOlsenbanden &#8211; Mestertyvens skatt\u00bb. Foto: Vidar Ruud \/ ANB \/ All Over Press\n      <\/p>\n<p>N\u00e5r han blir spurt om hva som har v\u00e6rt avgj\u00f8rende for at han har tro p\u00e5 seg selv, er svaret klart:\u00a0<\/p>\n<p>    <a itemprop=\"url\" href=\"https:\/\/www.seher.no\/kjendis\/derfor-forsvant-hun\/83632244\" rel=\"nofollow noopener\" target=\"_blank\"><\/p>\n<p>      <img loading=\"lazy\" decoding=\"async\" src=\"https:\/\/www.europesays.com\/no\/wp-content\/uploads\/2025\/09\/1758793690_393_83629781.webp\" width=\"980\" height=\"441\" title=\"Forsvunnet i seks \u00e5r\" alt=\"\" class=\"lazyload\" style=\"--aspect-ratio-image: 2.22; \"\/><\/p>\n<p>        Forsvunnet i seks \u00e5r<\/p>\n<p>    <\/a><\/p>\n<p>&#8211; Det er utvilsomt hjelpen og st\u00f8tten jeg har f\u00e5tt fra familien, venner og Teaterh\u00f8gskolen. Ikke minst har jeg en kjempefin kj\u00e6reste. \u00c5 ha henne p\u00e5 hjemmebane har v\u00e6rt helt avgj\u00f8rende, sier han i intervjuet.\u00a0<\/p>\n<p class=\"font-weight-bold m-font-weight-bold\" data-lab-font_weight=\"font-weight-bold\">Jonas og samboeren Henriette Marvik Berg (29) m\u00f8ttes f\u00f8rste gang p\u00e5 videreg\u00e5ende.\u00a0<\/p>\n<p>          <img loading=\"lazy\" decoding=\"async\" src=\"https:\/\/www.europesays.com\/no\/wp-content\/uploads\/2025\/09\/83635815.webp\" width=\"686\" height=\"899\" title=\"KJ\u00c6RESTER: Jonas Oftebro og kj\u00e6resten Henriette Marvik Berg p\u00e5 premieren av \u00abBook of Mormom\u00bb 3. september. Foto: Andreas Fadum\" alt=\"\" class=\"\" style=\"--aspect-ratio-image: 0.76; \"\/><\/p>\n<p>\n          KJ\u00c6RESTER: Jonas Oftebro og kj\u00e6resten Henriette Marvik Berg p\u00e5 premieren av \u00abBook of Mormom\u00bb 3. september. Foto: Andreas Fadum\n      <\/p>\n<p>Den gang ble det ikke noe mer enn vennskap, men fem \u00e5r senere tok Jonas mot til seg og sendte henne en melding, og paret fant tonen.<\/p>\n<p>        DANSEFEBER: Etter fylkesturen til buskerud, blir kronprinsen spurt om en helt spesiell reality-deltagelse. Video: H\u00e5vard Bj\u00f8rnerem \/ Reporter: Caroline Vagle \/ H\u00e5vard Bj\u00f8rnerem<\/p>\n<p> Henriette, som jobber som journalist i Aftenposten, beskriver forholdet deres som b\u00e5de kreativt og givende. <\/p>\n<p>&#8211; Jeg elsker \u00e5 leve med en kunstnersjel som Jonas, og vi er kreative begge to, b\u00e5de privat og i jobb. S\u00e5 det kunne ikke v\u00e6rt bedre, forteller hun i intervjuet.<\/p>\n<p>          <img loading=\"lazy\" decoding=\"async\" src=\"https:\/\/www.europesays.com\/no\/wp-content\/uploads\/2025\/09\/83635910.webp\" width=\"686\" height=\"721\" title=\"FAR OG S\u00d8NN: Jonas avbildet med pappa, skuespillerlegenden Nils Ole Oftebro. Foto: Tore Skaar\" alt=\"\" class=\"\" style=\"--aspect-ratio-image: 0.95; \"\/><\/p>\n<p>\n          FAR OG S\u00d8NN: Jonas avbildet med pappa, skuespillerlegenden Nils Ole Oftebro. Foto: Tore Skaar\n      <\/p>\n<p class=\"font-weight-bold m-font-weight-bold\" data-lab-font_weight=\"font-weight-bold\">At hun ogs\u00e5 har blitt varmt tatt imot i den profilerte skuespillerfamilien, gj\u00f8r ikke situasjonen mindre idyllisk.\u00a0<\/p>\n<p>Foreldrene deres g\u00e5r dessuten godt overens, noe b\u00e5de Jonas og Henriette setter stor pris p\u00e5.\u00a0<\/p>\n<p>Som han selv uttrykker det:\u00a0<\/p>\n<p>&#8211; Man er avhengig av de menneskene og relasjonene man har i livet.\u00a0<\/p>\n<p>          <img loading=\"lazy\" decoding=\"async\" src=\"https:\/\/www.europesays.com\/no\/wp-content\/uploads\/2025\/09\/83636577.webp\" width=\"686\" height=\"590\" title=\"B\u00d8LGEN: Jonas sin f\u00f8rste store rolle i voksen alder var rollen som Sondre i filmen \u00abB\u00f8lgen\u00bb. Foto: NTB\" alt=\"\" class=\"\" style=\"--aspect-ratio-image: 1.16; \"\/><\/p>\n<p>\n          B\u00d8LGEN: Jonas sin f\u00f8rste store rolle i voksen alder var rollen som Sondre i filmen \u00abB\u00f8lgen\u00bb. Foto: NTB\n      <\/p>\n<p>Men det \u00e5<a href=\"http:\/\/www.seher.no\/kjendis\/dr-mmer-om-spille-sammen-med-broren-80191\" rel=\"nofollow noopener\" target=\"_blank\">\u00a0ha et kjent etternavn er ikke bare positivt<\/a>, mener Jonas, som tidligere har forsvart sin rolle i storfilmen \u00abB\u00f8lgen\u00bb fra 2015.<\/p>\n<p>&#8211; <a href=\"https:\/\/www.seher.no\/kjendis\/kan-hende-jeg-blir-lagt-merke-til-pa-grunn-av-etternavnet\/64135084\" rel=\"nofollow noopener\" target=\"_blank\">Det kan hende at jeg blir lagt merke til p\u00e5 grunn av etternavnet mitt<\/a>, men jeg tror ikke noen blir castet til en film som dette p\u00e5 grunn av familietilknytning. Jeg var gjennom mange lange auditionrunder og pr\u00f8vefilminger f\u00f8r jeg fikk rollen, sa han den gang til Dagbladet.<\/p>\n<p>          <img loading=\"lazy\" decoding=\"async\" src=\"https:\/\/www.europesays.com\/no\/wp-content\/uploads\/2025\/09\/83636611.webp\" width=\"686\" height=\"927\" title=\"PROGRAMLEDERE: Kveldens programledere er Jonas Oftebro og Mariann Hole. Foto: Andreas Fadum\" alt=\"\" class=\"\" style=\"--aspect-ratio-image: 0.74; \"\/><\/p>\n<p>\n          PROGRAMLEDERE: Kveldens programledere er Jonas Oftebro og Mariann Hole. Foto: Andreas Fadum\n      <\/p>\n<p> Utenom skuespilleryrket tar Jonas ogs\u00e5 p\u00e5 seg konferansierjobber. Tidligere i \u00e5r ledet han blant annet \u00abCostume Awards\u00bb sammen med skuespillerkollega Mariann Hole (43). <\/p>\n","protected":false},"excerpt":{"rendered":"Jonas Oftebro:\u00a0 Jonas Oftebro har mange \u00e5 takke for at han ble skuespiller &#8211; ikke minst samboeren.\u00a0 SKUESPILLER:&hellip;\n","protected":false},"author":2,"featured_media":44622,"comment_status":"","ping_status":"","sticky":false,"template":"","format":"standard","meta":{"footnotes":""},"categories":[58],"tags":[2715,71,7018,479,2719,30,28,29,72],"class_list":{"0":"post-44621","1":"post","2":"type-post","3":"status-publish","4":"format-standard","5":"has-post-thumbnail","7":"category-underholdning","8":"tag-anette-hoff","9":"tag-entertainment","10":"tag-jakob-oftebro","11":"tag-kjendis","12":"tag-nils-ole-oftebro","13":"tag-no","14":"tag-norge","15":"tag-norway","16":"tag-underholdning"},"share_on_mastodon":{"url":"","error":""},"_links":{"self":[{"href":"https:\/\/www.europesays.com\/no\/wp-json\/wp\/v2\/posts\/44621","targetHints":{"allow":["GET"]}}],"collection":[{"href":"https:\/\/www.europesays.com\/no\/wp-json\/wp\/v2\/posts"}],"about":[{"href":"https:\/\/www.europesays.com\/no\/wp-json\/wp\/v2\/types\/post"}],"author":[{"embeddable":true,"href":"https:\/\/www.europesays.com\/no\/wp-json\/wp\/v2\/users\/2"}],"replies":[{"embeddable":true,"href":"https:\/\/www.europesays.com\/no\/wp-json\/wp\/v2\/comments?post=44621"}],"version-history":[{"count":0,"href":"https:\/\/www.europesays.com\/no\/wp-json\/wp\/v2\/posts\/44621\/revisions"}],"wp:featuredmedia":[{"embeddable":true,"href":"https:\/\/www.europesays.com\/no\/wp-json\/wp\/v2\/media\/44622"}],"wp:attachment":[{"href":"https:\/\/www.europesays.com\/no\/wp-json\/wp\/v2\/media?parent=44621"}],"wp:term":[{"taxonomy":"category","embeddable":true,"href":"https:\/\/www.europesays.com\/no\/wp-json\/wp\/v2\/categories?post=44621"},{"taxonomy":"post_tag","embeddable":true,"href":"https:\/\/www.europesays.com\/no\/wp-json\/wp\/v2\/tags?post=44621"}],"curies":[{"name":"wp","href":"https:\/\/api.w.org\/{rel}","templated":true}]}}