{"id":44823,"date":"2025-09-25T12:50:14","date_gmt":"2025-09-25T12:50:14","guid":{"rendered":"https:\/\/www.europesays.com\/no\/44823\/"},"modified":"2025-09-25T12:50:14","modified_gmt":"2025-09-25T12:50:14","slug":"michael-jacksons-dodsbo-saksokt-for-4-milliarder","status":"publish","type":"post","link":"https:\/\/www.europesays.com\/no\/44823\/","title":{"rendered":"Michael Jacksons d\u00f8dsbo saks\u00f8kt for 4 milliarder"},"content":{"rendered":"<p class=\"kicker \" style=\"\">Michael Jackson:\u00a0<\/p>\n<p>  To menn &#8211; som var sm\u00e5gutter da overgrepene skal ha skjedd &#8211; krever gigantsum fra Jacksons d\u00f8dsbo.\u00a0<\/p>\n<p>\n    NYE OPPLYSNINGER: Det er full strid rundt d\u00f8dsboet til Michael Jackson, 16 \u00e5r etter hans d\u00f8d. Foto: Aaron Lambert\/ AP\/ NTB\n  <\/p>\n<p>16 \u00e5r etter Michael Jacksons d\u00f8dsfall kommer det frem at Wade Robson og James Safechuck krever 400 millioner dollar &#8211; omtrent 4 milliarder kroner &#8211; fra d\u00f8dsboet til popkongen.\u00a0<\/p>\n<p>    <a itemprop=\"url\" href=\"https:\/\/www.seher.no\/kjendis\/gar-alle-pa-nervene\/83632124\" rel=\"nofollow noopener\" target=\"_blank\"><\/p>\n<p>      <img loading=\"lazy\" decoding=\"async\" src=\"https:\/\/www.europesays.com\/no\/wp-content\/uploads\/2025\/09\/1758804613_822_83641034.webp\" width=\"147\" height=\"98\" title=\"- Mamma g\u00e5r alle p\u00e5 nervene\" alt=\"\" class=\"lazyload\" style=\"--aspect-ratio-image: 1.50; \"\/><\/p>\n<p>        &#8211; Mamma g\u00e5r alle p\u00e5 nervene<\/p>\n<p>    <\/a><\/p>\n<p>Bakgrunnen for erstatningskravet er at de to mennene hevder de ble seksuelt misbrukt av Jackson som barn. N\u00e5 har Robson og Safechuck saks\u00f8kt Jacksons selskaper MJJ Productions og MJJ Ventures.<\/p>\n<p>Opplysningene kommer frem i rettsdokumenter fra 15. september i \u00e5r, som flere medier har gjengitt. Blant andre <a href=\"https:\/\/www.tmz.com\/2025\/09\/24\/michael-jackson-accusers-demand-money\/\" target=\"_blank\" rel=\"nofollow noopener\">TMZ<\/a> og <a href=\"https:\/\/www.usmagazine.com\/celebrity-news\/news\/michael-jacksons-accusers-demand-9-figure-sum-over-alleged-abuse-excl\/\" target=\"_blank\" rel=\"nofollow noopener\">US Weekly<\/a>.\u00a0\u00a0<\/p>\n<p>          <img loading=\"lazy\" decoding=\"async\" src=\"https:\/\/www.europesays.com\/no\/wp-content\/uploads\/2025\/09\/83640908.webp\" width=\"686\" height=\"481\" title=\"KREVER: Wade Robson (t.v) og James Safechuck (t.h) krever 400 millioner dollar. Foto: Taylor Jewell\/ Invision\/ AP\/ NTB\" alt=\"\" class=\"\" style=\"--aspect-ratio-image: 1.43; \"\/><\/p>\n<p>\n          KREVER: Wade Robson (t.v) og James Safechuck (t.h) krever 400 millioner dollar. Foto: Taylor Jewell\/ Invision\/ AP\/ NTB\n      <\/p>\n<p> <a href=\"https:\/\/www.seher.no\/kjendis\/strid-om-dodsboet\/83338877\" target=\"_blank\" rel=\"nofollow noopener\">Dokumentene handler om en tvist<\/a> mellom d\u00f8dsboet og Michaels datter, Paris Jackson, om betaling av advokathonorarer. <\/p>\n<p>          <img loading=\"lazy\" decoding=\"async\" src=\"https:\/\/www.europesays.com\/no\/wp-content\/uploads\/2025\/09\/83642632.webp\" width=\"686\" height=\"529\" title=\"KLEDD OPP: Wade Robson med Michael Jackson. Guttungen er kledd opp for \u00e5 ligne p\u00e5 sitt idol. Foto: Privat\" alt=\"\" class=\"\" style=\"--aspect-ratio-image: 1.30; \"\/><\/p>\n<p>\n          KLEDD OPP: Wade Robson med Michael Jackson. Guttungen er kledd opp for \u00e5 ligne p\u00e5 sitt idol. Foto: Privat\n      <\/p>\n<p>John Branca og John McClain, som styrer Jackson-d\u00f8dsboet, forklarer at de har brukt betydelige summer p\u00e5 advokater for \u00e5 forsvare d\u00f8dsboet mot s\u00f8ksm\u00e5let fra Robson og Safechuck.<\/p>\n<p>          <img loading=\"lazy\" decoding=\"async\" src=\"https:\/\/www.europesays.com\/no\/wp-content\/uploads\/2025\/09\/83640924.webp\" width=\"686\" height=\"392\" title=\"DATTEREN: Paris Jackson, datteren til Michael Jackson, var bare elleve \u00e5r da faren d\u00f8de. Foto: Mickael Chavet\/ Shutterstock\/ NTB\" alt=\"\" class=\"\" style=\"--aspect-ratio-image: 1.75; \"\/><\/p>\n<p>\n          DATTEREN: Paris Jackson, datteren til Michael Jackson, var bare elleve \u00e5r da faren d\u00f8de. Foto: Mickael Chavet\/ Shutterstock\/ NTB\n      <\/p>\n<p>Forvalterne hevder at dersom retten gir Paris Jackson medhold i hennes krav om \u00e5 begrense advokatkostnadene, vil det f\u00e5 konsekvenser for d\u00f8dsboet.<\/p>\n<p>          <img loading=\"lazy\" decoding=\"async\" src=\"https:\/\/www.europesays.com\/no\/wp-content\/uploads\/2025\/09\/83642623.webp\" width=\"980\" height=\"559\" title=\"BLID: James Safechuck hilser fotografene mens han og Michael Jackson forlater Mayfair Hotel i London i 1988. Foto: NTB\" alt=\"\" class=\"\" style=\"--aspect-ratio-image: 1.75; \"\/><\/p>\n<p>\n          BLID: James Safechuck hilser fotografene mens han og Michael Jackson forlater Mayfair Hotel i London i 1988. Foto: NTB\n      <\/p>\n<p>&#8211; Hvis advokatene ikke blir betalt, kan det bli \u00f8deleggende og muligens tvinge oss til \u00e5 tape saken mot Robson og Safechuck, heter det fra de ferske dokumentene.<\/p>\n<p>        SJOKKERER: Musikklegenden Ronan Keating sjokkerer meddommere og publikum da han br\u00e5tt avbryter \u00abThe Voice\u00bb-innspillingen og forlater salen. Video: \u00abThe Voice Australia\u00bb\/ Youtube\/ @thevoiceaustralia\/ R\u00f8d L\u00f8per<\/p>\n<p>Safechuck hevder at han m\u00f8tte popstjernen under innspilling av en Pepsi-reklame i 1986 da han var 10 \u00e5r gammel. Han p\u00e5st\u00e5r at Jackson inviterte ham til \u00e5 henge sammen noen m\u00e5neder senere, og at de ble n\u00e6re venner.<\/p>\n<p>    <a itemprop=\"url\" href=\"https:\/\/www.seher.no\/kjendis\/klar-beskjed-etter-bruddet\/83637955\" rel=\"nofollow noopener\" target=\"_blank\"><\/p>\n<p>      <img loading=\"lazy\" decoding=\"async\" src=\"https:\/\/www.europesays.com\/no\/wp-content\/uploads\/2025\/09\/83638948.webp\" width=\"147\" height=\"98\" title=\"Klar beskjed etter bruddet\" alt=\"\" class=\"lazyload\" style=\"--aspect-ratio-image: 1.50; \"\/><\/p>\n<p>        Klar beskjed etter bruddet<\/p>\n<p>    <\/a><\/p>\n<p>Robson kommer med lignende anklager og sier de seksuelle overgrepene startet da han var syv \u00e5r og fortsatte i mange \u00e5r.<\/p>\n<p>Jackson m\u00f8tte lignende anklager mens han levde, men ble aldri d\u00f8mt for noen forbrytelse. Robson og Safechuck fortalte om sine p\u00e5st\u00e5tte opplevelser i HBO-dokumentaren \u00abLeaving Neverland\u00bb fra 2019.<\/p>\n","protected":false},"excerpt":{"rendered":"Michael Jackson:\u00a0 To menn &#8211; som var sm\u00e5gutter da overgrepene skal ha skjedd &#8211; krever gigantsum fra Jacksons&hellip;\n","protected":false},"author":2,"featured_media":44824,"comment_status":"","ping_status":"","sticky":false,"template":"","format":"standard","meta":{"footnotes":""},"categories":[58],"tags":[71,479,2543,3331,30,28,29,7038,72],"class_list":{"0":"post-44823","1":"post","2":"type-post","3":"status-publish","4":"format-standard","5":"has-post-thumbnail","7":"category-underholdning","8":"tag-entertainment","9":"tag-kjendis","10":"tag-kjendisdesken","11":"tag-michael-jackson","12":"tag-no","13":"tag-norge","14":"tag-norway","15":"tag-paris-jackson","16":"tag-underholdning"},"share_on_mastodon":{"url":"","error":""},"_links":{"self":[{"href":"https:\/\/www.europesays.com\/no\/wp-json\/wp\/v2\/posts\/44823","targetHints":{"allow":["GET"]}}],"collection":[{"href":"https:\/\/www.europesays.com\/no\/wp-json\/wp\/v2\/posts"}],"about":[{"href":"https:\/\/www.europesays.com\/no\/wp-json\/wp\/v2\/types\/post"}],"author":[{"embeddable":true,"href":"https:\/\/www.europesays.com\/no\/wp-json\/wp\/v2\/users\/2"}],"replies":[{"embeddable":true,"href":"https:\/\/www.europesays.com\/no\/wp-json\/wp\/v2\/comments?post=44823"}],"version-history":[{"count":0,"href":"https:\/\/www.europesays.com\/no\/wp-json\/wp\/v2\/posts\/44823\/revisions"}],"wp:featuredmedia":[{"embeddable":true,"href":"https:\/\/www.europesays.com\/no\/wp-json\/wp\/v2\/media\/44824"}],"wp:attachment":[{"href":"https:\/\/www.europesays.com\/no\/wp-json\/wp\/v2\/media?parent=44823"}],"wp:term":[{"taxonomy":"category","embeddable":true,"href":"https:\/\/www.europesays.com\/no\/wp-json\/wp\/v2\/categories?post=44823"},{"taxonomy":"post_tag","embeddable":true,"href":"https:\/\/www.europesays.com\/no\/wp-json\/wp\/v2\/tags?post=44823"}],"curies":[{"name":"wp","href":"https:\/\/api.w.org\/{rel}","templated":true}]}}