{"id":44886,"date":"2025-09-25T14:24:08","date_gmt":"2025-09-25T14:24:08","guid":{"rendered":"https:\/\/www.europesays.com\/no\/44886\/"},"modified":"2025-09-25T14:24:08","modified_gmt":"2025-09-25T14:24:08","slug":"tyskland-russland-skygger-satellitter","status":"publish","type":"post","link":"https:\/\/www.europesays.com\/no\/44886\/","title":{"rendered":"Tyskland: &#8211; Russland skygger satellitter"},"content":{"rendered":"<p>&#8211; Det er tydelig at forstyrrelsene p\u00e5 de danske flyplassene er en iscenesatt provokasjon.\u00a0<\/p>\n<p>Det sier den russiske ambassaden i en uttalelse om droneaktiviteten i Danmark natt til torsdag. Da ble fire danske flyplasser overfl\u00f8yet av droner, deriblant to milit\u00e6re flyplasser. <\/p>\n<p>Danmark har s\u00e5 langt ikke offentlig pekt p\u00e5 noen ansvarlige, men har uttalt at de jobber ut fra en teori om at det ikke dreier seg om en privatperson, men heller en \u00abprofesjonell akt\u00f8r\u00bb.\u00a0<\/p>\n<p>    <a itemprop=\"url\" href=\"https:\/\/www.dagbladet.no\/nyheter\/raser-ma-vakne-opp\/83640712\" rel=\"nofollow noopener\" target=\"_blank\"><\/p>\n<p>      <img loading=\"lazy\" decoding=\"async\" src=\"https:\/\/www.europesays.com\/no\/wp-content\/uploads\/2025\/09\/83640741.webp\" width=\"980\" height=\"441\" title=\"Raser: - M\u00e5 v\u00e5kne opp\" alt=\"\" class=\"\" style=\"--aspect-ratio-image: 2.22; \"\/><\/p>\n<p>        Raser: &#8211; M\u00e5 v\u00e5kne opp<\/p>\n<p>    <\/a><\/p>\n<p>&#8211; P\u00e5skudd for eskalering<\/p>\n<p>If\u00f8lge Russlands ambassade vil hendelsene utvilsomt \u00abbli brukt som p\u00e5skudd\u00bb for \u00e5 eskalere spenningene.\u00a0<\/p>\n<p>&#8211; Det vil uten tvil bli brukt som p\u00e5skudd for ytterligere \u00e5 eskalere spenningene til fordel for krefter som med alle midler s\u00f8ker \u00e5 forlenge den ukrainske konflikten og utvide den til andre land. Den russiske side avviser bestemt de absurde spekulasjonene om involvering i hendelsene, siterer Jyllands-Posten, som har f\u00e5tt et skriftlig svar fra ambassaden. <\/p>\n<p>        STENGT: 100 fly ble innstilt og forsinket etter at flere droner ble observert rundt K\u00f8benhavn lufthavn mandag kveld. En video publisert i sosiale medier skal vise en av dronene som f\u00f8rte til stengingen. <\/p>\n<p>Tysklands forsvarsminister, Boris Pistorius, har p\u00e5 sin side v\u00e6rt klar i sin tale om hvem han mistenker for \u00e5 st\u00e5 bak:\u00a0<\/p>\n<p>&#8211; Mistanken er \u00e5penlys: Dett er en del av Vladimir Putins strategi, uten at vi som sagt kan si noe konkret i denne saken, sier han if\u00f8lge Reuters.\u00a0<\/p>\n<p>Den russiske ambassaden avviste ogs\u00e5 at Russland sto bak droneaktiviteten ved Danmarks hovedflyplass, Kastrup, p\u00e5 mandag.<\/p>\n<p>    <a itemprop=\"url\" href=\"https:\/\/www.dagbladet.no\/nyheter\/storaksjon-etter-flere-droneobservasjoner\/83639869\" rel=\"nofollow noopener\" target=\"_blank\"><\/p>\n<p>      <img loading=\"lazy\" decoding=\"async\" src=\"https:\/\/www.europesays.com\/no\/wp-content\/uploads\/2025\/09\/1758810248_962_83639875.webp\" width=\"980\" height=\"441\" title=\"Storaksjon etter flere droneobservasjoner\" alt=\"\" class=\"lazyload\" style=\"--aspect-ratio-image: 2.22; \"\/><\/p>\n<p>        Storaksjon etter flere droneobservasjoner<\/p>\n<p>    <\/a><\/p>\n<p>&#8211; Tar situasjonen p\u00e5 alvor<\/p>\n<p>I en uttalelse sier Danmarks statsminister Mette Frederiksen at hun har v\u00e6rt i samtaler med Natos generalsekret\u00e6r Mark Rutte om den alvorlige dronesituasjonen over danske flyplasser.<\/p>\n<p>If\u00f8lge Frederiksen har de to blitt enge om at Nato skal jobbe sammen med Danmark for \u00e5 finne ut av hvordan de i fellesskap kan s\u00f8rge for trygghet og sikkerhet.<\/p>\n<p>Det samme budskapet kommer fra Rutte selv, som ogs\u00e5 sier de tar situasjonen p\u00e5 stort alvor.<\/p>\n<p>&#8211; Nato-allierte og Danmark jobber sammen om hvordan vi kan sikre trygghet og sikkerhet for v\u00e5r kritiske infrastruktur, skriver Rutte p\u00e5\u00a0<a href=\"https:\/\/x.com\/SecGenNATO\/status\/1971180425893773330\" target=\"_blank\" rel=\"nofollow\">X<\/a>. \u00a0<\/p>\n<p>Enig med Trump<\/p>\n<p>President Donald Trump sa tirsdag at Nato-land b\u00f8r skyte ned russiske fly, dersom de krenker luftrommet.\u00a0<\/p>\n<p>I et intervju p\u00e5 Fox News torsdag, sier Rutte seg enig med presidenten.\u00a0<\/p>\n<p>&#8211; Hvis det trengs. S\u00e5 jeg er helt enig med president Trump her: Hvis det trengs, sier Rutte.\u00a0<\/p>\n<p>Han legger til at Nato-styrker er trent til \u00e5 adressere slike trusler, og p\u00e5 \u00e5 avgj\u00f8re om russiske fly kan eskorteres ut av luftrommet eller om det er behov for ytterligere tiltak.\u00a0<\/p>\n","protected":false},"excerpt":{"rendered":"&#8211; Det er tydelig at forstyrrelsene p\u00e5 de danske flyplassene er en iscenesatt provokasjon.\u00a0 Det sier den russiske&hellip;\n","protected":false},"author":2,"featured_media":44887,"comment_status":"","ping_status":"","sticky":false,"template":"","format":"standard","meta":{"footnotes":""},"categories":[12],"tags":[20,21,24,25,15,22,23,13,30,28,29,14,16,188,7045,26,27,175,412,42,43,44,45],"class_list":{"0":"post-44886","1":"post","2":"type-post","3":"status-publish","4":"format-standard","5":"has-post-thumbnail","7":"category-verden","8":"tag-breaking-news","9":"tag-breakingnews","10":"tag-featured-news","11":"tag-featurednews","12":"tag-headlines","13":"tag-latest-news","14":"tag-latestnews","15":"tag-news","16":"tag-no","17":"tag-norge","18":"tag-norway","19":"tag-nyheter","20":"tag-overskrifter","21":"tag-russland","22":"tag-satellitt","23":"tag-top-stories","24":"tag-topstories","25":"tag-tyskland","26":"tag-utenriks","27":"tag-verden","28":"tag-world","29":"tag-world-news","30":"tag-worldnews"},"share_on_mastodon":{"url":"","error":""},"_links":{"self":[{"href":"https:\/\/www.europesays.com\/no\/wp-json\/wp\/v2\/posts\/44886","targetHints":{"allow":["GET"]}}],"collection":[{"href":"https:\/\/www.europesays.com\/no\/wp-json\/wp\/v2\/posts"}],"about":[{"href":"https:\/\/www.europesays.com\/no\/wp-json\/wp\/v2\/types\/post"}],"author":[{"embeddable":true,"href":"https:\/\/www.europesays.com\/no\/wp-json\/wp\/v2\/users\/2"}],"replies":[{"embeddable":true,"href":"https:\/\/www.europesays.com\/no\/wp-json\/wp\/v2\/comments?post=44886"}],"version-history":[{"count":0,"href":"https:\/\/www.europesays.com\/no\/wp-json\/wp\/v2\/posts\/44886\/revisions"}],"wp:featuredmedia":[{"embeddable":true,"href":"https:\/\/www.europesays.com\/no\/wp-json\/wp\/v2\/media\/44887"}],"wp:attachment":[{"href":"https:\/\/www.europesays.com\/no\/wp-json\/wp\/v2\/media?parent=44886"}],"wp:term":[{"taxonomy":"category","embeddable":true,"href":"https:\/\/www.europesays.com\/no\/wp-json\/wp\/v2\/categories?post=44886"},{"taxonomy":"post_tag","embeddable":true,"href":"https:\/\/www.europesays.com\/no\/wp-json\/wp\/v2\/tags?post=44886"}],"curies":[{"name":"wp","href":"https:\/\/api.w.org\/{rel}","templated":true}]}}