{"id":44977,"date":"2025-09-25T15:59:43","date_gmt":"2025-09-25T15:59:43","guid":{"rendered":"https:\/\/www.europesays.com\/no\/44977\/"},"modified":"2025-09-25T15:59:43","modified_gmt":"2025-09-25T15:59:43","slug":"disse-fargene-passer-til-ditt-stjernetegn","status":"publish","type":"post","link":"https:\/\/www.europesays.com\/no\/44977\/","title":{"rendered":"Disse fargene passer til ditt stjernetegn"},"content":{"rendered":"<p class=\"kicker \" style=\"\">Stjernetegn:\u00a0<\/p>\n<p>  Vi kikker mot stjernene og lar astrologien vise veien til den perfekte fargepaletten for hvert stjernetegn.<\/p>\n<p>\n    STJERNETEGN: Disse fargen kler deg, utifra stjernetegnet ditt. FOTO: NTB\n  <\/p>\n<p>For oss som bor i Norden, hvor kl\u00e6rne gjerne b\u00f8r v\u00e6re b\u00e5de praktiske, v\u00e6rbestandige\u00a0og\u00a0fine, blir det kanskje gjerne til at fargepalletten holder seg p\u00e5 den m\u00f8rke enden av skalaen. Er det overvekt av svart, gr\u00e5tt og beige i skapet hjemme, eller? Du er nok ikke alene!<\/p>\n<p>Likevel, farger er aldri feil &#8211;<a href=\"https:\/\/www.kk.no\/mote\/denne-fargetrenden-herjer-na\/83448401\" rel=\"nofollow noopener\" target=\"_blank\"> og akkurat n\u00e5 finnes det kanskje ekstra mye inspirasjon \u00e5 finne i motebildet<\/a>.<\/p>\n<p>Men hvilken farge kler deg best? If\u00f8lge astrologen kan stjernetegnet si deg noe om hvilke farger du kler. Hent inspirasjon her:\u00a0<\/p>\n<p>    <a itemprop=\"url\" href=\"https:\/\/www.kk.no\/mote\/spas-til-a-bli-varens-hotteste-farge\/82815802\" rel=\"nofollow noopener\" target=\"_blank\"><\/p>\n<p>      <img loading=\"lazy\" decoding=\"async\" src=\"https:\/\/www.europesays.com\/no\/wp-content\/uploads\/2025\/09\/82818601.webp\" width=\"980\" height=\"441\" title=\"Sp\u00e5s til \u00e5 bli v\u00e5rens hotteste farge\" alt=\"\" class=\"lazyload\" style=\"--aspect-ratio-image: 2.22; \"\/><\/p>\n<p>        Sp\u00e5s til \u00e5 bli v\u00e5rens hotteste farge<\/p>\n<p>    <\/a><\/p>\n<p>Steinbukken (22. desember \u2013 19. januar)\t<\/p>\n<p>Farger: Brun, oker og gr\u00e5.<\/p>\n<p>Jordn\u00e6re nyanser som brun, oker og gr\u00e5 speiler din stabilitet, arbeidsmoral og visdom. Disse fargene fremhever din p\u00e5litelighet og gir deg en rolig, profesjonell utstr\u00e5ling.<\/p>\n<p>    <a itemprop=\"url\" href=\"https:\/\/www.kk.no\/mote\/er-det-en-farge-du-bor-ga-for-i-host-sa-er-det-denne\/83536686\" rel=\"nofollow noopener\" target=\"_blank\"><\/p>\n<p>      <img loading=\"lazy\" decoding=\"async\" src=\"https:\/\/www.europesays.com\/no\/wp-content\/uploads\/2025\/09\/1758815971_367_83536867.webp\" width=\"980\" height=\"441\" title=\"Er det \u00e9n farge du b\u00f8r g\u00e5 for i h\u00f8st, s\u00e5 er det denne\" alt=\"\" class=\"lazyload\" style=\"--aspect-ratio-image: 2.22; \"\/><\/p>\n<p>        Er det \u00e9n farge du b\u00f8r g\u00e5 for i h\u00f8st, s\u00e5 er det denne<\/p>\n<p>    <\/a><\/p>\n<p>Vannmannen (20. januar \u2013 18. februar)\t<\/p>\n<p>Farger: Bl\u00e5 og gr\u00f8nn.<\/p>\n<p>Tenk p\u00e5 havet \u2013 der har du din perfekte fargepalett. Friske og levende bl\u00e5toner, kombinert med sj\u00f8gr\u00f8nne nyanser, passer perfekt til din frie og kreative natur. Disse fargene inspirerer deg og f\u00e5r deg til \u00e5 f\u00f8le deg levende og uavhengig.<\/p>\n<p>    <a itemprop=\"url\" href=\"https:\/\/www.kk.no\/mote\/denne-trendfargen-oser-luksus\/80391128\" rel=\"nofollow noopener\" target=\"_blank\"><\/p>\n<p>      <img loading=\"lazy\" decoding=\"async\" src=\"https:\/\/www.europesays.com\/no\/wp-content\/uploads\/2025\/09\/80391541.webp\" width=\"980\" height=\"441\" title=\"Denne trendfargen oser luksus\" alt=\"\" class=\"lazyload\" style=\"--aspect-ratio-image: 2.22; \"\/><\/p>\n<p>        Denne trendfargen oser luksus<\/p>\n<p>    <\/a><\/p>\n<p>Fiskene (19. februar \u2013 20. mars)\t<\/p>\n<p>Farge: Havbl\u00e5.\u00a0<\/p>\n<p>Du svever mellom fantasi og virkelighet, og havbl\u00e5 er fargen som fremhever din dr\u00f8mmende, kreative og romantiske side. Den styrker din intuisjon og lar deg uttrykke det indre universet ditt med stil.<\/p>\n<p>V\u00e6ren (21. mars \u2013 19. april)\t<\/p>\n<p>Farge: R\u00f8d.<\/p>\n<p>Din lidenskapelige og energiske natur gj\u00f8r dype r\u00f8dtoner til det perfekte valget. En elegant m\u00f8rker\u00f8d fremhever din utstr\u00e5ling uten \u00e5 bli for mye. G\u00e5 for detaljer i r\u00f8dt \u2013 det er mer effektfullt enn \u00e5 overdrive.<\/p>\n<p>    <a itemprop=\"url\" href=\"https:\/\/www.kk.no\/mote\/trender-na-helen-25-har-alltid-brukt-det\/83366357\" rel=\"nofollow noopener\" target=\"_blank\"><\/p>\n<p>      <img loading=\"lazy\" decoding=\"async\" src=\"https:\/\/www.europesays.com\/no\/wp-content\/uploads\/2025\/09\/83367811.webp\" width=\"980\" height=\"441\" title=\"Helen (25) har alltid brukt det\" alt=\"\" class=\"lazyload\" style=\"--aspect-ratio-image: 2.22; \"\/><\/p>\n<p>        Helen (25) har alltid brukt det<\/p>\n<p>    <\/a><\/p>\n<p>Tyren (20. april \u2013 20. mai)\t<\/p>\n<p>Farge: Gr\u00f8nn.<\/p>\n<p>Gr\u00f8nntoner forsterker din jordn\u00e6re, rolige energi og gir deg f\u00f8lelsen av trygghet. Gr\u00f8nt minner deg om \u00e5 ta det rolig og stole p\u00e5 prosessen \u2013 akkurat slik du liker det.<\/p>\n<p>          <img loading=\"lazy\" decoding=\"async\" src=\"https:\/\/www.europesays.com\/no\/wp-content\/uploads\/2025\/09\/83612891.webp\" width=\"686\" height=\"789\" title=\"FOTO: NTB\" alt=\"\" class=\"\" style=\"--aspect-ratio-image: 0.87; \"\/><\/p>\n<p>\n          FOTO: NTB\n      <\/p>\n<p>Tvillingene (21. mai \u2013 20. juni)\t<\/p>\n<p>Farger: Gul og hvit.<\/p>\n<p>Kj\u00e6re tvilling, du er leken og full av liv. Gul fyller deg med solens varme og energi, mens hvitt gir deg balanse og klarhet. Sammen gir disse fargene deg rom til \u00e5 uttrykke alle dine sider.<\/p>\n<p>Krepsen (21. juni \u2013 22. juli)\t<\/p>\n<p>Farger: Hvit og aprikos.<\/p>\n<p>Disse myke og varme nyansene fremhever din empatiske og intuitive natur. En hvit skjorte eller aprikosdetaljer i interi\u00f8ret gir deg ro og f\u00f8lelsesmessig balanse \u2013 noe du verdsetter h\u00f8yt.<\/p>\n<p>          <img loading=\"lazy\" decoding=\"async\" src=\"https:\/\/www.europesays.com\/no\/wp-content\/uploads\/2025\/09\/1758815976_291_82818601.webp\" width=\"980\" height=\"559\" title=\"FOTO: NTB\" alt=\"\" class=\"\" style=\"--aspect-ratio-image: 1.75; \"\/><\/p>\n<p>\n          FOTO: NTB\n      <\/p>\n<p>L\u00f8ven (23. juli \u2013 22. august)\t<\/p>\n<p>Farger: Oransje, gul og gull.<\/p>\n<p>Kj\u00e6re l\u00f8ve \u2013 du elsker \u00e5 skinne! Disse kraftige og varme fargene matcher din karisma og selvtillit perfekt. De fremhever din energi og tiltrekningskraft \u2013 og gj\u00f8r deg til et naturlig midtpunkt.<\/p>\n<p>    <a itemprop=\"url\" href=\"https:\/\/www.kk.no\/mote\/sommerens-fineste-farger-1\/83309140\" rel=\"nofollow noopener\" target=\"_blank\"><\/p>\n<p>      <img loading=\"lazy\" decoding=\"async\" src=\"https:\/\/www.europesays.com\/no\/wp-content\/uploads\/2025\/09\/83309259.webp\" width=\"980\" height=\"441\" title=\"Sommerens fineste farger\" alt=\"\" class=\"lazyload\" style=\"--aspect-ratio-image: 2.22; \"\/><\/p>\n<p>        Sommerens fineste farger<\/p>\n<p>    <\/a><\/p>\n<p>Jomfruen (23. august \u2013 22. september)\t<\/p>\n<p>Farger: Bl\u00e5 og s\u00f8lv.<\/p>\n<p>Bl\u00e5 og s\u00f8lv gir deg klarhet og ro \u2013 og hjelper deg \u00e5 slippe taket i perfeksjonismen. De fremhever din rolige tilstedev\u00e6relse og gir deg balanse i en verden full av detaljer og krav.<\/p>\n<p>Vekten (23. september \u2013 22. oktober)\t<\/p>\n<p>Farge: Rosa.\u00a0<\/p>\n<p>Lyse rosatoner speiler din varme, sjarm og sans for harmoni. De gir deg en naturlig gl\u00f8d og hjelper deg med \u00e5 finne balanse i b\u00e5de f\u00f8lelser og omgivelser. Ikke v\u00e6r redd for \u00e5 mikse ulike rosatoner!<\/p>\n<p>          <img loading=\"lazy\" decoding=\"async\" src=\"https:\/\/www.europesays.com\/no\/wp-content\/uploads\/2025\/09\/83612835.webp\" width=\"686\" height=\"872\" title=\"FOTO: NTB\" alt=\"\" class=\"\" style=\"--aspect-ratio-image: 0.79; \"\/><\/p>\n<p>\n          FOTO: NTB\n      <\/p>\n<p>Skorpionen (23. oktober \u2013 21. november)\t<\/p>\n<p>Farger: Sort og gr\u00e5.<\/p>\n<p>Dype, m\u00f8rke farger som sort og gr\u00e5 speiler din intensitet, mystikk og indre styrke. De gir deg autoritet og tiltrekningskraft. Et hint av s\u00f8lv kan gi deg den lille kontrasten som gj\u00f8r uttrykket ditt komplett.<\/p>\n<p>          <img loading=\"lazy\" decoding=\"async\" src=\"https:\/\/www.europesays.com\/no\/wp-content\/uploads\/2025\/09\/83612837.webp\" width=\"686\" height=\"892\" title=\"FOTO: NTB\" alt=\"\" class=\"\" style=\"--aspect-ratio-image: 0.77; \"\/><\/p>\n<p>\n          FOTO: NTB\n      <\/p>\n<p>    <a itemprop=\"url\" href=\"https:\/\/www.kk.no\/mote\/saerlig-en-farge-gar-igjen-na\/83601624\" rel=\"nofollow noopener\" target=\"_blank\"><\/p>\n<p>      <img loading=\"lazy\" decoding=\"async\" src=\"https:\/\/www.europesays.com\/no\/wp-content\/uploads\/2025\/09\/83601643.webp\" width=\"980\" height=\"441\" title=\"Negletrend: S\u00e6rlig \u00e9n farge g\u00e5r igjen n\u00e5\" alt=\"\" class=\"lazyload\" style=\"--aspect-ratio-image: 2.22; \"\/><\/p>\n<p>        Negletrend: S\u00e6rlig \u00e9n farge g\u00e5r igjen n\u00e5<\/p>\n<p>    <\/a><\/p>\n<p>Skytten (22. november \u2013 21. desember)\t<\/p>\n<p>Farger: Oransje, gul og lilla.<\/p>\n<p>Fargerik og fri \u2013 du kler sterke og uttrykksfulle farger. Oransje og gul fremhever din optimisme og livsglede, mens lilla gir deg kontakt med den mer filosofiske og indre siden av deg selv.<\/p>\n<p>    <a itemprop=\"url\" href=\"https:\/\/www.kk.no\/mote\/glad-i-lilla-da-er-disse-plaggene-noe-for-deg\/75837187\" rel=\"nofollow noopener\" target=\"_blank\"><\/p>\n<p>      <img loading=\"lazy\" decoding=\"async\" src=\"https:\/\/www.europesays.com\/no\/wp-content\/uploads\/2025\/09\/75951049.webp\" width=\"980\" height=\"441\" title=\"Glad i lilla? Da er disse plaggene noe for deg\" alt=\"\" class=\"lazyload\" style=\"--aspect-ratio-image: 2.22; \"\/><\/p>\n<p>        Glad i lilla? Da er disse plaggene noe for deg<\/p>\n<p>    <\/a><\/p>\n<p>    <a itemprop=\"url\" href=\"https:\/\/www.kk.no\/mote\/forst-inn-handlet-for-3300\/83607103\" rel=\"nofollow noopener\" target=\"_blank\"><\/p>\n<p>      <img loading=\"lazy\" decoding=\"async\" src=\"https:\/\/www.europesays.com\/no\/wp-content\/uploads\/2025\/09\/1758815983_379_83610914.webp\" width=\"147\" height=\"98\" title=\"F\u00f8rst inn: \u2013 Handler for 3300\" alt=\"\" class=\"lazyload\" style=\"--aspect-ratio-image: 1.50; \"\/><\/p>\n<p>        F\u00f8rst inn: \u2013 Handler for 3300<\/p>\n<p>    <\/a><\/p>\n<p>Denne saken ble f\u00f8rst publisert hos <a href=\"https:\/\/www.femina.dk\/horoskoper\/stjernetegn\/disse-farver-passer-til-dit-stjernetegn\" rel=\"nofollow noopener\" target=\"_blank\">Femina<\/a>, som ogs\u00e5 eies av Aller Media.\u00a0<\/p>\n","protected":false},"excerpt":{"rendered":"Stjernetegn:\u00a0 Vi kikker mot stjernene og lar astrologien vise veien til den perfekte fargepaletten for hvert stjernetegn. STJERNETEGN:&hellip;\n","protected":false},"author":2,"featured_media":44978,"comment_status":"","ping_status":"","sticky":false,"template":"","format":"standard","meta":{"footnotes":"","_share_on_mastodon":"0"},"categories":[58],"tags":[71,7055,7057,7056,4063,30,28,29,72],"class_list":["post-44977","post","type-post","status-publish","format-standard","has-post-thumbnail","category-underholdning","tag-entertainment","tag-farge","tag-farger","tag-fargetrend","tag-horoskop","tag-no","tag-norge","tag-norway","tag-underholdning"],"share_on_mastodon":{"url":"","error":""},"_links":{"self":[{"href":"https:\/\/www.europesays.com\/no\/wp-json\/wp\/v2\/posts\/44977","targetHints":{"allow":["GET"]}}],"collection":[{"href":"https:\/\/www.europesays.com\/no\/wp-json\/wp\/v2\/posts"}],"about":[{"href":"https:\/\/www.europesays.com\/no\/wp-json\/wp\/v2\/types\/post"}],"author":[{"embeddable":true,"href":"https:\/\/www.europesays.com\/no\/wp-json\/wp\/v2\/users\/2"}],"replies":[{"embeddable":true,"href":"https:\/\/www.europesays.com\/no\/wp-json\/wp\/v2\/comments?post=44977"}],"version-history":[{"count":0,"href":"https:\/\/www.europesays.com\/no\/wp-json\/wp\/v2\/posts\/44977\/revisions"}],"wp:featuredmedia":[{"embeddable":true,"href":"https:\/\/www.europesays.com\/no\/wp-json\/wp\/v2\/media\/44978"}],"wp:attachment":[{"href":"https:\/\/www.europesays.com\/no\/wp-json\/wp\/v2\/media?parent=44977"}],"wp:term":[{"taxonomy":"category","embeddable":true,"href":"https:\/\/www.europesays.com\/no\/wp-json\/wp\/v2\/categories?post=44977"},{"taxonomy":"post_tag","embeddable":true,"href":"https:\/\/www.europesays.com\/no\/wp-json\/wp\/v2\/tags?post=44977"}],"curies":[{"name":"wp","href":"https:\/\/api.w.org\/{rel}","templated":true}]}}