{"id":44998,"date":"2025-09-25T16:25:10","date_gmt":"2025-09-25T16:25:10","guid":{"rendered":"https:\/\/www.europesays.com\/no\/44998\/"},"modified":"2025-09-25T16:25:10","modified_gmt":"2025-09-25T16:25:10","slug":"anmelder-haerverk-pa-slottsfjell-ruin","status":"publish","type":"post","link":"https:\/\/www.europesays.com\/no\/44998\/","title":{"rendered":"Anmelder h\u00e6rverk p\u00e5 Slottsfjell-ruin"},"content":{"rendered":"\n<p class=\"_lead_ew2ao_2 _lead_xtcu6_50 layout-component text-serif-m layout-normal text-serif-l layout-component layout-wide layout-padded _wide_17hqh_1 layout-padded\">Flere store steiner er fjernet fra de fredede ruinene.<\/p>\n<p><img alt=\" Foto: T\u00f8nsberg kommune\" class=\"_image_qp4xg_65 layout-component layout-wide\" data-fullscreen- data-track-element-type=\"Article image fullscreen\" data-track-name=\"ImageFullscreen\" fetchpriority=\"high\" decoding=\"sync\" loading=\"eager\" height=\"844\" itemprop=\"image\"  src=\"https:\/\/www.europesays.com\/no\/wp-content\/uploads\/2025\/09\/023e4ef3-ae8b-4ecb-8aa0-2170b4015d1c\"  style=\"object-position:0% 0%\" width=\"1200\"\/> Foto: T\u00f8nsberg kommune<\/p>\n<ul aria-hidden=\"true\" class=\"_images_1y6fe_106\">\n<li><a class=\"_link_1y6fe_111\" href=\"https:\/\/www.vg.no\/forfatter\/hedda-kurseth\" style=\"z-index:1\" title=\"Hedda Kurseth\" rel=\"nofollow noopener\" target=\"_blank\"><img alt=\"Bilde av Hedda Kurseth\" class=\"_image_1y6fe_88\" fetchpriority=\"low\" loading=\"lazy\" decoding=\"async\" itemprop=\"image\"  src=\"https:\/\/www.europesays.com\/no\/wp-content\/uploads\/2025\/09\/1758817508_606_b6ad06ce-2f4e-4492-9dd9-7cfbdae81f6d\"  width=\"480\"\/><\/a><\/li>\n<\/ul>\n<p> Oppdatert torsdag 25. september kl. 14:50     <\/p>\n<p class=\"_paragraph_ew2ao_4 _paragraph_xtcu6_10 layout-component text-serif-m layout-normal text-serif-m layout-padded\">Tirsdag ble det oppdaget h\u00e6rverk p\u00e5 ruinene av Bredestuen p\u00e5 Slottsfjellet i T\u00f8nsberg. <\/p>\n<p class=\"_paragraph_ew2ao_4 _paragraph_xtcu6_10 layout-component text-serif-m layout-normal text-serif-m layout-padded\"><strong class=\"_strong_ew2ao_25\">I dag har kommunen anmeldt forholdet til politiet. <\/strong><\/p>\n<p class=\"_paragraph_ew2ao_4 _paragraph_xtcu6_10 layout-component text-serif-m layout-normal text-serif-m layout-padded\">Noen har fjernet flere store steiner fra de middelalderske ruinene, som er automatisk fredet gjennom kulturminneloven.<\/p>\n<p class=\"_paragraph_ew2ao_4 _paragraph_xtcu6_10 layout-component text-serif-m layout-normal text-serif-m layout-padded\">\u2013 Dette er ruiner fra middelalderen, som er automatisk fredet gjennom kulturminneloven. T\u00f8nsberg har landets st\u00f8rste ruinpark, og dette er viktige kulturminner som vi er i n\u00f8dt til \u00e5 ta vare p\u00e5, sier Ida Johre, virksomhetsleder for kultur og idrett i T\u00f8nsberg kommune, if\u00f8lge\u00a0<a href=\"https:\/\/www.tonsberg.kommune.no\/aktuelt\/anmelder-harverk-pa-slottsfjellet.45567.aspx\" class=\"_link_ew2ao_39\" rel=\"nofollow noopener\" target=\"_blank\">kommunens nettsider<\/a>.<\/p>\n<p class=\"_paragraph_ew2ao_4 _paragraph_xtcu6_10 layout-component text-serif-m layout-normal text-serif-m layout-padded\">Hun forteller at kommunen ser sv\u00e6rt alvorlig p\u00e5 denne typen h\u00e6rverk.<\/p>\n<p class=\"_paragraph_ew2ao_4 _paragraph_xtcu6_10 layout-component text-serif-m layout-normal text-serif-m layout-padded\">\u2013 Vi vet ikke hvem som st\u00e5r bak dette, men vi er opptatt av at lignende h\u00e6rverk ikke m\u00e5 skje igjen, sier Johre.<\/p>\n<p class=\"_paragraph_ew2ao_4 _paragraph_xtcu6_10 layout-component text-serif-m layout-normal text-serif-m layout-padded\">Hun tror ikke folk n\u00f8dvendigvis er klar over hvilke kulturminner de er omgitt av n\u00e5r de befinner seg p\u00e5 Slottsfjellet.<\/p>\n<p class=\"_paragraph_ew2ao_4 _paragraph_xtcu6_10 layout-component text-serif-m layout-normal text-serif-m layout-padded\">Kongshallen, ogs\u00e5 kalt Bredestuen, ble bygget av kong H\u00e5kon H\u00e5konsson i f\u00f8rste halvdel av 1200-tallet. Trolig var det her spanskekongens utsendinger ble mottatt i forbindelse med gifterm\u00e5let mellom prinsesse Kristina og prins Don Felipe.<\/p>\n<p class=\"_paragraph_ew2ao_4 _paragraph_xtcu6_10 layout-component text-serif-m layout-normal text-serif-m layout-padded\">Ruinen vil n\u00e5 bli reparert av en murermester i l\u00f8pet av n\u00e6rmeste fremtid.<\/p>\n<p>    <img decoding=\"async\" alt=\"Tips oss illustrasjon\" width=\"62px\" height=\"auto\" src=\"https:\/\/www.europesays.com\/no\/wp-content\/uploads\/2025\/08\/1754784428_95_W9avJzE.png\"\/>    <\/p>\n<p class=\"title-serif-s\">Har du tips til oss?<\/p>\n<p class=\"text-sans-m\">Send oss informasjon, bilder eller video<\/p>\n<p>  <a href=\"https:\/\/www.vg.no\/tips-oss\" rel=\"nofollow noopener\" target=\"_blank\"> Tips oss <\/a>      <\/p>\n","protected":false},"excerpt":{"rendered":"Flere store steiner er fjernet fra de fredede ruinene. Foto: T\u00f8nsberg kommune Oppdatert torsdag 25. september kl. 14:50&hellip;\n","protected":false},"author":2,"featured_media":44999,"comment_status":"","ping_status":"","sticky":false,"template":"","format":"standard","meta":{"footnotes":""},"categories":[5],"tags":[31,20,21,24,25,15,19,22,23,17,18,13,30,28,29,14,16,26,27],"class_list":{"0":"post-44998","1":"post","2":"type-post","3":"status-publish","4":"format-standard","5":"has-post-thumbnail","7":"category-overskrifter","8":"tag-breaking","9":"tag-breaking-news","10":"tag-breakingnews","11":"tag-featured-news","12":"tag-featurednews","13":"tag-headlines","14":"tag-hovedoppslag","15":"tag-latest-news","16":"tag-latestnews","17":"tag-main-news","18":"tag-mainnews","19":"tag-news","20":"tag-no","21":"tag-norge","22":"tag-norway","23":"tag-nyheter","24":"tag-overskrifter","25":"tag-top-stories","26":"tag-topstories"},"share_on_mastodon":{"url":"","error":""},"_links":{"self":[{"href":"https:\/\/www.europesays.com\/no\/wp-json\/wp\/v2\/posts\/44998","targetHints":{"allow":["GET"]}}],"collection":[{"href":"https:\/\/www.europesays.com\/no\/wp-json\/wp\/v2\/posts"}],"about":[{"href":"https:\/\/www.europesays.com\/no\/wp-json\/wp\/v2\/types\/post"}],"author":[{"embeddable":true,"href":"https:\/\/www.europesays.com\/no\/wp-json\/wp\/v2\/users\/2"}],"replies":[{"embeddable":true,"href":"https:\/\/www.europesays.com\/no\/wp-json\/wp\/v2\/comments?post=44998"}],"version-history":[{"count":0,"href":"https:\/\/www.europesays.com\/no\/wp-json\/wp\/v2\/posts\/44998\/revisions"}],"wp:featuredmedia":[{"embeddable":true,"href":"https:\/\/www.europesays.com\/no\/wp-json\/wp\/v2\/media\/44999"}],"wp:attachment":[{"href":"https:\/\/www.europesays.com\/no\/wp-json\/wp\/v2\/media?parent=44998"}],"wp:term":[{"taxonomy":"category","embeddable":true,"href":"https:\/\/www.europesays.com\/no\/wp-json\/wp\/v2\/categories?post=44998"},{"taxonomy":"post_tag","embeddable":true,"href":"https:\/\/www.europesays.com\/no\/wp-json\/wp\/v2\/tags?post=44998"}],"curies":[{"name":"wp","href":"https:\/\/api.w.org\/{rel}","templated":true}]}}