{"id":45027,"date":"2025-09-25T17:21:09","date_gmt":"2025-09-25T17:21:09","guid":{"rendered":"https:\/\/www.europesays.com\/no\/45027\/"},"modified":"2025-09-25T17:21:09","modified_gmt":"2025-09-25T17:21:09","slug":"slik-har-svenske-gjenger-operert-i-norge","status":"publish","type":"post","link":"https:\/\/www.europesays.com\/no\/45027\/","title":{"rendered":"Slik har svenske gjenger operert i Norge"},"content":{"rendered":"\n<p class=\"_lead_ew2ao_2 _lead_xtcu6_50 layout-component text-serif-m layout-normal text-serif-l layout-component layout-wide layout-padded _wide_17hqh_1 layout-padded\">Granat\u00adeksplosjonen i Oslo tirsdag kveld er det siste i rekken av alvorlige hendelser i Norge som kobles til svenske kriminelle gjenger.<\/p>\n<p><img alt=\"Slik s\u00e5 inngangsd\u00f8ren ut etter at en bombe gikk av i Dr\u00f8bak i oktober 2023. Politiet mener den kan kobles til Foxtrot. Foto: Politiet\" class=\"_image_qp4xg_65 layout-component layout-wide\" data-fullscreen- data-track-element-type=\"Article image fullscreen\" data-track-name=\"ImageFullscreen\" fetchpriority=\"high\" decoding=\"sync\" loading=\"eager\" height=\"533\" itemprop=\"image\"  src=\"https:\/\/www.europesays.com\/no\/wp-content\/uploads\/2025\/09\/1bd32f6b-ec7f-4b1c-bcaf-2209b3c9ab04\"  style=\"object-position:0% 0%\" width=\"800\"\/>Slik s\u00e5 inngangsd\u00f8ren ut etter at en bombe gikk av i Dr\u00f8bak i oktober 2023. Politiet mener den kan kobles til Foxtrot. Foto: Politiet Oppdatert torsdag 25. september kl. 18:35    <\/p>\n<ul class=\"_list_ew2ao_3 _list_64s2r_85 _unordered_ew2ao_99 text-sans-m\">\n<li class=\"_item_ew2ao_30\">En granateksplosjon p\u00e5 Bislett i Oslo kobles til svenske kriminelle gjenger.<\/li>\n<li class=\"_item_ew2ao_30\">Politimesteren sier politiet vil bruke alle ressurser for \u00e5 h\u00e5ndtere situasjonen.<\/li>\n<li class=\"_item_ew2ao_30\">Det svenske Foxtrot-nettverket knyttes til flere alvorlige saker i Norge, inkludert kidnapping, bomber og skyting.<\/li>\n<\/ul>\n<p>Vis mer <\/p>\n<p class=\"_paragraph_ew2ao_4 _paragraph_xtcu6_10 layout-component text-serif-m layout-normal text-serif-m layout-padded\"><a href=\"https:\/\/www.vg.no\/nyheter\/i\/0VPoo2\/13-aaring-paagrepet-etter-eksplosjon-i-oslo\" data-track-element-type=\"Link\" data-track-id=\"link:0VPoo2\" class=\"_link_ew2ao_39\" rel=\"nofollow noopener\" target=\"_blank\">Eksplosjonen p\u00e5 Bislett<\/a> markerer et skille: Granaten ble detonert i en trafikkert gate, midt i Oslo sentrum, hvor uskyldige sivile lett kunne blitt offer for gjengkrigen.<\/p>\n<p class=\"_paragraph_ew2ao_4 _paragraph_xtcu6_10 layout-component text-serif-m layout-normal text-serif-m layout-padded\">Norsk politi jobber n\u00e5 intensivt for \u00e5 f\u00e5 kontroll p\u00e5 situasjonen og p\u00e5gripe bakmennene. <\/p>\n<p class=\"_paragraph_ew2ao_4 _paragraph_xtcu6_10 layout-component text-serif-m layout-normal text-serif-m layout-padded\">\u2013 N\u00e5r det sprenges en granat i det offentlige rom med fare for at liv kan g\u00e5 tapt, setter politiet alle ressurser inn, sa politiinspekt\u00f8r Grete Lien Metlid p\u00e5 pressekonferansen dagen etter.<\/p>\n<p class=\"_paragraph_ew2ao_4 _paragraph_xtcu6_10 layout-component text-serif-m layout-normal text-serif-m layout-padded\">If\u00f8lge <a href=\"https:\/\/www.vg.no\/nyheter\/i\/Gy4jqB\/granatangrep-kobles-til-kidnappingssak\" data-track-element-type=\"Link\" data-track-id=\"link:Gy4jqB\" class=\"_link_ew2ao_39\" rel=\"nofollow noopener\" target=\"_blank\">VGs opplysninger<\/a> kan granatene i Pilestredet <a href=\"https:\/\/www.vg.no\/nyheter\/i\/Ey6Gg3\/etterforsker-kidnapping-i-oslo-familien-skal-ha-faatt-tilsendt-groteske-bilder?utm_source=sdrn%3Avg%3Aarticle%3AGy4jqB&amp;utm_medium=Link&amp;utm_content=link%3AEy6Gg3\" data-track-element-type=\"Link\" data-track-id=\"link:Ey6Gg3\" class=\"_link_ew2ao_39\" rel=\"nofollow noopener\" target=\"_blank\">kobles til en kidnappingssak<\/a> der den svenske gjengen Foxtrot er involvert. VG<a href=\"https:\/\/www.vg.no\/nyheter\/i\/Gy4jqB\/granatangrep-kobles-til-kidnappingssak\" data-track-element-type=\"Link\" data-track-id=\"link:Gy4jqB\" class=\"_link_ew2ao_39\" rel=\"nofollow noopener\" target=\"_blank\"> har tidligere omtalt <\/a>at bakgrunnen for <a href=\"https:\/\/www.vg.no\/nyheter\/i\/Ey6Gg3\/etterforsker-kidnapping-i-oslo-familien-skal-ha-faatt-tilsendt-groteske-bilder?utm_source=sdrn%3Avg%3Aarticle%3AGy4jqB&amp;utm_medium=Link&amp;utm_content=link%3AEy6Gg3\" data-track-element-type=\"Link\" data-track-id=\"link:Ey6Gg3\" class=\"_link_ew2ao_39\" rel=\"nofollow noopener\" target=\"_blank\">kidnappingen<\/a> skal v\u00e6re en gjeld p\u00e5 flere millioner kroner.<\/p>\n<p class=\"_paragraph_ew2ao_4 _paragraph_xtcu6_10 layout-component text-serif-m layout-normal text-serif-m layout-padded\">Politi, myndigheter og politikere har i flere \u00e5r fryktet at de svenske gjengene skal flytte seg over grensen til Norge. <\/p>\n<p class=\"_paragraph_ew2ao_4 _paragraph_xtcu6_10 layout-component text-serif-m layout-normal text-serif-m layout-padded\">Svensk politi mener rundt 14.000 mennesker er aktive i kriminelle nettverk i landet. Ytterligere 48.000 er knyttet til gjengene.<\/p>\n<p><img alt=\"Trikken g\u00e5r i Pilestredet hvor granatangrepet skjedde tirsdag kveld. En udetonert granat ble liggende igjen i veien og senere sprengt av politiets bombegruppe.  Foto: Gabriel Aas Sk\u00e5levik \/ VG\" class=\"_image_qp4xg_65 layout-component layout-normal\" data-fullscreen- data-track-element-type=\"Article image fullscreen\" data-track-name=\"ImageFullscreen\" decoding=\"async\" loading=\"lazy\" height=\"3630\" itemprop=\"image\"  src=\"https:\/\/www.europesays.com\/no\/wp-content\/uploads\/2025\/09\/53622e7d-5e04-4e68-8ae9-9c5759023e23\"  style=\"object-position:0% 0%\" width=\"5445\"\/>Trikken g\u00e5r i Pilestredet hvor granatangrepet skjedde tirsdag kveld. En udetonert granat ble liggende igjen i veien og senere sprengt av politiets bombegruppe.  Foto: Gabriel Aas Sk\u00e5levik \/ VG<\/p>\n<p class=\"_paragraph_ew2ao_4 _paragraph_xtcu6_10 layout-component text-serif-m layout-normal text-serif-m layout-padded\">\u2013 Vi f\u00f8lger de kriminelle milj\u00f8ene tett og jobber systematisk mot bakmannsapparatet. Vi er tungt involvert i den nasjonale satsingen mot kriminelle nettverk, opplyste Oslos politimester Ida Melbo \u00d8ystese p\u00e5 den samme pressekonferansen.<\/p>\n<p class=\"_paragraph_ew2ao_4 _paragraph_xtcu6_10 layout-component text-serif-m layout-normal text-serif-m layout-padded\">\u2013 Men dessverre, s\u00e5 lever vi ikke i et risikofritt samfunn, og politiet kan ikke hindre alle u\u00f8nskede hendelser, la hun til.<\/p>\n<p class=\"_paragraph_ew2ao_4 _paragraph_xtcu6_10 layout-component text-serif-m layout-normal text-serif-m layout-padded\">Det skal v\u00e6re mellom 800\u2013900 ul\u00f8ste drap i Sverige, if\u00f8lge <a href=\"https:\/\/www.aftonbladet.se\/nyheter\/a\/4Bp0WE\/900-olosta-mord-det-vet-vi-om-mordarna-som-gar-losa?utm_source=sdrn%3Avg%3Aarticle%3AW0VLEk\" class=\"_link_ew2ao_39\" rel=\"nofollow noopener\" target=\"_blank\">Aftonbladet<\/a>. Til sammenligning er det 45 drapssaker i Norge som ikke er oppklart siden 1989.<\/p>\n<p class=\"_paragraph_ew2ao_4 _paragraph_xtcu6_10 layout-component text-serif-m layout-normal text-serif-m layout-padded\">I den siste versjonen av \u00ab<a href=\"https:\/\/www.politiet.no\/om-politiet\/tall-og-fakta\/politiets-trusselvurdering\/Organisert-kriminalitet-i-en-global-og-digital-tidsalder\" class=\"_link_ew2ao_39\" rel=\"nofollow noopener\" target=\"_blank\">Politiets trusselvurdering<\/a>\u00bb fremg\u00e5r det at samtlige politidistrikt i Norge melder at svenske kriminelle nettverkkriminelle nettverkOrganiserte grupper som driver med ulovlige aktiviteter, som narkotikahandel eller vold. er til stede i deres omr\u00e5de \u2013 i ulik grad.<\/p>\n<p class=\"_paragraph_ew2ao_4 _paragraph_xtcu6_10 layout-component text-serif-m layout-normal text-serif-m layout-padded\">Et av disse er nettverket kjent som Foxtrot. Foxtrot er et kriminelt nettverk. Det styres av Rawa Majid (38) \u2013 ogs\u00e5 kjent som \u00abDen kurdiske reven.\u00bb <\/p>\n<p><img decoding=\"async\" alt=\"Bilde av Rawa Majid\" class=\"_image_ygndg_42\" height=\"53\" itemprop=\"image\" loading=\"lazy\"  src=\"https:\/\/www.europesays.com\/no\/wp-content\/uploads\/2025\/09\/912731ab-03d0-45b3-b54b-e8d7227a4517\"  width=\"40\"\/><strong class=\"_name_ygndg_51 title-serif-xs\">Rawa Majid<\/strong><\/p>\n<p class=\"_paragraph_ew2ao_4 text-sans-m _description_ygndg_56\">\u00abDen kurdiske reven\u00bb<\/p>\n<p class=\"_paragraph_ew2ao_4 _paragraph_xtcu6_10 layout-component text-serif-m layout-normal text-serif-m layout-padded\">Han er Sveriges mest etterlyste kriminelle \u2013 og har de siste \u00e5rene oppholdt seg i Tyrkia.<\/p>\n<p class=\"_paragraph_ew2ao_4 _paragraph_xtcu6_10 layout-component text-serif-m layout-normal text-serif-m layout-padded\">Denne uken er ikke f\u00f8rste gang hans Foxtrot kan kobles til kriminalitet i Norge.<\/p>\n<p>Kidnapping i Trondheim<\/p>\n<p class=\"_paragraph_ew2ao_4 _paragraph_xtcu6_10 layout-component text-serif-m layout-normal text-serif-m layout-padded\">Den f\u00f8rste st\u00f8rre kriminalsaken som norsk politi koblet til Foxtrot var kidnappingen av <a href=\"https:\/\/www.vg.no\/nyheter\/i\/RzRz8O\/adressa-seks-menn-doemt-for-ran-av-artist-i-trondheim\" data-track-element-type=\"Link\" data-track-id=\"link:RzRz8O\" class=\"_link_ew2ao_39\" rel=\"nofollow noopener\" target=\"_blank\">s\u00f8nnen til en norsk artist<\/a> i Trondheim i 2023. <\/p>\n<p class=\"_paragraph_ew2ao_4 _paragraph_xtcu6_10 layout-component text-serif-m layout-normal text-serif-m layout-padded\">Bakgrunnen skal angivelig ha v\u00e6rt narkotikagjeld til det kriminelle nettverket. Kravet ble f\u00f8rst satt til 1,5 millioner kroner, men s\u00f8nnen ble satt fri etter at artisten betalte 750.000 kroner. <\/p>\n<p class=\"_paragraph_ew2ao_4 _paragraph_xtcu6_10 layout-component text-serif-m layout-normal text-serif-m layout-padded\">Seks menn ble senere d\u00f8mt i saken \u2013 \u00e9n av dem var svensk statsborger.<\/p>\n<p>Bombe i Dr\u00f8bak<\/p>\n<p class=\"_paragraph_ew2ao_4 _paragraph_xtcu6_10 layout-component text-serif-m layout-normal text-serif-m layout-padded\">I oktober 2023 sprengte en <a href=\"https:\/\/www.vg.no\/spesial\/2024\/bomba\/\" class=\"_link_ew2ao_39\" rel=\"nofollow noopener\" target=\"_blank\">hjemmelaget bombe<\/a> utenfor en bolig i Dr\u00f8bak. <\/p>\n<p class=\"_paragraph_ew2ao_4 _paragraph_xtcu6_10 layout-component text-serif-m layout-normal text-serif-m layout-padded\">Angrepet ble koblet til Foxtrot-nettverket. I huset befant det seg seks personer, men ingen ble skadet. <\/p>\n<p class=\"_paragraph_ew2ao_4 _paragraph_xtcu6_10 layout-component text-serif-m layout-normal text-serif-m layout-padded\">If\u00f8lge dommen var bomben rettet mot \u00e9n av dem som befant seg i huset, fordi bakmennene mente han hadde v\u00e6rt involvert i et ransfors\u00f8k p\u00e5 et narkotikadepotnarkotikadepotEt sted hvor narkotika oppbevares eller distribueres fra, ofte brukt av kriminelle nettverk..<\/p>\n<p>Skuddene i Moss<\/p>\n<p class=\"_paragraph_ew2ao_4 _paragraph_xtcu6_10 layout-component text-serif-m layout-normal text-serif-m layout-padded\">I november 2023 ble en mann <a href=\"https:\/\/www.vg.no\/nyheter\/i\/wgaGjA\/rettssak-i-sarpsborg-politiet-faar-vaere-bevaepnet\" data-track-element-type=\"Link\" data-track-id=\"link:wgaGjA\" class=\"_link_ew2ao_39\" rel=\"nofollow noopener\" target=\"_blank\">skutt en rekke ganger utenfor Mossehallen<\/a>. <\/p>\n<p class=\"_paragraph_ew2ao_4 _paragraph_xtcu6_10 layout-component text-serif-m layout-normal text-serif-m layout-padded\">Han m\u00f8tte opp p\u00e5 parkeringsplassen ved hallen, lurt til \u00e5 tro at han og en bekjent skulle m\u00f8tes om kj\u00f8p av en klokke.<\/p>\n<p class=\"_paragraph_ew2ao_4 _paragraph_xtcu6_10 layout-component text-serif-m layout-normal text-serif-m layout-padded\">Opptak viser at det gikk 20 sekunder mellom f\u00f8rste og siste skudd. <\/p>\n<p><img alt=\"Krimteknikere utenfor Mossehallen den 28. november 2023.  Foto: Gisle Oddstad \/ VG\" class=\"_image_qp4xg_65 layout-component layout-normal\" data-fullscreen- data-track-element-type=\"Article image fullscreen\" data-track-name=\"ImageFullscreen\" decoding=\"async\" loading=\"lazy\" height=\"5464\" itemprop=\"image\"  src=\"https:\/\/www.europesays.com\/no\/wp-content\/uploads\/2025\/09\/afcffd41-654a-4019-8893-f97116ffa1ef\"  style=\"object-position:0% 0%\" width=\"8192\"\/>Krimteknikere utenfor Mossehallen den 28. november 2023.  Foto: Gisle Oddstad \/ VG<\/p>\n<p class=\"_paragraph_ew2ao_4 _paragraph_xtcu6_10 layout-component text-serif-m layout-normal text-serif-m layout-padded\">37-\u00e5ringen overlevde. Politiet mener <a href=\"https:\/\/www.vg.no\/nyheter\/i\/o3Xqm0\/anklages-for-jordgubben-kontakt-vet-ikke-hvor-mitt-liv-ender\" data-track-element-type=\"Link\" data-track-id=\"link:o3Xqm0\" class=\"_link_ew2ao_39\" rel=\"nofollow noopener\" target=\"_blank\">det var et oppgj\u00f8r mellom svenske <\/a>kriminelle nettverk p\u00e5 norsk jord. <\/p>\n<p class=\"_paragraph_ew2ao_4 _paragraph_xtcu6_10 layout-component text-serif-m layout-normal text-serif-m layout-padded\">Gjengtoppen Ismail \u00abJordgubben\u00bb Abdo er <a href=\"https:\/\/www.vg.no\/nyheter\/i\/eM90VK\/rettssak-etter-drapsforsoek-i-moss-fire-menn-moeter-i-retten\" data-track-element-type=\"Link\" data-track-id=\"link:eM90VK\" class=\"_link_ew2ao_39\" rel=\"nofollow noopener\" target=\"_blank\">pekt ut til \u00e5 v\u00e6re oppdragsgiveren bak attentatetattentatetEt planlagt angrep med m\u00e5l om \u00e5 skade eller drepe en bestemt person.<\/a>.<\/p>\n<p>Boligbrann i Aurskog<\/p>\n<p class=\"_paragraph_ew2ao_4 _paragraph_xtcu6_10 layout-component text-serif-m layout-normal text-serif-m layout-padded\">Natt til 25. juni i fjor <a href=\"https:\/\/www.vg.no\/nyheter\/i\/dRnVjq\/utloeste-voldsalarm-da-huset-ble-paatent-politiet-jakter-flere-involverte\" data-track-element-type=\"Link\" data-track-id=\"link:dRnVjq\" class=\"_link_ew2ao_39\" rel=\"nofollow noopener\" target=\"_blank\">ble et hus p\u00e5tent i Aurskog-H\u00f8land<\/a>. En svensk 20-\u00e5ring, som er d\u00f8mt i saken, forklarte at han fikk 20.000 kroner for \u00e5 brenne ned huset. <\/p>\n<p class=\"_paragraph_ew2ao_4 _paragraph_xtcu6_10 layout-component text-serif-m layout-normal text-serif-m layout-padded\">I dommen kommer det frem at familiefaren i huset hadde p\u00e5dratt seg gjeld etter at et parti narkotika forsvant fra garasjen. <\/p>\n<p><img alt=\"Huset i Aurskog-H\u00f8land fikk store skader etter brannen.  Foto: Helge Mikalsen \/ VG\" class=\"_image_qp4xg_65 layout-component layout-normal\" data-fullscreen- data-track-element-type=\"Article image fullscreen\" data-track-name=\"ImageFullscreen\" decoding=\"async\" loading=\"lazy\" height=\"5504\" itemprop=\"image\"  src=\"https:\/\/www.europesays.com\/no\/wp-content\/uploads\/2025\/09\/6fa2c5d8-748f-4bf2-9b0c-63fcce4b6f2d\"  style=\"object-position:0% 0%\" width=\"8256\"\/>Huset i Aurskog-H\u00f8land fikk store skader etter brannen.  Foto: Helge Mikalsen \/ VG<\/p>\n<p class=\"_paragraph_ew2ao_4 _paragraph_xtcu6_10 layout-component text-serif-m layout-normal text-serif-m layout-padded\">Familiefaren betalte 400.000 kroner, men da det ikke kom mer penger, s\u00e5 ble huset p\u00e5tent.<\/p>\n<p>Drapsforbund i Stavanger<\/p>\n<p class=\"_paragraph_ew2ao_4 _paragraph_xtcu6_10 layout-component text-serif-m layout-normal text-serif-m layout-padded\">I mars i \u00e5r ble to ten\u00e5ringsgutter p\u00e5grepet for \u00e5 ha planlagt drap p\u00e5 s\u00f8nnen til en politimann i Stavanger. <\/p>\n<p class=\"_paragraph_ew2ao_4 _paragraph_xtcu6_10 layout-component text-serif-m layout-normal text-serif-m layout-padded\">Angrepet ble avverget da politiet p\u00e5grep en <a href=\"https:\/\/www.vg.no\/nyheter\/i\/4Bg85G\/kripos-til-tv2-soenn-av-politimann-var-maalet\" data-track-element-type=\"Link\" data-track-id=\"link:4Bg85G\" class=\"_link_ew2ao_39\" rel=\"nofollow noopener\" target=\"_blank\">17-\u00e5ring med kniv utenfor familiens hus<\/a>.<\/p>\n<p class=\"_paragraph_ew2ao_4 _paragraph_xtcu6_10 layout-component text-serif-m layout-normal text-serif-m layout-padded\">Politiet mener den videre etterforskningen har avdekket at en norsk 16-\u00e5ring har <a href=\"https:\/\/www.vg.no\/nyheter\/i\/vgo75j\/15-aaring-fra-stavanger-styrte-leiemorder-i-svensk-gjengdrap\" data-track-element-type=\"Link\" data-track-id=\"link:vgo75j\" class=\"_link_ew2ao_39\" rel=\"nofollow noopener\" target=\"_blank\">rekruttert drapsmenn fra en barnevernsinstitusjon i Norge<\/a>. <\/p>\n<p class=\"_paragraph_ew2ao_4 _paragraph_xtcu6_10 layout-component text-serif-m layout-normal text-serif-m layout-padded\">Saken har koblinger til kriminelle svenske gjenger. I tillegg til saken i Stavanger, er 16-\u00e5ringen siktet for drapsforbunddrapsforbundEn avtale eller plan om \u00e5 beg\u00e5 drap, ofte mellom flere personer. i England. Han er ogs\u00e5 siktet for medvirkning til to drap i Sverige og drapsforbund i en tredje sak.<\/p>\n<p class=\"_paragraph_ew2ao_4 _paragraph_xtcu6_10 layout-component text-serif-m layout-normal layout-padded\"><strong class=\"_strong_ew2ao_25\">Les ogs\u00e5:<\/strong> <a href=\"https:\/\/www.vg.no\/i\/Q7bam8\" data-track-element-type=\"Link\" data-track-id=\"link:Q7bam8\" class=\"_link_ew2ao_39\" rel=\"nofollow noopener\" target=\"_blank\">Gjengkrigen<\/a><\/p>\n","protected":false},"excerpt":{"rendered":"Granat\u00adeksplosjonen i Oslo tirsdag kveld er det siste i rekken av alvorlige hendelser i Norge som kobles til&hellip;\n","protected":false},"author":2,"featured_media":45028,"comment_status":"","ping_status":"","sticky":false,"template":"","format":"standard","meta":{"footnotes":""},"categories":[5],"tags":[20,21,24,25,7060,15,19,148,3881,22,23,17,18,212,13,30,28,29,14,16,1359,26,27],"class_list":{"0":"post-45027","1":"post","2":"type-post","3":"status-publish","4":"format-standard","5":"has-post-thumbnail","7":"category-overskrifter","8":"tag-breaking-news","9":"tag-breakingnews","10":"tag-featured-news","11":"tag-featurednews","12":"tag-granatangrepet-i-pilestredet","13":"tag-headlines","14":"tag-hovedoppslag","15":"tag-kriminalitet","16":"tag-kriminelle-nettverk","17":"tag-latest-news","18":"tag-latestnews","19":"tag-main-news","20":"tag-mainnews","21":"tag-narkotika","22":"tag-news","23":"tag-no","24":"tag-norge","25":"tag-norway","26":"tag-nyheter","27":"tag-overskrifter","28":"tag-sverige","29":"tag-top-stories","30":"tag-topstories"},"share_on_mastodon":{"url":"","error":""},"_links":{"self":[{"href":"https:\/\/www.europesays.com\/no\/wp-json\/wp\/v2\/posts\/45027","targetHints":{"allow":["GET"]}}],"collection":[{"href":"https:\/\/www.europesays.com\/no\/wp-json\/wp\/v2\/posts"}],"about":[{"href":"https:\/\/www.europesays.com\/no\/wp-json\/wp\/v2\/types\/post"}],"author":[{"embeddable":true,"href":"https:\/\/www.europesays.com\/no\/wp-json\/wp\/v2\/users\/2"}],"replies":[{"embeddable":true,"href":"https:\/\/www.europesays.com\/no\/wp-json\/wp\/v2\/comments?post=45027"}],"version-history":[{"count":0,"href":"https:\/\/www.europesays.com\/no\/wp-json\/wp\/v2\/posts\/45027\/revisions"}],"wp:featuredmedia":[{"embeddable":true,"href":"https:\/\/www.europesays.com\/no\/wp-json\/wp\/v2\/media\/45028"}],"wp:attachment":[{"href":"https:\/\/www.europesays.com\/no\/wp-json\/wp\/v2\/media?parent=45027"}],"wp:term":[{"taxonomy":"category","embeddable":true,"href":"https:\/\/www.europesays.com\/no\/wp-json\/wp\/v2\/categories?post=45027"},{"taxonomy":"post_tag","embeddable":true,"href":"https:\/\/www.europesays.com\/no\/wp-json\/wp\/v2\/tags?post=45027"}],"curies":[{"name":"wp","href":"https:\/\/api.w.org\/{rel}","templated":true}]}}