{"id":45055,"date":"2025-09-25T17:51:17","date_gmt":"2025-09-25T17:51:17","guid":{"rendered":"https:\/\/www.europesays.com\/no\/45055\/"},"modified":"2025-09-25T17:51:17","modified_gmt":"2025-09-25T17:51:17","slug":"jakter-opprykk-ma-stille-oss-sporsmalet-om-vi-legger-nok-til-rette-for-det-itromso-no","status":"publish","type":"post","link":"https:\/\/www.europesays.com\/no\/45055\/","title":{"rendered":"(+) Jakter opprykk: \u2013 M\u00e5 stille oss sp\u00f8rsm\u00e5let om vi legger nok til rette for det &#8211; itromso.no"},"content":{"rendered":"<ol>\n<li><a href=\"https:\/\/news.google.com\/rss\/articles\/CBMitgFBVV95cUxNR0tvTVMyOVZkcUZpUS02YzJ4QXcxMDduSWYwNzNNRkQ4UE5CdFFSY0NFQjRZcU5GbFlFN256SXJFVm1YSUZwbTFNUWFVM1ZjZXhUZVFpMHVDZHMwVGtZbnNNWXVmXzE1U1A1VllXVnczdmRNOVRnN0dFWG02ajVGb3JFMTg1dG5rcFd3dFYxSjNwdzBRS181MlRRV1R4RnJlNE5lUjIxbllheUx3RGEyRG5xWjBMUQ?oc=5\" target=\"_blank\" rel=\"nofollow noopener\">(+) Jakter opprykk: \u2013 M\u00e5 stille oss sp\u00f8rsm\u00e5let om vi legger nok til rette for det<\/a>&nbsp;&nbsp;itromso.no<\/li>\n<li><a href=\"https:\/\/news.google.com\/rss\/articles\/CBMiogFBVV95cUxPRlJ2V1lVOEpmTGpfUnp1RHVOZG40SDlZdDd4WWtHZFFFeXFrdHh3VHMxZklXVzI5eVhDMmZwRHJUbXpEWktBTzBIY0ZQSmhtNVJGTE5HTHhsVjNtQXlONWFJT3Zfd2U5SG9zTEVvZlNUWWdUajVTSlFadERUYnNZSm1JMnpWTW5lTk9Xd3lOQXAtOWVnX3hSUmRIUzZYOFgtX0E?oc=5\" target=\"_blank\" rel=\"nofollow noopener\">(+) Fikk ingen hjelp fra TUIL: \u2013 Det er selvf\u00f8lgelig veldig kjipt<\/a>&nbsp;&nbsp;altaposten.no<\/li>\n<li><a href=\"https:\/\/news.google.com\/rss\/articles\/CBMiogFBVV95cUxNYXluWVJ4MGdKdk1DTW1yT1dEcS1WZ2RMczM0Q2thQ1ZZdnRQOVRRREJGOWJpVFlWckNCR1ZMOTREQmZPcVpnM2pFbUFnLXRXem16MENiY3R4ckU2cVQ0cWllckpmcEFxWEc3TVJfSE5pdldrSmV1WUlxOUtwdGRnOE1ZbWk3V1I0Zm83TDc2emNqS3BOaHY3UG1sa0U2MlN0U1E?oc=5\" target=\"_blank\" rel=\"nofollow noopener\">TUIL, PostNord-ligaen | TUIL-b\u00f8rsen: Poengene igjen kastet ut av vinduet mot et bunnlag<\/a>&nbsp;&nbsp;Nordlys<\/li>\n<li><a href=\"https:\/\/news.google.com\/rss\/articles\/CBMirgFBVV95cUxQaFVudnNBNnFMSlFweno2bkpxSjBTYThYM3Nld2R2S2hycENXSVRWOUxBSXkzS09aT2J1R3lfenZ2eVJ6Vk40WVRYLU5LNW1UT053cFdhYVh6MUJoV21IancxaDNuUFpjU0plSVpjWUoya3dSUmVoRW1EMHZWTnVjXzZWR3d5LVllNTN3c0gxa3F1a2ozWjJ1R09lcW9ucHRWaU9NWXlMQUdINl9xbWc?oc=5\" target=\"_blank\" rel=\"nofollow noopener\">(+) A-b\u00f8rsen: Usedvanlig vakker h\u00e6lflikk og et kjempeskudd fra distanse<\/a>&nbsp;&nbsp;altaposten.no<\/li>\n<li><a href=\"https:\/\/news.google.com\/rss\/articles\/CBMimAFBVV95cUxOMXBnU2NwaWRsVXdaMS1kdUJBbkxrZm1OYnJZaFJyWERZVEV6b3Q5ZGx2TnhYR205QWgxQkpIamJad1k4Ymk4amhpQ0ozelFxTlhzdFlORzNWaExLSU1KbVhBc1M1SFcwN2dhNkpoV0RPYjk4Y0JmYUFkQ2JhS3BtTjd0eUZFdmxXMENaTDFYT1lMQXJxeUhKcA?oc=5\" target=\"_blank\" rel=\"nofollow noopener\">(+) H\u00e5pet lever for Alta etter kalasseier p\u00e5 bortebane<\/a>&nbsp;&nbsp;altaposten.no<\/li>\n<\/ol>\n","protected":false},"excerpt":{"rendered":"(+) Jakter opprykk: \u2013 M\u00e5 stille oss sp\u00f8rsm\u00e5let om vi legger nok til rette for det&nbsp;&nbsp;itromso.no (+) Fikk&hellip;\n","protected":false},"author":2,"featured_media":45056,"comment_status":"","ping_status":"","sticky":false,"template":"","format":"standard","meta":{"footnotes":""},"categories":[59],"tags":[92,30,28,29,83,82,1849,7062],"class_list":{"0":"post-45055","1":"post","2":"type-post","3":"status-publish","4":"format-standard","5":"has-post-thumbnail","7":"category-sport","8":"tag-fotball","9":"tag-no","10":"tag-norge","11":"tag-norway","12":"tag-sport","13":"tag-sports","14":"tag-tuil","15":"tag-tuil-arena"},"share_on_mastodon":{"url":"","error":""},"_links":{"self":[{"href":"https:\/\/www.europesays.com\/no\/wp-json\/wp\/v2\/posts\/45055","targetHints":{"allow":["GET"]}}],"collection":[{"href":"https:\/\/www.europesays.com\/no\/wp-json\/wp\/v2\/posts"}],"about":[{"href":"https:\/\/www.europesays.com\/no\/wp-json\/wp\/v2\/types\/post"}],"author":[{"embeddable":true,"href":"https:\/\/www.europesays.com\/no\/wp-json\/wp\/v2\/users\/2"}],"replies":[{"embeddable":true,"href":"https:\/\/www.europesays.com\/no\/wp-json\/wp\/v2\/comments?post=45055"}],"version-history":[{"count":0,"href":"https:\/\/www.europesays.com\/no\/wp-json\/wp\/v2\/posts\/45055\/revisions"}],"wp:featuredmedia":[{"embeddable":true,"href":"https:\/\/www.europesays.com\/no\/wp-json\/wp\/v2\/media\/45056"}],"wp:attachment":[{"href":"https:\/\/www.europesays.com\/no\/wp-json\/wp\/v2\/media?parent=45055"}],"wp:term":[{"taxonomy":"category","embeddable":true,"href":"https:\/\/www.europesays.com\/no\/wp-json\/wp\/v2\/categories?post=45055"},{"taxonomy":"post_tag","embeddable":true,"href":"https:\/\/www.europesays.com\/no\/wp-json\/wp\/v2\/tags?post=45055"}],"curies":[{"name":"wp","href":"https:\/\/api.w.org\/{rel}","templated":true}]}}