{"id":45077,"date":"2025-09-25T18:33:13","date_gmt":"2025-09-25T18:33:13","guid":{"rendered":"https:\/\/www.europesays.com\/no\/45077\/"},"modified":"2025-09-25T18:33:13","modified_gmt":"2025-09-25T18:33:13","slug":"det-er-problematisk","status":"publish","type":"post","link":"https:\/\/www.europesays.com\/no\/45077\/","title":{"rendered":"&#8211; Det er problematisk"},"content":{"rendered":"<p>  &#8211; Det er langt fra ideelt, mener Lars Tj\u00e6rn\u00e5s. Likevel tror han St\u00e5le Solbakken velger\u00a0\u00d8rjan H\u00e5skjold Nyland fra start mot Israel.<\/p>\n<p>\n    LANDSLAGSSJEF: St\u00e5le Solbakken har hatt \u00d8rjan H\u00e5skjold Nyland som f\u00f8rstevalg p\u00e5 keeperplass de siste \u00e5ra. Foto: Bj\u00f8rn Langsem\/Dagbladet\n  <\/p>\n<p>I Sevillas to siste kamper har Norges landslagskeeper, \u00d8rjan H\u00e5skjold Nyland (35), v\u00e6rt plassert p\u00e5 benken. Det er nysigneringen Odisseas Vlachodimos (31) som har f\u00e5tt tillit mot Deportivo Alav\u00e9s og Villarreal.<\/p>\n<p>Fotballekspert Lars Tj\u00e6rn\u00e5s mener det er d\u00e5rlig nytt for landslaget hvis Nyland ikke spiller fast framover.<\/p>\n<p class=\"font-weight-bold m-font-weight-bold\" data-lab-font_weight=\"font-weight-bold\">&#8211;\u00a0Det er problematisk &#8211; i alle fall hvis det skjer over tid. En keeper kan opprettholde alt det fysiske og keepertekniske p\u00e5 feltet, men kamp er annerledes p\u00e5 minst to m\u00e5ter: Ting er t\u00f8ffere, s\u00e6rlig i feltarbeidet og luftdueller, samt det mentale trykket du helst b\u00f8r ha jevnlig. S\u00e5 det er langt fra ideelt, forklarer han til Dagbladet.<\/p>\n<p>          <img loading=\"lazy\" decoding=\"async\" src=\"https:\/\/www.europesays.com\/no\/wp-content\/uploads\/2025\/09\/83636789.webp\" width=\"686\" height=\"392\" title=\"KEEPER: \u00d8rjan H\u00e5skjold Nyland. Her fra en landslagssamling i 2022. Foto: Bj\u00f8rn Langsem\/Dagbladet\" alt=\"\" class=\"\" style=\"--aspect-ratio-image: 1.75; \"\/><\/p>\n<p>\n          KEEPER: \u00d8rjan H\u00e5skjold Nyland. Her fra en landslagssamling i 2022. Foto: Bj\u00f8rn Langsem\/Dagbladet\n      <\/p>\n<p>Tj\u00e6rn\u00e5s trekker fram at en av grunnene til at landslaget har sett mer solide ut defensivt, er at de har hatt en m\u00e5lvakt som spiller fast p\u00e5 \u00f8verste niv\u00e5.<\/p>\n<p> &#8211; \u00c9n ting er hva det gj\u00f8r med ham selv, men det sprer ogs\u00e5 trygghet til leddet foran. <\/p>\n<p class=\"italic m-italic\" data-lab-italic=\"italic\">&#8211; Tror du St\u00e5le Solbakken vil vurdere \u00e5 starte med en annen keeper mot Israel dersom Nyland ikke spiller regelmessig?<\/p>\n<p>&#8211; Nei, det tror jeg ikke &#8211; ikke s\u00e5 lenge han har prestert p\u00e5 landslaget, og det ikke har g\u00e5tt for lang tid uten at han har spilt, svarer Tj\u00e6rn\u00e5s.<\/p>\n<p>        PRESSEKONFERANSE: Mandag 2. juni kalte landslagssjef St\u00e5le Solbakken inn til pressekonferanse f\u00f8r landskampen mot Italia. Til slutt forteller han noe som f\u00e5r hele salen til \u00e5 le. Video: NTB<\/p>\n<p>Han mener det er riktig \u00e5 la Nyland st\u00e5 i neste VM-kvalifiseringskamp.<\/p>\n<p> &#8211; De b\u00f8r endre s\u00e5 lite som mulig fra de siste kampene, b\u00e5de med tanke p\u00e5 relasjoner offensivt og defensivt &#8211; forutsatt selvsagt at det ikke oppst\u00e5r skader eller ekstrem formsvikt som en ser p\u00e5 trening. Men det tror jeg ikke skjer. <\/p>\n<p class=\"italic m-italic\" data-lab-italic=\"italic\">Dagbladet har fors\u00f8kt \u00e5 f\u00e5 en kommentar fra St\u00e5le Solbakken, forel\u00f8pig uten hell.<\/p>\n<p>    <a itemprop=\"url\" href=\"https:\/\/www.dagbladet.no\/sport\/avslutter-samarbeid-etter-17-ar\/83632271\" rel=\"nofollow noopener\" target=\"_blank\"><\/p>\n<p>      <img loading=\"lazy\" decoding=\"async\" src=\"https:\/\/www.europesays.com\/no\/wp-content\/uploads\/2025\/09\/83632376.webp\" width=\"980\" height=\"441\" title=\"Avslutter samarbeid etter 17 \u00e5r\" alt=\"\" class=\"lazyload\" style=\"--aspect-ratio-image: 2.22; \"\/><\/p>\n<p>        Avslutter samarbeid etter 17 \u00e5r<\/p>\n<p>    <\/a><\/p>\n<p>Norge m\u00f8ter Israel p\u00e5 Ullevaal Stadion 11. oktober. Sjekk ut gruppa nedenfor:<\/p>\n","protected":false},"excerpt":{"rendered":"&#8211; Det er langt fra ideelt, mener Lars Tj\u00e6rn\u00e5s. Likevel tror han St\u00e5le Solbakken velger\u00a0\u00d8rjan H\u00e5skjold Nyland fra&hellip;\n","protected":false},"author":2,"featured_media":45078,"comment_status":"","ping_status":"","sticky":false,"template":"","format":"standard","meta":{"footnotes":""},"categories":[59],"tags":[92,30,28,29,7063,83,82],"class_list":{"0":"post-45077","1":"post","2":"type-post","3":"status-publish","4":"format-standard","5":"has-post-thumbnail","7":"category-sport","8":"tag-fotball","9":"tag-no","10":"tag-norge","11":"tag-norway","12":"tag-orjan-haskjold-nyland","13":"tag-sport","14":"tag-sports"},"share_on_mastodon":{"url":"","error":""},"_links":{"self":[{"href":"https:\/\/www.europesays.com\/no\/wp-json\/wp\/v2\/posts\/45077","targetHints":{"allow":["GET"]}}],"collection":[{"href":"https:\/\/www.europesays.com\/no\/wp-json\/wp\/v2\/posts"}],"about":[{"href":"https:\/\/www.europesays.com\/no\/wp-json\/wp\/v2\/types\/post"}],"author":[{"embeddable":true,"href":"https:\/\/www.europesays.com\/no\/wp-json\/wp\/v2\/users\/2"}],"replies":[{"embeddable":true,"href":"https:\/\/www.europesays.com\/no\/wp-json\/wp\/v2\/comments?post=45077"}],"version-history":[{"count":0,"href":"https:\/\/www.europesays.com\/no\/wp-json\/wp\/v2\/posts\/45077\/revisions"}],"wp:featuredmedia":[{"embeddable":true,"href":"https:\/\/www.europesays.com\/no\/wp-json\/wp\/v2\/media\/45078"}],"wp:attachment":[{"href":"https:\/\/www.europesays.com\/no\/wp-json\/wp\/v2\/media?parent=45077"}],"wp:term":[{"taxonomy":"category","embeddable":true,"href":"https:\/\/www.europesays.com\/no\/wp-json\/wp\/v2\/categories?post=45077"},{"taxonomy":"post_tag","embeddable":true,"href":"https:\/\/www.europesays.com\/no\/wp-json\/wp\/v2\/tags?post=45077"}],"curies":[{"name":"wp","href":"https:\/\/api.w.org\/{rel}","templated":true}]}}