{"id":45081,"date":"2025-09-25T18:44:10","date_gmt":"2025-09-25T18:44:10","guid":{"rendered":"https:\/\/www.europesays.com\/no\/45081\/"},"modified":"2025-09-25T18:44:10","modified_gmt":"2025-09-25T18:44:10","slug":"det-han-sier-er-feil","status":"publish","type":"post","link":"https:\/\/www.europesays.com\/no\/45081\/","title":{"rendered":"\u2013 Det han sier er feil"},"content":{"rendered":"\n<ul class=\"_list_ew2ao_3 _list_64s2r_85 _unordered_ew2ao_99 text-sans-m\">\n<li class=\"_item_ew2ao_30\">Utenriksminister Eide skal tale for FN.<\/li>\n<li class=\"_item_ew2ao_30\">VG fikk v\u00e6re med da talen ble skrevet.<\/li>\n<li class=\"_item_ew2ao_30\">Norge m\u00e5 balansere mellom om \u00e5 ta avstand fra Trump, men samtidig holde seg inne med USA. <\/li>\n<\/ul>\n<p>Vis mer <\/p>\n<p class=\"_paragraph_ew2ao_4 _paragraph_xtcu6_10 layout-component text-serif-m layout-normal text-serif-m layout-padded\">Om noen timer skal utenriksminister <a href=\"https:\/\/www.vg.no\/tag\/espen-barth-eide?utm_source=vg-article&amp;utm_medium=auto-tagger&amp;utm_campaign=W0nxaG\" class=\"_link_ew2ao_39\" rel=\"nofollow noopener\" target=\"_blank\">Espen Barth Eide<\/a> (Ap) holde \u00e5rets viktigste tale for en norsk utenriksminister. <\/p>\n<p class=\"_paragraph_ew2ao_4 _paragraph_xtcu6_10 layout-component text-serif-m layout-normal text-serif-m layout-padded\">Det kommer dager etter president Donald Trump <a href=\"https:\/\/www.vg.no\/nyheter\/i\/mPO5vl\/trump-taler-i-fn-paa-verdensscenen-er-amerika-respektert-igjen\" data-track-element-type=\"Link\" data-track-id=\"link:mPO5vl\" class=\"_link_ew2ao_39\" rel=\"nofollow noopener\" target=\"_blank\">sjokkerte verden<\/a> med sin tale til FN. Norge var blant landene som <a href=\"https:\/\/www.vg.no\/nyheter\/i\/Jbk6aj\/reaksjoner-etter-donald-trumps-tale-i-fn\" data-track-element-type=\"Link\" data-track-id=\"link:Jbk6aj\" class=\"_link_ew2ao_39\" rel=\"nofollow noopener\" target=\"_blank\">reagerte kraftig<\/a>.<\/p>\n<p class=\"_paragraph_ew2ao_4 _paragraph_xtcu6_10 layout-component text-serif-m layout-normal text-serif-m layout-padded\">VG fikk v\u00e6re med p\u00e5 innsiden da utenriksministeren og hans team la en strategi for hvordan de skal markere avstand til Trumps USA uten \u00e5 forn\u00e6rme den mektige presidenten. <\/p>\n<p><img alt=\"EIDES TEAM: F.v.: Siri Birkeland er ambassadesekret\u00e6r p\u00e5 FN-delegasjonen, kommunikasjonsr\u00e5dgiver Mariken Bruusgaard Harbitz, stabssjef Iselin Hebbert Larsen, Meena Syed, sjef for FN-seksjonen i Oslo, utenriksminister Eide og politisk r\u00e5dgiver Milla Skaug \u00d8degaard.  Foto: Thomas Nilsson \/ VG\" class=\"_image_qp4xg_65 layout-component layout-normal\" data-fullscreen- data-track-element-type=\"Article image fullscreen\" data-track-name=\"ImageFullscreen\" decoding=\"async\" loading=\"lazy\" height=\"2934\" itemprop=\"image\"  src=\"https:\/\/www.europesays.com\/no\/wp-content\/uploads\/2025\/09\/b0d5e5e4-1c49-4c17-ae83-fa94132d76c3\"  style=\"object-position:0% 0%\" width=\"4400\"\/>EIDES TEAM: F.v.: Siri Birkeland er ambassadesekret\u00e6r p\u00e5 FN-delegasjonen, kommunikasjonsr\u00e5dgiver Mariken Bruusgaard Harbitz, stabssjef Iselin Hebbert Larsen, Meena Syed, sjef for FN-seksjonen i Oslo, utenriksminister Eide og politisk r\u00e5dgiver Milla Skaug \u00d8degaard.  Foto: Thomas Nilsson \/ VG\u00abDET ER KRISE\u00bb<\/p>\n<p class=\"_paragraph_ew2ao_4 _paragraph_xtcu6_10 layout-component text-serif-m layout-normal text-serif-m layout-padded\">Det er sent p\u00e5 kveld p\u00e5 Manhattan. Ute uler og blinker det fra de mange topptunge bilkortesjene som skaper trafikktr\u00f8bbel \u2013 <a href=\"https:\/\/tv.vg.no\/nyheter\/far-ikke-krysse-veien-ringer-trump?id=342462\" class=\"_link_ew2ao_39\" rel=\"nofollow noopener\" target=\"_blank\">selv for statsledere<\/a> \u2013 under FN-uken.<\/p>\n<p class=\"_paragraph_ew2ao_4 _paragraph_xtcu6_10 layout-component text-serif-m layout-normal text-serif-m layout-padded\">I hotellsofaen sitter utenriksministeren og hans r\u00e5dgivere med hver sin PC i fanget. Eide tar av seg slipset og l\u00f8sner den \u00f8verste skjorteknappen. Brainstormingen er i gang. <\/p>\n<p class=\"_paragraph_ew2ao_4 _paragraph_xtcu6_10 layout-component text-serif-m layout-normal text-serif-m layout-padded\">\u00abDET ER KRISE\u00bb, skriver en av r\u00e5dgiverne i store bokstaver i et delt Google-dokument.<\/p>\n<p class=\"_paragraph_ew2ao_4 _paragraph_xtcu6_10 layout-component text-serif-m layout-normal text-serif-m layout-padded\">Budskapet om at verden trenger FN i en urolig tid blir et av Eides hovedbudskap under talen for FNs generalforsamling natt til fredag norsk tid. <\/p>\n<p>Foto: Thomas Nilsson \/ VG<\/p>\n<p>Motsier Trump<\/p>\n<p class=\"_paragraph_ew2ao_4 _paragraph_xtcu6_10 layout-component text-serif-m layout-normal text-serif-m layout-padded\">Eide sier han vil ha et skarpt budskap om klima, som et spark mot Trump. <\/p>\n<p class=\"_paragraph_ew2ao_4 _paragraph_xtcu6_10 layout-component text-serif-m layout-normal text-serif-m layout-padded\">Men det m\u00e5 skje uten at Trump nevnes eksplisitt. <\/p>\n<p class=\"_paragraph_ew2ao_4 _paragraph_xtcu6_10 layout-component text-serif-m layout-normal text-serif-m layout-padded\">If\u00f8lge USAs president er klimaendringer \u00abverdens st\u00f8rste svindel\u00bb og klimaforskere er \u00abde dummeste folkene\u00bb. I Eides \u00f8re er dette \u00abhjemmelagde fakta\u00bb. <\/p>\n<p class=\"_paragraph_ew2ao_4 _paragraph_xtcu6_10 layout-component text-serif-m layout-normal text-serif-m layout-padded\">\u2013 Det han sier er feil. Klimaendringene skjer, og de er menneskeskapt. Vi m\u00e5 vekk fra fossile brensler, sl\u00e5r Eide fast. <\/p>\n<p class=\"_paragraph_ew2ao_4 _paragraph_xtcu6_10 layout-component text-serif-m layout-normal text-serif-m layout-padded\"><strong class=\"_strong_ew2ao_25\">Gro Harlem Brundtland i USA:<\/strong> <a href=\"https:\/\/www.vg.no\/nyheter\/i\/pP7B91\/gro-harlem-brundtland-om-donald-trump\" data-track-element-type=\"Link\" data-track-id=\"link:pP7B91\" class=\"_link_ew2ao_39\" rel=\"nofollow noopener\" target=\"_blank\">Advarer mot Trumps splittende utspill<\/a><\/p>\n<p><img alt=\"Foto: Thomas Nilsson \/ VG\" class=\"_image_qp4xg_65 layout-component layout-normal\" data-fullscreen- data-track-element-type=\"Article image fullscreen\" data-track-name=\"ImageFullscreen\" decoding=\"async\" loading=\"lazy\" height=\"2934\" itemprop=\"image\"  src=\"https:\/\/www.europesays.com\/no\/wp-content\/uploads\/2025\/09\/179070de-ff86-417d-9620-d42b8081e7ec\"  style=\"object-position:0% 0%\" width=\"4400\"\/>Foto: Thomas Nilsson \/ VGTrumps to sider<\/p>\n<p class=\"_paragraph_ew2ao_4 _paragraph_xtcu6_10 layout-component text-serif-m layout-normal text-serif-m layout-padded\">N\u00e5 er det p\u00e5 tide \u00e5 <a href=\"https:\/\/www.vg.no\/nyheter\/i\/pP7Gyw\/trump-tale-i-fn-en-katastrofe-for-norge\" data-track-element-type=\"Link\" data-track-id=\"link:pP7Gyw\" class=\"_link_ew2ao_39\" rel=\"nofollow noopener\" target=\"_blank\">sette hardt mot hardt<\/a> mot Trump, mente eksperter etter Trumps FN-tale.<\/p>\n<p class=\"_paragraph_ew2ao_4 _paragraph_xtcu6_10 layout-component text-serif-m layout-normal text-serif-m layout-padded\">Flere internasjonale ledere og statsoverhoder er blitt anklaget for \u00e5 smiske med Trump. Mest kjent er kanskje Nato-sjef Mark Rutte som <a href=\"https:\/\/tv.vg.no\/nyheter\/trump-om-at-nato-sjefen-kalte-ham-pappa-kjaerlig?id=335854\" class=\"_link_ew2ao_39\" rel=\"nofollow noopener\" target=\"_blank\">kalte Trump \u00abdaddy\u00bb<\/a>.<\/p>\n<p class=\"_paragraph_ew2ao_4 _paragraph_xtcu6_10 layout-component text-serif-m layout-normal text-serif-m layout-padded\"><strong class=\"_strong_ew2ao_25\">Hva er Norges strategi i m\u00f8te med USAs sterke mann?<\/strong><\/p>\n<p class=\"_paragraph_ew2ao_4 _paragraph_xtcu6_10 layout-component text-serif-m layout-normal text-serif-m layout-padded\">\u2013 Strategien er \u00e5 v\u00e6re \u00e6rlige om det vi mener, og samtidig v\u00e6re im\u00f8tekommende og bidra der vi kan. Vi smisker ikke, men vi har en god tone med Trump. Norge st\u00e5r h\u00f8yt i kurs i USA, sier Eide.<\/p>\n<p class=\"_paragraph_ew2ao_4 _paragraph_xtcu6_10 layout-component text-serif-m layout-normal text-serif-m layout-padded\">Han har nettopp kommet ut av en middag med USAs utenriksminister Marco Rubio.<\/p>\n<p class=\"_paragraph_ew2ao_4 _paragraph_xtcu6_10 layout-component text-serif-m layout-normal text-serif-m layout-padded\">\u2013 Vi sier ifra om klima og p\u00e5standene om ukontrollert innvandring. Det er feil og vi er uenige. Og vi sier ifra om tollmur, forteller Eide.<\/p>\n<p><img alt=\"Trump talte for FN i New York tirsdag.  Foto: Angelina Katsanis \/ AP \/ NTB\" class=\"_image_qp4xg_65 layout-component layout-normal\" data-fullscreen- data-track-element-type=\"Article image fullscreen\" data-track-name=\"ImageFullscreen\" decoding=\"async\" loading=\"lazy\" height=\"2667\" itemprop=\"image\"  src=\"https:\/\/www.europesays.com\/no\/wp-content\/uploads\/2025\/09\/126c5a6c-d8b6-43b0-ac21-6b17513ca8db\"  style=\"object-position:0% 0%\" width=\"4000\"\/>Trump talte for FN i New York tirsdag.  Foto: Angelina Katsanis \/ AP \/ NTB<\/p>\n<p class=\"_paragraph_ew2ao_4 _paragraph_xtcu6_10 layout-component text-serif-m layout-normal text-serif-m layout-padded\">\u2013 Det sies at Trump har <a href=\"https:\/\/www.nytimes.com\/2025\/09\/24\/us\/politics\/trump-united-nations-tones.html\" class=\"_link_ew2ao_39\" rel=\"nofollow noopener\" target=\"_blank\">to sider<\/a>: Krigersk i offentligheten, mer forsonende privat. Er du enig i dette?<\/p>\n<p class=\"_paragraph_ew2ao_4 _paragraph_xtcu6_10 layout-component text-serif-m layout-normal text-serif-m layout-padded\">\u2013 Vi har hilst p\u00e5 ham tre ganger denne uken, og det har v\u00e6rt hyggelig. N\u00e5r han holder tale i FN snakker han jo mye til hjemmepublikummet ogs\u00e5. Men det er klart at ordene betyr noe.<\/p>\n<p><img alt=\"MARATON: Eide og r\u00e5dgiverne la seg 01 p\u00e5 natten, og m\u00f8ttes igjen klokken 06.30 for \u00e5 jobbe videre med talen.   Foto: Skjermdump Eides Instagram\" class=\"_image_qp4xg_65 layout-component layout-normal\" data-fullscreen- data-track-element-type=\"Article image fullscreen\" data-track-name=\"ImageFullscreen\" decoding=\"async\" loading=\"lazy\" height=\"2144\" itemprop=\"image\"  src=\"https:\/\/www.europesays.com\/no\/wp-content\/uploads\/2025\/09\/45b68c00-3b94-43d4-a2eb-bc47547914fd\"  style=\"object-position:0% 0%\" width=\"1206\"\/>MARATON: Eide og r\u00e5dgiverne la seg 01 p\u00e5 natten, og m\u00f8ttes igjen klokken 06.30 for \u00e5 jobbe videre med talen.   Foto: Skjermdump Eides Instagram\u2013 Bekymringsfulle trekk<\/p>\n<p class=\"_paragraph_ew2ao_4 _paragraph_xtcu6_10 layout-component text-serif-m layout-normal text-serif-m layout-padded\">Trump har trukket USA ut av flere internasjonale allianser, og vil ikke lenger ta p\u00e5 seg rollen som Vestens garantist for fred og fremgang. <\/p>\n<p class=\"_paragraph_ew2ao_4 _paragraph_xtcu6_10 layout-component text-serif-m layout-normal text-serif-m layout-padded\"><a href=\"https:\/\/www.vg.no\/nyheter\/i\/pP7Gyw\/trump-tale-i-fn-en-katastrofe-for-norge\" data-track-element-type=\"Link\" data-track-id=\"link:pP7Gyw\" class=\"_link_ew2ao_39\" rel=\"nofollow noopener\" target=\"_blank\">\u00abKatastrofe for Norge\u00bb<\/a>, mener forsker Iver Neumann. Utenriksminister Eide ser ikke like m\u00f8rkt p\u00e5 det.<\/p>\n<p class=\"_paragraph_ew2ao_4 _paragraph_xtcu6_10 layout-component text-serif-m layout-normal text-serif-m layout-padded\">\u2013 N\u00e5r USA trekker seg ut, velger vi \u00e5 ta vare p\u00e5 disse institusjonene. Norge klarer ikke det alene, men vil gj\u00f8re det sammen med mange andre land. <\/p>\n<p><img alt=\"Eide med politisk r\u00e5dgiver Milla Skaug \u00d8degaard.  Foto: Thomas Nilsson \/ VG\" class=\"_image_qp4xg_65 layout-component layout-normal\" data-fullscreen- data-track-element-type=\"Article image fullscreen\" data-track-name=\"ImageFullscreen\" decoding=\"async\" loading=\"lazy\" height=\"2932\" itemprop=\"image\"  src=\"https:\/\/www.europesays.com\/no\/wp-content\/uploads\/2025\/09\/c0e2da0b-b939-420e-837b-703208527f60\"  style=\"object-position:0% 0%\" width=\"4400\"\/>Eide med politisk r\u00e5dgiver Milla Skaug \u00d8degaard.  Foto: Thomas Nilsson \/ VG<\/p>\n<p class=\"_paragraph_ew2ao_4 _paragraph_xtcu6_10 layout-component text-serif-m layout-normal text-serif-m layout-padded\">Utviklingen under Trump-administrasjonen f\u00e5r flere til \u00e5 mene at USA er p\u00e5 vei til \u00e5 bli et autorit\u00e6rt regime og at ytringsfriheten er under press.<\/p>\n<p class=\"_paragraph_ew2ao_4 _paragraph_xtcu6_10 layout-component text-serif-m layout-normal text-serif-m layout-padded\"><strong class=\"_strong_ew2ao_25\">Leste du?<\/strong> <a href=\"https:\/\/www.vg.no\/nyheter\/i\/LMJ4Eq\/ytre-hoeyre-aktivist-derfor-ber-hun-donald-trump-bli-usas-diktator\" data-track-element-type=\"Link\" data-track-id=\"link:LMJ4Eq\" class=\"_link_ew2ao_39\" rel=\"nofollow noopener\" target=\"_blank\">Vil at Trump skal bli diktator<\/a><\/p>\n<p class=\"_paragraph_ew2ao_4 _paragraph_xtcu6_10 layout-component text-serif-m layout-normal text-serif-m layout-padded\">\u00abUSA g\u00e5r tapt, rett foran \u00f8ynene v\u00e5re\u00bb, skriver forfatter og tidligere justisminister Anne Holt p\u00e5 <a href=\"https:\/\/www.facebook.com\/share\/p\/14HWHQawi1h\/\" class=\"_link_ew2ao_39\" rel=\"nofollow noopener\" target=\"_blank\">Facebook<\/a>.<\/p>\n<p class=\"_paragraph_ew2ao_4 _paragraph_xtcu6_10 layout-component text-serif-m layout-normal text-serif-m layout-padded\">\u2013 Er du enig? sp\u00f8r VG utenriksminister Eide.<\/p>\n<p class=\"_paragraph_ew2ao_4 _paragraph_xtcu6_10 layout-component text-serif-m layout-normal text-serif-m layout-padded\">\u2013 Det er bekymringsfulle trekk i USA; polariseringen og fornektelsen av fakta. Men om det g\u00e5r tapt &#8230; USA har kommet seg gjennom mye f\u00f8r. De kom seg gjennom McCarthy, svarer Eide. <\/p>\n<p>Derfor sammenlignes Trump med McCarthy <\/p>\n<p class=\"_paragraph_ew2ao_4 _paragraph_xtcu6_10 _paragraph_16v91_10 layout-component text-serif-m layout-normal text-sans-m layout-padded\">Joseph McCarthy var republikansk senator for Wisconsin fra 1947 til 1957. Han var kjent for sine aggressive kampanjer mot kommunister og antatte kommunistsympatis\u00f8rer. <\/p>\n<p class=\"_paragraph_ew2ao_4 _paragraph_xtcu6_10 _paragraph_16v91_10 layout-component text-serif-m layout-normal text-sans-m layout-padded\">M\u00e5ten Trump n\u00e5 arresterer, deporterer og svartelister migranter og meningsmotstandere i USA, har f\u00e5tt mange til \u00e5 <a href=\"https:\/\/www.theguardian.com\/commentisfree\/2025\/mar\/30\/just-like-mccarthy-trump-spreads-fear-everywhere-before-picking-off-his-targets\" class=\"_link_ew2ao_39\" rel=\"nofollow noopener\" target=\"_blank\">trekke parallellen<\/a> til dette m\u00f8rke kapittelet i USAs historie, der frykt n\u00e6rmest lammet samfunnet. <\/p>\n<p>Vis merH\u00e5pefull om Ukraina<\/p>\n<p class=\"_paragraph_ew2ao_4 _paragraph_xtcu6_10 layout-component text-serif-m layout-normal text-serif-m layout-padded\">I sin tale til FNs generalforsamling torsdag, vil Eide trekke frem de to krigene som if\u00f8lge ham definerer v\u00e5r tid: Ukraina og Gaza.<\/p>\n<p class=\"_paragraph_ew2ao_4 _paragraph_xtcu6_10 layout-component text-serif-m layout-normal text-serif-m layout-padded\">Trump har g\u00e5tt fra \u00e5 fremme Putins krav om at Ukraina m\u00e5 gi fra seg land til Russland, til \u00e5 n\u00e5 mene at <a href=\"https:\/\/www.vg.no\/nyheter\/i\/0VP9x2\/trump-nato-land-boer-skyte-ned-russiske-fly-hvis-de-gaar-inn-i-luftrommet\" data-track-element-type=\"Link\" data-track-id=\"link:0VP9x2\" class=\"_link_ew2ao_39\" rel=\"nofollow noopener\" target=\"_blank\">Ukraina kan f\u00e5 tilbake alt okkupert territorium.<\/a><\/p>\n<p><img alt=\"VGs USA-korrespondent intervjuer Eide.  Foto: Thomas Nilsson \/ VG\" class=\"_image_qp4xg_65 layout-component layout-normal\" data-fullscreen- data-track-element-type=\"Article image fullscreen\" data-track-name=\"ImageFullscreen\" decoding=\"async\" loading=\"lazy\" height=\"2933\" itemprop=\"image\"  src=\"https:\/\/www.europesays.com\/no\/wp-content\/uploads\/2025\/09\/8ac3d681-1539-4132-9973-73d4a802d998\"  style=\"object-position:0% 0%\" width=\"4400\"\/>VGs USA-korrespondent intervjuer Eide.  Foto: Thomas Nilsson \/ VG<\/p>\n<p class=\"_paragraph_ew2ao_4 _paragraph_xtcu6_10 layout-component text-serif-m layout-normal text-serif-m layout-padded\">Eide tolker dette positivt.<\/p>\n<p class=\"_paragraph_ew2ao_4 _paragraph_xtcu6_10 layout-component text-serif-m layout-normal text-serif-m layout-padded\">\u2013 Folk er forn\u00f8yd med at Trump har mistet troen p\u00e5 at Putin vil ha en fredsl\u00f8sning. Det \u00f8ker sannsynligheten for flere sanksjoner mot Russland, sier han til VG.<\/p>\n<p class=\"_paragraph_ew2ao_4 _paragraph_xtcu6_10 layout-component text-serif-m layout-normal text-serif-m layout-padded\">Tonen mellom Trump og Zelenskyj skal v\u00e6re god n\u00e5 \u2013 noe VG ogs\u00e5 s\u00e5 da <a href=\"https:\/\/www.vg.no\/nyheter\/i\/3M2Aed\/zelenskyj-moeter-trump-i-det-hvite-hus-skjebnedag-for-ukraina\" data-track-element-type=\"Link\" data-track-id=\"link:3M2Aed\" class=\"_link_ew2ao_39\" rel=\"nofollow noopener\" target=\"_blank\">Zelenskyj bes\u00f8kte Det hvite hus<\/a> i august. <\/p>\n<p class=\"_paragraph_ew2ao_4 _paragraph_xtcu6_10 layout-component text-serif-m layout-normal text-serif-m layout-padded\">\u2013 Men Trump veksler mellom Putin og Zelenskyj. Kan du stole p\u00e5 ham?<\/p>\n<p class=\"_paragraph_ew2ao_4 _paragraph_xtcu6_10 layout-component text-serif-m layout-normal text-serif-m layout-padded\">\u2013 Akkurat n\u00e5 er Trump med p\u00e5 laget, svarer Eide. <\/p>\n<p><img alt=\"Eide og r\u00e5dgiverne sl\u00e5r hyppig opp i FN-pakten for \u00e5 finne talepunkter.   Foto: Thomas Nilsson \/ VG\" class=\"_image_qp4xg_65 layout-component layout-normal\" data-fullscreen- data-track-element-type=\"Article image fullscreen\" data-track-name=\"ImageFullscreen\" decoding=\"async\" loading=\"lazy\" height=\"2533\" itemprop=\"image\"  src=\"https:\/\/www.europesays.com\/no\/wp-content\/uploads\/2025\/09\/ca713331-7b74-4333-b44c-970c89b98547\"  style=\"object-position:0% 0%\" width=\"3800\"\/>Eide og r\u00e5dgiverne sl\u00e5r hyppig opp i FN-pakten for \u00e5 finne talepunkter.   Foto: Thomas Nilsson \/ VGIsrael-frustrasjon i USA<\/p>\n<p class=\"_paragraph_ew2ao_4 _paragraph_xtcu6_10 layout-component text-serif-m layout-normal text-serif-m layout-padded\">Mange FN-land har fulgt Norges eksempel med \u00e5 anerkjenne Palestina som stat. Men kritikerne mener at det bare er tom symbolikk som ikke hjelper innbyggerne i Gaza.<\/p>\n<p class=\"_paragraph_ew2ao_4 _paragraph_xtcu6_10 layout-component text-serif-m layout-normal text-serif-m layout-padded\">\u2013 Anerkjennelse alene f\u00f8rer ikke til noe, men det er en del av en st\u00f8rre pakke for \u00e5 styrke den palestinske sidens posisjon. \u00c5 bare stoppe krigen er ikke et svar. Det m\u00e5 v\u00e6re en plan for tiden etterp\u00e5, mener Eide. <\/p>\n<p class=\"_paragraph_ew2ao_4 _paragraph_xtcu6_10 layout-component text-serif-m layout-normal text-serif-m layout-padded\"><strong class=\"_strong_ew2ao_25\">Eide sier at det nok er \u00f8kende misn\u00f8ye i Trump-administrasjonen over Israels krigf\u00f8ring i Gaza.<\/strong><\/p>\n<p class=\"_paragraph_ew2ao_4 _paragraph_xtcu6_10 layout-component text-serif-m layout-normal text-serif-m layout-padded\">\u2013 De snakker veldig Israel-vennlig, men jeg har inntrykk av at det er frustrasjon innad over at angrepene ikke tar slutt.<\/p>\n<p class=\"_paragraph_ew2ao_4 _paragraph_xtcu6_10 layout-component text-serif-m layout-normal text-serif-m layout-padded\">Under FN-uken har det v\u00e6rt hyppig kontakt mellom USA og arabiske land om en langsiktig fredsplan, og torsdag er Israels statsminister Netanyahu p\u00e5 plass i FN. <\/p>\n<p class=\"_paragraph_ew2ao_4 _paragraph_xtcu6_10 layout-component text-serif-m layout-normal text-serif-m layout-padded\">\u2013 Flere p\u00e5 ulike hold sier det kan komme noen enighet n\u00e5, sier Eide.<\/p>\n","protected":false},"excerpt":{"rendered":"Utenriksminister Eide skal tale for FN. VG fikk v\u00e6re med da talen ble skrevet. Norge m\u00e5 balansere mellom&hellip;\n","protected":false},"author":2,"featured_media":45082,"comment_status":"","ping_status":"","sticky":false,"template":"","format":"standard","meta":{"footnotes":""},"categories":[12],"tags":[1238,20,21,55,258,24,25,15,22,23,13,30,28,281,29,14,16,568,26,27,42,43,44,45],"class_list":{"0":"post-45081","1":"post","2":"type-post","3":"status-publish","4":"format-standard","5":"has-post-thumbnail","7":"category-verden","8":"tag-amerikansk-politikk","9":"tag-breaking-news","10":"tag-breakingnews","11":"tag-donald-trump","12":"tag-espen-barth-eide","13":"tag-featured-news","14":"tag-featurednews","15":"tag-headlines","16":"tag-latest-news","17":"tag-latestnews","18":"tag-news","19":"tag-no","20":"tag-norge","21":"tag-norsk-politikk","22":"tag-norway","23":"tag-nyheter","24":"tag-overskrifter","25":"tag-store-regjeringen","26":"tag-top-stories","27":"tag-topstories","28":"tag-verden","29":"tag-world","30":"tag-world-news","31":"tag-worldnews"},"share_on_mastodon":{"url":"","error":""},"_links":{"self":[{"href":"https:\/\/www.europesays.com\/no\/wp-json\/wp\/v2\/posts\/45081","targetHints":{"allow":["GET"]}}],"collection":[{"href":"https:\/\/www.europesays.com\/no\/wp-json\/wp\/v2\/posts"}],"about":[{"href":"https:\/\/www.europesays.com\/no\/wp-json\/wp\/v2\/types\/post"}],"author":[{"embeddable":true,"href":"https:\/\/www.europesays.com\/no\/wp-json\/wp\/v2\/users\/2"}],"replies":[{"embeddable":true,"href":"https:\/\/www.europesays.com\/no\/wp-json\/wp\/v2\/comments?post=45081"}],"version-history":[{"count":0,"href":"https:\/\/www.europesays.com\/no\/wp-json\/wp\/v2\/posts\/45081\/revisions"}],"wp:featuredmedia":[{"embeddable":true,"href":"https:\/\/www.europesays.com\/no\/wp-json\/wp\/v2\/media\/45082"}],"wp:attachment":[{"href":"https:\/\/www.europesays.com\/no\/wp-json\/wp\/v2\/media?parent=45081"}],"wp:term":[{"taxonomy":"category","embeddable":true,"href":"https:\/\/www.europesays.com\/no\/wp-json\/wp\/v2\/categories?post=45081"},{"taxonomy":"post_tag","embeddable":true,"href":"https:\/\/www.europesays.com\/no\/wp-json\/wp\/v2\/tags?post=45081"}],"curies":[{"name":"wp","href":"https:\/\/api.w.org\/{rel}","templated":true}]}}