{"id":45329,"date":"2025-09-26T03:06:08","date_gmt":"2025-09-26T03:06:08","guid":{"rendered":"https:\/\/www.europesays.com\/no\/45329\/"},"modified":"2025-09-26T03:06:08","modified_gmt":"2025-09-26T03:06:08","slug":"nordmenn-kaster-seg-over-norgespris-det-er-en-katastrofe-for-kraftsystemet-finansavisen","status":"publish","type":"post","link":"https:\/\/www.europesays.com\/no\/45329\/","title":{"rendered":"Nordmenn kaster seg over Norgespris: \u2013 Det er en katastrofe for kraftsystemet &#8211; Finansavisen"},"content":{"rendered":"<ol>\n<li><a href=\"https:\/\/news.google.com\/rss\/articles\/CBMixwFBVV95cUxPblo0RWNBaXVTekEwRUZkc1NWYVVxZm5LcUNWbmIzV1gzNm90QjJpRWxORTBfYlJfODNpd3RCbkx2MGl3MTFubEVmazFlRy14VGp2TjJGS3lKRjJNNWs5a1RGUkN0amJKeFNpV1dWaXBocEE4ZFhjenVlWmRaRlpBZzBsQU5uNXBmaTZGb25qNmhkVDlQV2V5S3g3VkVVTDRKdzZKQkQzR0VsZHBJZENlM3lOVmxNdjU0ZG9YZFFBcU9ZRDE2NmFR?oc=5\" target=\"_blank\" rel=\"nofollow noopener\">Nordmenn kaster seg over Norgespris: \u2013 Det er en katastrofe for kraftsystemet<\/a>&nbsp;&nbsp;Finansavisen<\/li>\n<li><a href=\"https:\/\/news.google.com\/rss\/articles\/CBMikAFBVV95cUxPSkZvWnlQdVFOUnd5UW54TXRPQVZDTG1UU0dMekFrdHhrUVZwblViVWktTk1oMmNGZThBM3k1ZGdrMTFpMzVBSUg1X3NIaUF1bUVjcUlkNDhTaVVTTXJJTmI3aUZwM3lPRGJYLXZ3Q1MxOVdSZzdwZUdnNFRweDcyQ0t3TUhONzh5RHdGcFFvaE8?oc=5\" target=\"_blank\" rel=\"nofollow noopener\">Norgespris eller ikke? Dette svarer folk p\u00e5 gata<\/a>&nbsp;&nbsp;rbnett.no<\/li>\n<li><a href=\"https:\/\/news.google.com\/rss\/articles\/CBMixgFBVV95cUxOd0M4Y0hMcHluTVh1cGs1cVFtcGdFaDVnZEg1d3NYUU9SeEpkd19JV1pHYW5taFA4RmRuZDFjSkw4YklOOTJqZU5wLTJlVDVHZG9vNUlPQ3NRS25WMHhfd2R3OS1sdTZrZzhPSzFMQ2xRdkQxVXcwYWN2MXdteHlYdnFiVXZUMVVKRXBpS0V4NjJaT3o1YzZ4QVNnaVRpdWlKaDJLdTdsa1BLdEdZbUlDM2l1VWNQYmUtQWIxanNMeTdkcHd2alE?oc=5\" target=\"_blank\" rel=\"nofollow noopener\">Str\u00f8mprisen har aldri kollapset p\u00e5 denne m\u00e5ten f\u00f8r \u2013 tror noen har gjort en feil<\/a>&nbsp;&nbsp;Europower<\/li>\n<li><a href=\"https:\/\/news.google.com\/rss\/articles\/CBMiswFBVV95cUxPc2J6a0NpWFRLUWt1RnluZ1pEUS1Jb195MFJZVTJHZTIyVm1nMHRCUlNMdjZSRDVKcHdtTFJzcEcyamU4c19qY3VQSFRZM3pzekxZWXV0WkM5dHJGblUzbnRFNXVLZ1oyQlJyZWZoN3dQN3NRbllFeGlaSTV5SUF3RWtFRG5ZeVV6QU8wbEU2aFlhWlZEYWNmVXIzVHJ1elhxTl96XzEwZ3g3RkFsQlRHam5jcw?oc=5\" target=\"_blank\" rel=\"nofollow noopener\">Venstre raser mot Norgespris-hemmelighold<\/a>&nbsp;&nbsp;Montel News<\/li>\n<li><a href=\"https:\/\/news.google.com\/rss\/articles\/CBMijgFBVV95cUxNQXVneEFabFN3QXVzd2V1eFdnNUgxQ1Y3NkZWQUd2b3pJTnRjYmVRTDdnU09KT3ZFZjc5REdNVE13Y0VZbk5yM2hsd2FPRjRTaDh1WWR4VncyRlpFX3psako1NzJzMmhRMVFUc3ZfUF9vVWdDLU9QZGNvYmhLdHFZRWtUd1dFRGFkTmRiZXln?oc=5\" target=\"_blank\" rel=\"nofollow noopener\">Norgespris har lite \u00e5 si n\u00e5r nettleia eksploderer<\/a>&nbsp;&nbsp;document.no<\/li>\n<\/ol>\n","protected":false},"excerpt":{"rendered":"Nordmenn kaster seg over Norgespris: \u2013 Det er en katastrofe for kraftsystemet&nbsp;&nbsp;Finansavisen Norgespris eller ikke? Dette svarer folk&hellip;\n","protected":false},"author":2,"featured_media":45330,"comment_status":"","ping_status":"","sticky":false,"template":"","format":"standard","meta":{"footnotes":""},"categories":[5],"tags":[20,21,382,24,25,15,19,22,23,17,18,13,30,28,3333,29,14,16,26,27,7102],"class_list":{"0":"post-45329","1":"post","2":"type-post","3":"status-publish","4":"format-standard","5":"has-post-thumbnail","7":"category-overskrifter","8":"tag-breaking-news","9":"tag-breakingnews","10":"tag-energi","11":"tag-featured-news","12":"tag-featurednews","13":"tag-headlines","14":"tag-hovedoppslag","15":"tag-latest-news","16":"tag-latestnews","17":"tag-main-news","18":"tag-mainnews","19":"tag-news","20":"tag-no","21":"tag-norge","22":"tag-norgespris","23":"tag-norway","24":"tag-nyheter","25":"tag-overskrifter","26":"tag-top-stories","27":"tag-topstories","28":"tag-tor-reier-lilleholt"},"share_on_mastodon":{"url":"","error":""},"_links":{"self":[{"href":"https:\/\/www.europesays.com\/no\/wp-json\/wp\/v2\/posts\/45329","targetHints":{"allow":["GET"]}}],"collection":[{"href":"https:\/\/www.europesays.com\/no\/wp-json\/wp\/v2\/posts"}],"about":[{"href":"https:\/\/www.europesays.com\/no\/wp-json\/wp\/v2\/types\/post"}],"author":[{"embeddable":true,"href":"https:\/\/www.europesays.com\/no\/wp-json\/wp\/v2\/users\/2"}],"replies":[{"embeddable":true,"href":"https:\/\/www.europesays.com\/no\/wp-json\/wp\/v2\/comments?post=45329"}],"version-history":[{"count":0,"href":"https:\/\/www.europesays.com\/no\/wp-json\/wp\/v2\/posts\/45329\/revisions"}],"wp:featuredmedia":[{"embeddable":true,"href":"https:\/\/www.europesays.com\/no\/wp-json\/wp\/v2\/media\/45330"}],"wp:attachment":[{"href":"https:\/\/www.europesays.com\/no\/wp-json\/wp\/v2\/media?parent=45329"}],"wp:term":[{"taxonomy":"category","embeddable":true,"href":"https:\/\/www.europesays.com\/no\/wp-json\/wp\/v2\/categories?post=45329"},{"taxonomy":"post_tag","embeddable":true,"href":"https:\/\/www.europesays.com\/no\/wp-json\/wp\/v2\/tags?post=45329"}],"curies":[{"name":"wp","href":"https:\/\/api.w.org\/{rel}","templated":true}]}}