{"id":45379,"date":"2025-09-26T05:16:58","date_gmt":"2025-09-26T05:16:58","guid":{"rendered":"https:\/\/www.europesays.com\/no\/45379\/"},"modified":"2025-09-26T05:16:58","modified_gmt":"2025-09-26T05:16:58","slug":"tok-godte-grep-dinside","status":"publish","type":"post","link":"https:\/\/www.europesays.com\/no\/45379\/","title":{"rendered":"Tok godte-grep &#8211; DinSide"},"content":{"rendered":"<ol>\n<li><a href=\"https:\/\/news.google.com\/rss\/articles\/CBMia0FVX3lxTFBpaXBKU1hLTTNXWDUtUi00bHFTbkpYN0hnU1UtNjRDc1JiaF9mQ1BfcUU0djB1MjZJZ1NlZTd6WFlTdWQ5NnplX2FMUm9FUXlyaUN0M2c4Zi03bmg0clhoLXVJZm9jLW9QRTlZ?oc=5\" target=\"_blank\" rel=\"nofollow noopener\">Tok godte-grep<\/a>&nbsp;&nbsp;DinSide<\/li>\n<li><a href=\"https:\/\/news.google.com\/rss\/articles\/CBMibEFVX3lxTE1rSkw0Mi1MSlRZV1RfRlZ6UHNBNDU1OVBwMWc0cU4yTjZSaGR1MVZlLWxwY2hiNTdMdXRRSkZsV0lUSnJnbjNvOHlESEw2bFI4WTE0UGxwcTMxVFpxOXlERUtnTHp1Q1pVMWdnTQ?oc=5\" target=\"_blank\" rel=\"nofollow noopener\">Hjelp, n\u00e5 er disse i butikkene<\/a>&nbsp;&nbsp;kk.no<\/li>\n<li><a href=\"https:\/\/news.google.com\/rss\/articles\/CBMiqwFBVV95cUxQVlZGNFpGY1RvdnVvRWVGd0pGMkE4MkU4Z2F2UjBQbVpvTXpsZS1wUVl1SUduay15YnVjOE15YXhycmtwUld6S1hfQXpKOERqNlpsWmppSlJHdTRKTGE1Zmk2MzZteG5BSVFGVEFUNTNmUHJUOUNRYWxvWGl4WGJEQ2F2b1JMY0VVX2s4Zl84a1hzTGRVdmJ5NlV2VUFnV2wxUngwNmtQMmNIV2c?oc=5\" target=\"_blank\" rel=\"nofollow noopener\">N\u00e5 er nissene i butikken &#8211; flere har begynt \u00e5 handle<\/a>&nbsp;&nbsp;innherred.no<\/li>\n<li><a href=\"https:\/\/news.google.com\/rss\/articles\/CBMi0gFBVV95cUxPbHU4djBUOVhQS2o2cEJpLWpLUW1BbG5UeTdTVklGcUtHNTRNWUhrZ05KaVdrTmpiNlVsTHJvRXFiZldheVFCSGpMNU5laUNiREg4RU5JQ1pBMVVPN2FOUXBBUWs0MjYta2d4bFFuSzdsUmVsbkp3Zk1fUVh0c215RVRPZTdSbEpJcWRvMjdCREZpcDNpNG5sb2N5VUJfcVZGc2t4b1loUzJhOC1QTFpUZU9peWxkRkV0bDM5RWh2dEdFb0tFUmhwWHNWdXVXMS1xeGc?oc=5\" target=\"_blank\" rel=\"nofollow noopener\">Arbeidsliv, Sandnessj\u00f8en | N\u00e5 er det jul igjen: \u2013 Vi setter kryss p\u00e5 ei liste hver gang en kunde sier at det er for tidlig<\/a>&nbsp;&nbsp;iSandnessj\u00f8en<\/li>\n<li><a href=\"https:\/\/news.google.com\/rss\/articles\/CBMikAFBVV95cUxQdDF0d0lISHBsR1pVR1piZVdFbURFSmFLaTJud1ZRNXkyTDhfbkQ1ajlyX2dwanV2UXMtcjBFcVlGc2ltLU5waHpSYUFZMlFPc0NQZ0JfOV9yc1JIZldxQ1BoWm50QnU1VzhPUDdlSklnaFVQNm9GRHJkVGMta1NWc0MxeUtnSnVLZHNacjVQWjE?oc=5\" target=\"_blank\" rel=\"nofollow noopener\">Jula f\u00f8rst ute med jula: \u2013 Litt spesielt<\/a>&nbsp;&nbsp;steinkjer24.no<\/li>\n<\/ol>\n","protected":false},"excerpt":{"rendered":"Tok godte-grep&nbsp;&nbsp;DinSide Hjelp, n\u00e5 er disse i butikkene&nbsp;&nbsp;kk.no N\u00e5 er nissene i butikken &#8211; flere har begynt \u00e5&hellip;\n","protected":false},"author":2,"featured_media":45380,"comment_status":"","ping_status":"","sticky":false,"template":"","format":"standard","meta":{"footnotes":""},"categories":[56],"tags":[60,1332,61,728,5593,7104,6567,62,30,28,29,1394],"class_list":{"0":"post-45379","1":"post","2":"type-post","3":"status-publish","4":"format-standard","5":"has-post-thumbnail","7":"category-naeringsliv","8":"tag-business","9":"tag-dagligvarer","10":"tag-economy","11":"tag-fritid","12":"tag-jul","13":"tag-julemarsipan","14":"tag-julevarer","15":"tag-naeringsliv","16":"tag-no","17":"tag-norge","18":"tag-norway","19":"tag-rema-1000"},"share_on_mastodon":{"url":"","error":""},"_links":{"self":[{"href":"https:\/\/www.europesays.com\/no\/wp-json\/wp\/v2\/posts\/45379","targetHints":{"allow":["GET"]}}],"collection":[{"href":"https:\/\/www.europesays.com\/no\/wp-json\/wp\/v2\/posts"}],"about":[{"href":"https:\/\/www.europesays.com\/no\/wp-json\/wp\/v2\/types\/post"}],"author":[{"embeddable":true,"href":"https:\/\/www.europesays.com\/no\/wp-json\/wp\/v2\/users\/2"}],"replies":[{"embeddable":true,"href":"https:\/\/www.europesays.com\/no\/wp-json\/wp\/v2\/comments?post=45379"}],"version-history":[{"count":0,"href":"https:\/\/www.europesays.com\/no\/wp-json\/wp\/v2\/posts\/45379\/revisions"}],"wp:featuredmedia":[{"embeddable":true,"href":"https:\/\/www.europesays.com\/no\/wp-json\/wp\/v2\/media\/45380"}],"wp:attachment":[{"href":"https:\/\/www.europesays.com\/no\/wp-json\/wp\/v2\/media?parent=45379"}],"wp:term":[{"taxonomy":"category","embeddable":true,"href":"https:\/\/www.europesays.com\/no\/wp-json\/wp\/v2\/categories?post=45379"},{"taxonomy":"post_tag","embeddable":true,"href":"https:\/\/www.europesays.com\/no\/wp-json\/wp\/v2\/tags?post=45379"}],"curies":[{"name":"wp","href":"https:\/\/api.w.org\/{rel}","templated":true}]}}