{"id":45415,"date":"2025-09-26T05:59:12","date_gmt":"2025-09-26T05:59:12","guid":{"rendered":"https:\/\/www.europesays.com\/no\/45415\/"},"modified":"2025-09-26T05:59:12","modified_gmt":"2025-09-26T05:59:12","slug":"sor-korea-avfyrte-varselskudd-mot-nordkoreansk-skip","status":"publish","type":"post","link":"https:\/\/www.europesays.com\/no\/45415\/","title":{"rendered":"S\u00f8r-Korea avfyrte varselskudd mot nordkoreansk skip"},"content":{"rendered":"\n<p class=\"_lead_ew2ao_2 _lead_xtcu6_50 layout-component text-serif-m layout-normal text-serif-l layout-component layout-wide layout-padded _wide_17hqh_1 layout-padded\">Et nordkoreansk handelsskip krysset fredag en omstridt maritime grense til S\u00f8r-Korea. S\u00f8r-Korea svarte med \u00e5 avfyre varselskudd.<\/p>\n<ul aria-hidden=\"true\" class=\"_images_1y6fe_106\">\n<li><a class=\"_link_1y6fe_111\" href=\"https:\/\/www.vg.no\/forfatter\/ntb\" style=\"z-index:1\" title=\"NTB\" rel=\"nofollow noopener\" target=\"_blank\"><img alt=\"Bilde av NTB\" class=\"_image_1y6fe_88\" fetchpriority=\"low\" loading=\"lazy\" decoding=\"async\" itemprop=\"image\"  src=\"https:\/\/www.europesays.com\/no\/wp-content\/uploads\/2025\/09\/1758866352_346_c33980b0-5d07-4027-84a1-813f90a7c8d6\"  width=\"480\"\/><\/a><\/li>\n<\/ul>\n<p> Oppdatert fredag 26. september kl. 04:42     <\/p>\n<p class=\"_paragraph_ew2ao_4 _paragraph_xtcu6_10 layout-component text-serif-m layout-normal text-serif-m layout-padded\">Det nordkoreanske skipet skal deretter ha trukket seg ut av s\u00f8rkoreansk farvann, if\u00f8lge den s\u00f8rkoreanske generalstaben.<\/p>\n<p class=\"_paragraph_ew2ao_4 _paragraph_xtcu6_10 layout-component text-serif-m layout-normal text-serif-m layout-padded\">Hendelsen skjedde rundt klokken 5 fredag lokal tid. Skipet krysset en omstridt maritim grense i nord (NLL), som Nord-Korea ikke anerkjenner, if\u00f8lge nyhetsbyr\u00e5et AFP.<\/p>\n<p class=\"_paragraph_ew2ao_4 _paragraph_xtcu6_10 layout-component text-serif-m layout-normal text-serif-m layout-padded\">Hendelsen skjedde to dager etter at <a href=\"https:\/\/www.vg.no\/tag\/soer-korea?utm_source=vg-article&amp;utm_medium=auto-tagger&amp;utm_campaign=W0n3RL\" class=\"_link_ew2ao_39\" rel=\"nofollow noopener\" target=\"_blank\">S\u00f8r-Korea<\/a> gjennomf\u00f8rte milit\u00e6r\u00f8velser i omr\u00e5det.<\/p>\n","protected":false},"excerpt":{"rendered":"Et nordkoreansk handelsskip krysset fredag en omstridt maritime grense til S\u00f8r-Korea. S\u00f8r-Korea svarte med \u00e5 avfyre varselskudd. Oppdatert&hellip;\n","protected":false},"author":2,"featured_media":45416,"comment_status":"","ping_status":"","sticky":false,"template":"","format":"standard","meta":{"footnotes":""},"categories":[12],"tags":[20,21,24,25,15,22,23,13,30,1474,28,29,14,16,2354,26,27,42,43,44,45],"class_list":{"0":"post-45415","1":"post","2":"type-post","3":"status-publish","4":"format-standard","5":"has-post-thumbnail","7":"category-verden","8":"tag-breaking-news","9":"tag-breakingnews","10":"tag-featured-news","11":"tag-featurednews","12":"tag-headlines","13":"tag-latest-news","14":"tag-latestnews","15":"tag-news","16":"tag-no","17":"tag-nord-korea","18":"tag-norge","19":"tag-norway","20":"tag-nyheter","21":"tag-overskrifter","22":"tag-sor-korea","23":"tag-top-stories","24":"tag-topstories","25":"tag-verden","26":"tag-world","27":"tag-world-news","28":"tag-worldnews"},"share_on_mastodon":{"url":"","error":""},"_links":{"self":[{"href":"https:\/\/www.europesays.com\/no\/wp-json\/wp\/v2\/posts\/45415","targetHints":{"allow":["GET"]}}],"collection":[{"href":"https:\/\/www.europesays.com\/no\/wp-json\/wp\/v2\/posts"}],"about":[{"href":"https:\/\/www.europesays.com\/no\/wp-json\/wp\/v2\/types\/post"}],"author":[{"embeddable":true,"href":"https:\/\/www.europesays.com\/no\/wp-json\/wp\/v2\/users\/2"}],"replies":[{"embeddable":true,"href":"https:\/\/www.europesays.com\/no\/wp-json\/wp\/v2\/comments?post=45415"}],"version-history":[{"count":0,"href":"https:\/\/www.europesays.com\/no\/wp-json\/wp\/v2\/posts\/45415\/revisions"}],"wp:featuredmedia":[{"embeddable":true,"href":"https:\/\/www.europesays.com\/no\/wp-json\/wp\/v2\/media\/45416"}],"wp:attachment":[{"href":"https:\/\/www.europesays.com\/no\/wp-json\/wp\/v2\/media?parent=45415"}],"wp:term":[{"taxonomy":"category","embeddable":true,"href":"https:\/\/www.europesays.com\/no\/wp-json\/wp\/v2\/categories?post=45415"},{"taxonomy":"post_tag","embeddable":true,"href":"https:\/\/www.europesays.com\/no\/wp-json\/wp\/v2\/tags?post=45415"}],"curies":[{"name":"wp","href":"https:\/\/api.w.org\/{rel}","templated":true}]}}