{"id":45417,"date":"2025-09-26T06:00:08","date_gmt":"2025-09-26T06:00:08","guid":{"rendered":"https:\/\/www.europesays.com\/no\/45417\/"},"modified":"2025-09-26T06:00:08","modified_gmt":"2025-09-26T06:00:08","slug":"helse-luftveisinfeksjon-okning-i-infeksjoner-na-starter-vaksineringen-for-fullt","status":"publish","type":"post","link":"https:\/\/www.europesays.com\/no\/45417\/","title":{"rendered":"Helse, Luftveisinfeksjon | \u00d8kning i infeksjoner \u2013 n\u00e5 starter vaksineringen for fullt"},"content":{"rendered":"\n<p>\u2013 Som normalt for \u00e5rstiden sees en \u00f8kning i luftveisinfeksjoner i befolkningen. Det er mest rhinovirusinfeksjoner, etterfulgt av covid-19. Forekomsten av rhinovirusinfeksjoner er n\u00e5 relativt stabil, mens det var en liten nedgang i covid-19 siste to uker, skriver Folkehelseinstituttet (FHI) i <a rel=\"noopener nofollow\" href=\"https:\/\/www.fhi.no\/publ\/statusrapporter\/luftveisinfeksjoner\/\" target=\"_blank\">ukesrapporten<\/a>.<\/p>\n<p>Rhinovirusinfeksjon har h\u00f8yest forekomst i aldersgruppen 0\u20134 \u00e5r. Viruset ble p\u00e5vist i omtrent 225 pr\u00f8ver fra innlagte pasienter i uke 38 og 37, etter rundt 205 positive pr\u00f8ver i uke 36.<\/p>\n<p>Andel pr\u00f8ver med p\u00e5vist SARS-CoV-2 var p\u00e5 7 prosent i uke 38 etter 8 prosent i uke 37. SARS-CoV-2 ble p\u00e5vist i rundt 150 pr\u00f8ver fra innlagte pasienter i uke 38 etter rundt 190 i uke 37. Det er rekombinanten XFG som er dominerende n\u00e5.<\/p>\n<p>FHI har egne nettsider med <a rel=\"noopener nofollow\" href=\"https:\/\/www.fhi.no\/sm\/luftveisinfeksjoner\/\" target=\"_blank\">informasjon og r\u00e5d om smittevern<\/a>. Hovedm\u00e5let med smittevernr\u00e5dene deres er \u00e5 redusere smitte til personer som har h\u00f8yere risiko for \u00e5 bli alvorlig syke av luftveisinfeksjoner, som spedbarn, kronisk syke og eldre.<\/p>\n<p>Vaksinering mot influensa og covid-19 vil alts\u00e5 starte for fullt fra uke 40, n\u00e5r distribusjon av influensavaksinene til vaksinasjonsprogrammet starter.<\/p>\n<p>(\u00a9NTB)<\/p>\n","protected":false},"excerpt":{"rendered":"\u2013 Som normalt for \u00e5rstiden sees en \u00f8kning i luftveisinfeksjoner i befolkningen. Det er mest rhinovirusinfeksjoner, etterfulgt av&hellip;\n","protected":false},"author":2,"featured_media":45418,"comment_status":"","ping_status":"","sticky":false,"template":"","format":"standard","meta":{"footnotes":""},"categories":[10],"tags":[36,20,21,24,25,15,736,22,23,7114,13,30,28,29,14,16,1510,26,27,663],"class_list":{"0":"post-45417","1":"post","2":"type-post","3":"status-publish","4":"format-standard","5":"has-post-thumbnail","7":"category-norge","8":"tag-art","9":"tag-breaking-news","10":"tag-breakingnews","11":"tag-featured-news","12":"tag-featurednews","13":"tag-headlines","14":"tag-helse","15":"tag-latest-news","16":"tag-latestnews","17":"tag-luftveisinfeksjon","18":"tag-news","19":"tag-no","20":"tag-norge","21":"tag-norway","22":"tag-nyheter","23":"tag-overskrifter","24":"tag-story","25":"tag-top-stories","26":"tag-topstories","27":"tag-vaksine"},"share_on_mastodon":{"url":"","error":""},"_links":{"self":[{"href":"https:\/\/www.europesays.com\/no\/wp-json\/wp\/v2\/posts\/45417","targetHints":{"allow":["GET"]}}],"collection":[{"href":"https:\/\/www.europesays.com\/no\/wp-json\/wp\/v2\/posts"}],"about":[{"href":"https:\/\/www.europesays.com\/no\/wp-json\/wp\/v2\/types\/post"}],"author":[{"embeddable":true,"href":"https:\/\/www.europesays.com\/no\/wp-json\/wp\/v2\/users\/2"}],"replies":[{"embeddable":true,"href":"https:\/\/www.europesays.com\/no\/wp-json\/wp\/v2\/comments?post=45417"}],"version-history":[{"count":0,"href":"https:\/\/www.europesays.com\/no\/wp-json\/wp\/v2\/posts\/45417\/revisions"}],"wp:featuredmedia":[{"embeddable":true,"href":"https:\/\/www.europesays.com\/no\/wp-json\/wp\/v2\/media\/45418"}],"wp:attachment":[{"href":"https:\/\/www.europesays.com\/no\/wp-json\/wp\/v2\/media?parent=45417"}],"wp:term":[{"taxonomy":"category","embeddable":true,"href":"https:\/\/www.europesays.com\/no\/wp-json\/wp\/v2\/categories?post=45417"},{"taxonomy":"post_tag","embeddable":true,"href":"https:\/\/www.europesays.com\/no\/wp-json\/wp\/v2\/tags?post=45417"}],"curies":[{"name":"wp","href":"https:\/\/api.w.org\/{rel}","templated":true}]}}