{"id":45444,"date":"2025-09-26T06:53:10","date_gmt":"2025-09-26T06:53:10","guid":{"rendered":"https:\/\/www.europesays.com\/no\/45444\/"},"modified":"2025-09-26T06:53:10","modified_gmt":"2025-09-26T06:53:10","slug":"jonas-bergstrom-kjoper-luksusvilla-i-djursholm-naer-prinsesse-madeleine","status":"publish","type":"post","link":"https:\/\/www.europesays.com\/no\/45444\/","title":{"rendered":"Jonas Bergstr\u00f6m kj\u00f8per luksusvilla i Djursholm, n\u00e6r prinsesse Madeleine"},"content":{"rendered":"<p class=\"kicker \" style=\"\">Prinsesse Madeleine<\/p>\n<p>  Et rekorddyrt huskj\u00f8p plasserer Jonas Bergstr\u00f6m tett p\u00e5 prinsesse Madeleines nye liv i Sverige.<\/p>\n<p>\n    TILBAKEBLIKK: De var Sveriges heteste par da dette bildet ble tatt i 2009. \u00c5ret etter ble forlovelsen brutt og Madeleine flyttet til New York. Foto: Fredrik Sandberg \/ AP Photo \/ NTB\n  <\/p>\n<p>Det er ingen tvil om at Jonas Bergstr\u00f6m (46) og kona\u00a0Stephanie af Klercker Bergstr\u00f6m (42) har f\u00e5tt tak i en av Sveriges mest ettertraktede boliger.\u00a0<\/p>\n<p>    <a itemprop=\"url\" href=\"https:\/\/www.seher.no\/kongelig\/viste-seg-etter-flere-maneder\/83644026\" rel=\"nofollow noopener\" target=\"_blank\"><\/p>\n<p>      <img loading=\"lazy\" decoding=\"async\" src=\"https:\/\/www.europesays.com\/no\/wp-content\/uploads\/2025\/09\/83644060.webp\" width=\"147\" height=\"98\" title=\"Viste seg etter flere m\u00e5neder\" alt=\"\" class=\"lazyload\" style=\"--aspect-ratio-image: 1.50; \"\/><\/p>\n<p>        Viste seg etter flere m\u00e5neder<\/p>\n<p>    <\/a><\/p>\n<p class=\"font-weight-bold m-font-weight-bold\" data-lab-font_weight=\"font-weight-bold\">Paret har nettopp kj\u00f8pt en villa i idylliske Djursholm p\u00e5 hele 330 kvadratmeter, med ti rom og en tomt p\u00e5 2300 kvadratmeter.\u00a0<\/p>\n<p>Prisen l\u00e5 p\u00e5 svimlende 70 millioner kroner, og skal v\u00e6re en av de dyreste villaene som er solgt i Sverige hittil i \u00e5r.<\/p>\n<p>          <img loading=\"lazy\" decoding=\"async\" src=\"https:\/\/www.europesays.com\/no\/wp-content\/uploads\/2025\/09\/83643460.webp\" width=\"686\" height=\"577\" title=\"FAR: Jonas Bergstr\u00f6m har tre barn sammen med kona Stephanie. N\u00e5 flytter familien til en av Sveriges dyreste boliger. Foto: Instagram \/ @steffibergstrom\" alt=\"\" class=\"\" style=\"--aspect-ratio-image: 1.19; \"\/><\/p>\n<p>\n          FAR: Jonas Bergstr\u00f6m har tre barn sammen med kona Stephanie. N\u00e5 flytter familien til en av Sveriges dyreste boliger. Foto: Instagram \/ @steffibergstrom\n      <\/p>\n<p class=\"font-weight-light m-font-weight-light\" data-lab-font_weight=\"font-weight-light\">&#8211; Det er et dr\u00f8mmehus som sv\u00e6rt f\u00e5 har r\u00e5d til. Selv her ute er dette et sjeldent vakkert objekt med perfekt beliggenhet, sier en lokal megler til det svenske mediet\u00a0<a href=\"https:\/\/www.hant.se\/noje\/vannerna-i-chock-jonas-bergstroms-beslut-med-hustrun-stephanie-sallsynt\/11036720\" rel=\"nofollow noopener\" target=\"_blank\">H\u00e4nt<\/a>.<\/p>\n<p class=\"font-weight-bold m-font-weight-bold\" data-lab-font_weight=\"font-weight-bold\">I omr\u00e5det bor ogs\u00e5 flere av prinsesse Madeleines n\u00e6re venner, skriver <a href=\"https:\/\/www.svenskdam.se\/kungligt\/exet-jonas-bergstroms-besked-till-madeleine-inte-helt-angenam\/11041840\" rel=\"nofollow noopener\" target=\"_blank\">Svensk Damtidning<\/a>, noe som kan f\u00f8re til hodebry som prinsessen m\u00e5 forholde seg til ettersom Jonas er prinsessens eksforlovede.\u00a0<\/p>\n<p>        TURBULENT: Kongen diskuterer den nye Netflix dokumentaren til prinsesse M\u00e4rtha Louise og Durek Verrett. Video: NTB. <\/p>\n<p>Fra ABBA-kupp til ny kjempevilla\t<\/p>\n<p>I fjor solgte ekteparet Bergstr\u00f6m sitt tidligere hjem \u00abVilla Stora Astringe\u00bb p\u00e5 Djurg\u00e5rden. Salget gikk til ingen ringere enn ABBA-legenden Bj\u00f6rn Ulvaeus (79) og kj\u00e6resten Christina Sas (52).\u00a0<\/p>\n<p>ABBA-legenden kj\u00f8pte det gule huset til 60 millioner, nesten dobbelt s\u00e5 mye som Bergstr\u00f6m betalte for huset da familien flyttet inn i 2019.\u00a0<\/p>\n<p>Dermed kunne Jonas og Stephanie dra videre med en solid gevinst i lomma.<\/p>\n<p>Allerede ved midtsommer sto flyttebilene klare, og paret &#8211; med barna Katinka (11), Sebastian (9) og Wilhelm (6) &#8211;\u00a0 kunne starte sitt nye liv i luksusomgivelser i Djursholm.<\/p>\n<p>Eksforlovelsen som fortsatt kaster skygger\t<\/p>\n<p>For prinsesse Madeleine (42) betyr flyttingen mer enn bare at en gammel bekjent har f\u00e5tt seg et nytt hjem.\u00a0<\/p>\n<p class=\"font-weight-bold m-font-weight-bold\" data-lab-font_weight=\"font-weight-bold\">Jonas Bergstr\u00f6m var tross alt hennes forlovede frem til 2010, da forholdet sprakk etter at Jonas var utro mot prinsessen.\u00a0<\/p>\n<p>    <a itemprop=\"url\" href=\"https:\/\/www.seher.no\/kongelig\/skandalen-som-rystet-sverige\/78173549\" rel=\"nofollow noopener\" target=\"_blank\"><\/p>\n<p>      <img loading=\"lazy\" decoding=\"async\" src=\"https:\/\/www.europesays.com\/no\/wp-content\/uploads\/2025\/09\/78173832.webp\" width=\"147\" height=\"100\" title=\"Skandalen som rystet Sverige\" alt=\"\" class=\"lazyload\" style=\"--aspect-ratio-image: 1.47; \"\/><\/p>\n<p>        Skandalen som rystet Sverige<\/p>\n<p>    <\/a><\/p>\n<p>En norsk kvinne fortalte nemlig til Se og H\u00f8r i 2010 at hun hadde hatt en aff\u00e6re med Madeleines forlovede, og fortalte om en intim natt p\u00e5 et hotell i \u00c5re i Sverige.<\/p>\n<p>          <img loading=\"lazy\" decoding=\"async\" src=\"https:\/\/www.europesays.com\/no\/wp-content\/uploads\/2025\/09\/83644449.webp\" width=\"686\" height=\"515\" title=\"HETT KYSS: Jonas og prinsesse Madeleine klinte til p\u00e5 solsengen i Marbella. Foto: NTB\" alt=\"\" class=\"\" style=\"--aspect-ratio-image: 1.33; \"\/><\/p>\n<p>\n          HETT KYSS: Jonas og prinsesse Madeleine klinte til p\u00e5 solsengen i Marbella. Foto: NTB\n      <\/p>\n<p>Jonas skal selv ha fortalt prinsesse Madeleine om anklagene flere m\u00e5neder f\u00f8r bruddet var et faktum, og hevdet hele tiden sin uskyld.\u00a0<\/p>\n<p><a href=\"https:\/\/www.seher.no\/kongelig\/na-blusser-utro-skandalen-opp-igjen\/71946514\" rel=\"nofollow noopener\" target=\"_blank\">Se og H\u00f8rs forsideoppslag skal derimot ha v\u00e6rt spikeren i kista<\/a>\u00a0for den svenske prinsessen.<\/p>\n<p>          <img loading=\"lazy\" decoding=\"async\" src=\"https:\/\/www.europesays.com\/no\/wp-content\/uploads\/2025\/09\/83029280.webp\" width=\"686\" height=\"652\" title=\"STOCKHOLM: Jonas Bergstr\u00f6m fotografert sammen med dronning Mary, kronprinsesse Mette-Marit, prinsesse Madeleine, kronprinsesse Victoria, prins Daniel, dronning Silvia og kong Carl Gustaf i 2009. Foto: Pontus Lundahl \/ Scanpix\" alt=\"\" class=\"\" style=\"--aspect-ratio-image: 1.05; \"\/><\/p>\n<p>\n          STOCKHOLM: Jonas Bergstr\u00f6m fotografert sammen med dronning Mary, kronprinsesse Mette-Marit, prinsesse Madeleine, kronprinsesse Victoria, prins Daniel, dronning Silvia og kong Carl Gustaf i 2009. Foto: Pontus Lundahl \/ Scanpix\n      <\/p>\n<p>Bruddet ble en stor skandale i Sverige, og ikke minst pikant ettersom Stephanie, Jonas\u2019 n\u00e5v\u00e6rende kone, i sin tid var en av Madeleines venninner.<\/p>\n<p>    <a itemprop=\"url\" href=\"https:\/\/www.seher.no\/kongelig\/tatt-pa-fersken\/83638887\" rel=\"nofollow noopener\" target=\"_blank\"><\/p>\n<p>      <img loading=\"lazy\" decoding=\"async\" src=\"https:\/\/www.europesays.com\/no\/wp-content\/uploads\/2025\/09\/1758869589_595_83639075.webp\" width=\"147\" height=\"98\" title=\"Tatt p\u00e5 fersken\" alt=\"\" class=\"lazyload\" style=\"--aspect-ratio-image: 1.50; \"\/><\/p>\n<p>        Tatt p\u00e5 fersken<\/p>\n<p>    <\/a><\/p>\n<p class=\"font-weight-bold m-font-weight-bold\" data-lab-font_weight=\"font-weight-bold\">&#8211; Madeleine og Jonas har ingen kontakt i dag, men de beveger seg i de samme kretsene. Det gj\u00f8r at de kan st\u00f8te p\u00e5 hverandre n\u00e5r som helst, enten p\u00e5 en \u00abpowerwalk\u00bb p\u00e5 Djurg\u00e5rden, en lunsj p\u00e5 Strandv\u00e4gen eller n\u00e5 ogs\u00e5 i Djursholm, sier Svensk Damtidnings kongehusekspert Ellen Myrg\u00e5rd Lind\u00e9n.<\/p>\n<p>Faktisk skal de to ha m\u00f8ttes s\u00e5 sent som i sommer, da H&amp;M-arving Karl-Johan Persson (50) inviterte til stor bursdagsfest p\u00e5 Rosendals Tr\u00e4dg\u00e5rdar.<\/p>\n<p>        PUSTER LITT: Mette-Marit holdt tale under fylkesturen til Buskerud, og under opptredenen m\u00e5tte hun beklage. Video: H\u00e5vard Bj\u00f8rnerem \/\/ Reporter: Caroline Vagle<\/p>\n<p>Tilbake i samme milj\u00f8\t<\/p>\n<p>Prinsesse Madeleine og ektemannen Chris O\u2019Neill (50) flyttet i fjor tilbake til Sverige etter flere \u00e5r i Florida. Familien er n\u00e5 tilbake i Stockholm, midt i det samme sosiale milj\u00f8et som eksforloveden.<\/p>\n<p>Paret bor i en av de kongelige leilighetene p\u00e5 Hovstallet, de historiske stallbygningene p\u00e5 \u00d6stermalm, bare et steinkast fra Strandv\u00e4gen og Stureplan.<\/p>\n<p>          <img loading=\"lazy\" decoding=\"async\" src=\"https:\/\/www.europesays.com\/no\/wp-content\/uploads\/2025\/09\/83644483.webp\" width=\"980\" height=\"559\" title=\"\u00c6RVERDIG: Hovstallet p\u00e5 \u00d6stermalm huser b\u00e5de kongefamiliens hester og leiligheter. Her bor prinsesse Madeleine og Chris O\u2019Neill. Foto: Sanna Argus Tir\u00e9n\/Kungl. Hovstaterna\/The Royal Court, Sweden\" alt=\"\" class=\"\" style=\"--aspect-ratio-image: 1.75; \"\/><\/p>\n<p>\n          \u00c6RVERDIG: Hovstallet p\u00e5 \u00d6stermalm huser b\u00e5de kongefamiliens hester og leiligheter. Her bor prinsesse Madeleine og Chris O\u2019Neill. Foto: Sanna Argus Tir\u00e9n\/Kungl. Hovstaterna\/The Royal Court, Sweden\n      <\/p>\n<p>Leiligheten er skjermet for innsyn, men ligger samtidig i hjertet av byen.<\/p>\n<p>Dermed kan gamle s\u00e5r og ubehagelige minner plutselig dukke opp igjen, dersom det er selskap, arrangementer i nabolaget eller eksklusive sammenkomster i byen.<\/p>\n<p>          <img loading=\"lazy\" decoding=\"async\" src=\"https:\/\/www.europesays.com\/no\/wp-content\/uploads\/2025\/09\/83643439.webp\" width=\"686\" height=\"673\" title=\"STOCKHOLM: Som partner i advokatfirmaet Vinge tjener Jonas Bergstr\u00f6m fett. N\u00e5 bruker han formuen p\u00e5 luksusvilla til 70 millioner. Foto: Joey Abrait \/ DI \/ TT \/ NTB\" alt=\"\" class=\"\" style=\"--aspect-ratio-image: 1.02; \"\/><\/p>\n<p>\n          STOCKHOLM: Som partner i advokatfirmaet Vinge tjener Jonas Bergstr\u00f6m fett. N\u00e5 bruker han formuen p\u00e5 luksusvilla til 70 millioner. Foto: Joey Abrait \/ DI \/ TT \/ NTB\n      <\/p>\n<p>Jonas Bergstr\u00f6m er partner i det prestisjetunge advokatfirmaet Vinge, og har v\u00e6rt knyttet til investeringsselskapet Fidelio Capital.\u00a0<\/p>\n<p>Den \u00f8konomiske tyngden gj\u00f8r det mulig \u00e5 kj\u00f8pe seg inn i en boligklasse forbeholdt Sveriges aller rikeste.\u00a0 Og med den nye villaen i Djursholm har han og Stephanie befestet sin posisjon blant Sveriges sosietetselite.<\/p>\n<p>    <a itemprop=\"url\" href=\"https:\/\/www.seher.no\/kjendis\/bryter-tausheten\/83642122\" rel=\"nofollow noopener\" target=\"_blank\"><\/p>\n<p>      <img loading=\"lazy\" decoding=\"async\" src=\"https:\/\/www.europesays.com\/no\/wp-content\/uploads\/2025\/09\/83642178.webp\" width=\"980\" height=\"441\" title=\"Bryter tausheten\" alt=\"\" class=\"lazyload\" style=\"--aspect-ratio-image: 2.22; \"\/><\/p>\n<p>        Bryter tausheten<\/p>\n<p>    <\/a><\/p>\n<p>For prinsesse Madeleine kan det derimot bety at veien hjem til Sverige ble mer komplisert enn hun hadde h\u00e5pet.<\/p>\n","protected":false},"excerpt":{"rendered":"Prinsesse Madeleine Et rekorddyrt huskj\u00f8p plasserer Jonas Bergstr\u00f6m tett p\u00e5 prinsesse Madeleines nye liv i Sverige. TILBAKEBLIKK: De&hellip;\n","protected":false},"author":2,"featured_media":45445,"comment_status":"","ping_status":"","sticky":false,"template":"","format":"standard","meta":{"footnotes":""},"categories":[58],"tags":[5036,71,7118,2543,76,30,28,29,5100,72],"class_list":{"0":"post-45444","1":"post","2":"type-post","3":"status-publish","4":"format-standard","5":"has-post-thumbnail","7":"category-underholdning","8":"tag-det-svenske-kongehuset","9":"tag-entertainment","10":"tag-jonas-bergstrom","11":"tag-kjendisdesken","12":"tag-kongelig","13":"tag-no","14":"tag-norge","15":"tag-norway","16":"tag-prinsesse-madeleine","17":"tag-underholdning"},"share_on_mastodon":{"url":"","error":""},"_links":{"self":[{"href":"https:\/\/www.europesays.com\/no\/wp-json\/wp\/v2\/posts\/45444","targetHints":{"allow":["GET"]}}],"collection":[{"href":"https:\/\/www.europesays.com\/no\/wp-json\/wp\/v2\/posts"}],"about":[{"href":"https:\/\/www.europesays.com\/no\/wp-json\/wp\/v2\/types\/post"}],"author":[{"embeddable":true,"href":"https:\/\/www.europesays.com\/no\/wp-json\/wp\/v2\/users\/2"}],"replies":[{"embeddable":true,"href":"https:\/\/www.europesays.com\/no\/wp-json\/wp\/v2\/comments?post=45444"}],"version-history":[{"count":0,"href":"https:\/\/www.europesays.com\/no\/wp-json\/wp\/v2\/posts\/45444\/revisions"}],"wp:featuredmedia":[{"embeddable":true,"href":"https:\/\/www.europesays.com\/no\/wp-json\/wp\/v2\/media\/45445"}],"wp:attachment":[{"href":"https:\/\/www.europesays.com\/no\/wp-json\/wp\/v2\/media?parent=45444"}],"wp:term":[{"taxonomy":"category","embeddable":true,"href":"https:\/\/www.europesays.com\/no\/wp-json\/wp\/v2\/categories?post=45444"},{"taxonomy":"post_tag","embeddable":true,"href":"https:\/\/www.europesays.com\/no\/wp-json\/wp\/v2\/tags?post=45444"}],"curies":[{"name":"wp","href":"https:\/\/api.w.org\/{rel}","templated":true}]}}