{"id":45465,"date":"2025-09-26T07:14:12","date_gmt":"2025-09-26T07:14:12","guid":{"rendered":"https:\/\/www.europesays.com\/no\/45465\/"},"modified":"2025-09-26T07:14:12","modified_gmt":"2025-09-26T07:14:12","slug":"trylling-spar-s-sigurd-14-har-fulgt-drommen-siden-han-var-fem-ar-jeg-tar-sa-mange-oppdrag-jeg-kan","status":"publish","type":"post","link":"https:\/\/www.europesays.com\/no\/45465\/","title":{"rendered":"Trylling, Spar S | Sigurd (14) har fulgt dr\u00f8mmen siden han var fem \u00e5r: \u2013 Jeg tar s\u00e5 mange oppdrag jeg kan"},"content":{"rendered":"\n<p>I helgen deltok Sigurd Helseth (14), ogs\u00e5 kjent som \u00abSpar S\u00bb, i NM i trylling i Fredrikstad.<\/p>\n<p>Den unge tryllekunstneren fra T\u00f8nsberg konkurrerte i scenekunst i juniorklassen for de under 18 \u00e5r. Der endte han opp p\u00e5 en delt tredjeplass.<\/p>\n<p><b>\u2013 Det var veldig g\u00f8y og det var et veldig bra opplegg, sier Sigurd Helseth til T\u00f8nsbergs Blad mandag.<\/b><\/p>\n<p>Han sier at det var spesielt hyggelig \u00e5 f\u00e5 m\u00e5te mange av de andre juniorene, i tillegg til flere av de store tryllekunstnerne i landet.<\/p>\n<p><b>\u2013 Vi er veldig f\u00e5 og f\u00e5r ikke m\u00f8ttes s\u00e5 ofte siden vi er spredt rundt i Norge. Da er det veldig fint \u00e5 ha et sted hvor vi kan m\u00f8tes for \u00e5 vise triks og l\u00e6re av hverandre. <\/b><\/p>\n<p>Trives best p\u00e5 scenen<\/p>\n<p>Helseth driver med b\u00e5de trylling p\u00e5 scene og s\u00e5kalt close-up der han tryller foran et publikum som st\u00e5r n\u00e6rme.<\/p>\n<p><b>\u2013 N\u00e5r jeg holder p\u00e5 med n\u00e6rmagi og close-up g\u00e5r det mye i triks med mynter og kort. N\u00e5r jeg st\u00e5r p\u00e5 en scene gj\u00f8r jeg for eksempel en \u00abquick change\u00bb og skifter antrekk p\u00e5 to sekunder uten at publikum rekker \u00e5 se det. <\/b><\/p>\n<p>Han forteller at det er mange forskjellige trylle-kategorier, men trylling p\u00e5 scene er det han gj\u00f8r mest av.<\/p>\n<p>   <img decoding=\"async\" width=\"3024\" height=\"4032\" fetchpriority=\"low\"  loading=\"lazy\"  src=\"https:\/\/www.europesays.com\/no\/wp-content\/uploads\/2025\/09\/IMG_3085_1.HEIC\" alt=\"\" class=\"brick-c-cFOWSL\" style=\"--brick-image-ratio: 3024 \/ 4032;\"\/><\/p>\n<p>    SPAR S: Tryllekunstneren h\u00e5per \u00e5 kunne leve av tryllingen en dag.<br \/>\n    Foto: Privat\n  <\/p>\n<p>  \u2013 Jeg ble s\u00e5 inspirert<\/p>\n<p>14-\u00e5ringen har drevet med trylling helt siden han var fem \u00e5r gammel.<\/p>\n<p><b>Det var etter et bes\u00f8k av en tryllekunstner i barnehagen at lidenskapen hans for trylling ble f\u00f8dt. <\/b><\/p>\n<p>\u2013 I barnehagen s\u00e5 jeg en tryllekunstner som heter Magic Curty. Da ble jeg s\u00e5 inspirert.<\/p>\n<p><b>\u2013 Og n\u00e5 har jeg blitt kjent med han gjennom tryllingen. Jeg er veldig takknemlig for at han hadde det showet.<\/b><\/p>\n<p>N\u00e5 er Helseths dr\u00f8m \u00e5 kunne leve av tryllekunsten.<\/p>\n<p><b>\u2013 Jeg hadde elsket \u00e5 leve av tryllingen. Jeg h\u00e5per \u00e5 f\u00e5 til noe s\u00e5nt og at det funker. Jeg tar s\u00e5 mange jobber jeg kan og opptrer s\u00e5 mye som mulig, sier tryllekunstneren.<\/b><\/p>\n<p>  <a href=\"https:\/\/www.tb.no\/5-76-2683859\" class=\"related-teaser has-image default-story-teaser article--c-eRUmMG article--c-eRUmMG-jKCPdD-design-default\" rel=\"nofollow noopener\" target=\"_blank\"><\/p>\n<p>    <img decoding=\"async\" loading=\"lazy\"  src=\"https:\/\/www.europesays.com\/no\/wp-content\/uploads\/2025\/09\/IMG_8359.JPG\" alt=\"\" class=\"brick-c-cFOWSL\" style=\"\"\/><\/p>\n<p>\n            Les ogs\u00e5<\/p>\n<p>              Gladmelding: \u2013 \u00c5pner flere m\u00e5neder f\u00f8r!\n        <\/p>\n<p>  <\/a><\/p>\n<p>  <a href=\"https:\/\/www.tb.no\/5-76-2683951\" class=\"related-teaser has-image default-story-teaser article--c-eRUmMG article--c-eRUmMG-jKCPdD-design-default\" rel=\"nofollow noopener\" target=\"_blank\"><\/p>\n<p>    <img decoding=\"async\" loading=\"lazy\"  src=\"https:\/\/www.europesays.com\/no\/wp-content\/uploads\/2025\/09\/5_76_1531230+e18_gulli_flykafeen.jpg\" alt=\"\" class=\"brick-c-cFOWSL\" style=\"\"\/><\/p>\n<p>\n            Les ogs\u00e5<\/p>\n<p>              Kj\u00f8rte altfor fort med henger p\u00e5 E18 \u2013 mistet lappen p\u00e5 stedet\n        <\/p>\n<p>  <\/a><\/p>\n<p>  <a href=\"https:\/\/www.tb.no\/5-76-2484701\" class=\"related-teaser default-story-teaser article--c-eRUmMG article--c-eRUmMG-jKCPdD-design-default article--c-eRUmMG-kpKLOW-cv\" rel=\"nofollow noopener\" target=\"_blank\"><\/p>\n<p>\n            Les ogs\u00e5<\/p>\n<p>              Alexx Alexxander takker t\u00f8nsbergfolket\n        <\/p>\n<p>  <\/a><\/p>\n","protected":false},"excerpt":{"rendered":"I helgen deltok Sigurd Helseth (14), ogs\u00e5 kjent som \u00abSpar S\u00bb, i NM i trylling i Fredrikstad. Den&hellip;\n","protected":false},"author":2,"featured_media":45466,"comment_status":"","ping_status":"","sticky":false,"template":"","format":"standard","meta":{"footnotes":""},"categories":[58],"tags":[36,71,410,30,28,29,7131,1510,431,7130,72],"class_list":{"0":"post-45465","1":"post","2":"type-post","3":"status-publish","4":"format-standard","5":"has-post-thumbnail","7":"category-underholdning","8":"tag-art","9":"tag-entertainment","10":"tag-kultur","11":"tag-no","12":"tag-norge","13":"tag-norway","14":"tag-spar-s","15":"tag-story","16":"tag-tonsberg","17":"tag-trylling","18":"tag-underholdning"},"share_on_mastodon":{"url":"","error":""},"_links":{"self":[{"href":"https:\/\/www.europesays.com\/no\/wp-json\/wp\/v2\/posts\/45465","targetHints":{"allow":["GET"]}}],"collection":[{"href":"https:\/\/www.europesays.com\/no\/wp-json\/wp\/v2\/posts"}],"about":[{"href":"https:\/\/www.europesays.com\/no\/wp-json\/wp\/v2\/types\/post"}],"author":[{"embeddable":true,"href":"https:\/\/www.europesays.com\/no\/wp-json\/wp\/v2\/users\/2"}],"replies":[{"embeddable":true,"href":"https:\/\/www.europesays.com\/no\/wp-json\/wp\/v2\/comments?post=45465"}],"version-history":[{"count":0,"href":"https:\/\/www.europesays.com\/no\/wp-json\/wp\/v2\/posts\/45465\/revisions"}],"wp:featuredmedia":[{"embeddable":true,"href":"https:\/\/www.europesays.com\/no\/wp-json\/wp\/v2\/media\/45466"}],"wp:attachment":[{"href":"https:\/\/www.europesays.com\/no\/wp-json\/wp\/v2\/media?parent=45465"}],"wp:term":[{"taxonomy":"category","embeddable":true,"href":"https:\/\/www.europesays.com\/no\/wp-json\/wp\/v2\/categories?post=45465"},{"taxonomy":"post_tag","embeddable":true,"href":"https:\/\/www.europesays.com\/no\/wp-json\/wp\/v2\/tags?post=45465"}],"curies":[{"name":"wp","href":"https:\/\/api.w.org\/{rel}","templated":true}]}}