{"id":45521,"date":"2025-09-26T08:24:09","date_gmt":"2025-09-26T08:24:09","guid":{"rendered":"https:\/\/www.europesays.com\/no\/45521\/"},"modified":"2025-09-26T08:24:09","modified_gmt":"2025-09-26T08:24:09","slug":"bella-hadid-tilbake-pa-treningssenteret-etter-sykehusopphold","status":"publish","type":"post","link":"https:\/\/www.europesays.com\/no\/45521\/","title":{"rendered":"Bella Hadid tilbake p\u00e5 treningssenteret etter sykehusopphold"},"content":{"rendered":"\n<p class=\"_lead_ew2ao_2 _lead_xtcu6_50 layout-component text-serif-m layout-normal text-serif-l layout-component layout-wide layout-padded _wide_17hqh_1 layout-padded\">Bella Hadid er p\u00e5 bena etter sykehusopphold.<\/p>\n<p><img alt=\"Var innlagt p\u00e5 sykehus: Supermodell Bella Hadid. Her fotografert p\u00e5 filmfestivalen i Cannes tidligere i \u00e5r. Foto: Scott A Garfitt \/ AP \/ NTB\" class=\"_image_qp4xg_65 layout-component layout-wide\" data-fullscreen- data-track-element-type=\"Article image fullscreen\" data-track-name=\"ImageFullscreen\" fetchpriority=\"high\" decoding=\"sync\" loading=\"eager\" height=\"2813\" itemprop=\"image\"  src=\"https:\/\/www.europesays.com\/no\/wp-content\/uploads\/2025\/09\/64c38b75-2c5a-42a1-9fb7-d45f695d4bb4\"  style=\"object-position:0% 0%\" width=\"3659\"\/>Var innlagt p\u00e5 sykehus: Supermodell Bella Hadid. Her fotografert p\u00e5 filmfestivalen i Cannes tidligere i \u00e5r. Foto: Scott A Garfitt \/ AP \/ NTB<\/p>\n<ul aria-hidden=\"true\" class=\"_images_1y6fe_106\">\n<li><a class=\"_link_1y6fe_111\" href=\"https:\/\/www.vg.no\/forfatter\/nora-holm-aftret\" style=\"z-index:1\" title=\"Nora Holm Aftret\" rel=\"nofollow noopener\" target=\"_blank\"><img alt=\"Bilde av Nora Holm Aftret\" class=\"_image_1y6fe_88\" fetchpriority=\"low\" loading=\"lazy\" decoding=\"async\" itemprop=\"image\"  src=\"https:\/\/www.europesays.com\/no\/wp-content\/uploads\/2025\/09\/1758875048_80_f305139e-f923-41c4-8052-e05527fc0152\"  width=\"480\"\/><\/a><\/li>\n<\/ul>\n<p> Oppdatert fredag 26. september kl. 09:58     <\/p>\n<p class=\"_paragraph_ew2ao_4 _paragraph_xtcu6_10 layout-component text-serif-m layout-normal text-serif-m layout-padded\">Tidligere denne uken skal den amerikanske modellen ha lagt ut et bilde av seg selv p\u00e5 tredem\u00f8llen.<\/p>\n<p class=\"_paragraph_ew2ao_4 _paragraph_xtcu6_10 layout-component text-serif-m layout-normal text-serif-m layout-padded\"><a href=\"https:\/\/people.com\/bella-hadid-steps-out-in-paris-days-after-mom-yolanda-shares-update-on-models-lyme-disease-11817920\" class=\"_link_ew2ao_39\" rel=\"nofollow noopener\" target=\"_blank\">People <\/a>har publisert et skjermbilde fra Hadids Instagram-story, som viser dette.<\/p>\n<p class=\"_paragraph_ew2ao_4 _paragraph_xtcu6_10 layout-component text-serif-m layout-normal text-serif-m layout-padded\">\u2013 F\u00f8rste dag p\u00e5 gymmen p\u00e5 lenge! Bare g\u00e5r, men likevel! F\u00e5r tilbake utholdenheten min, skrev Hadid til bildet.<\/p>\n<p class=\"_paragraph_ew2ao_4 _paragraph_xtcu6_10 layout-component text-serif-m layout-normal text-serif-m layout-padded\">28-\u00e5ringen har <a href=\"https:\/\/www.vg.no\/rampelys\/i\/3ARRX\/bella-hadid-foeler-sykdommen-stjal-ungdomstiden\" data-track-element-type=\"Link\" data-track-id=\"link:3ARRX\" class=\"_link_ew2ao_39\" rel=\"nofollow noopener\" target=\"_blank\">i \u00e5revis levd med den kroniske sykdommen<\/a> LymeLymeOgs\u00e5 kjent som borreliose. Det er en kronisk infeksjonssykdom som overf\u00f8res med fl\u00e5tt, og som s\u00e6rlig kan ramme huden, nervessystemet, hjertet og leddene. Kilde: Store medisinske leksikon.. <\/p>\n<p class=\"_paragraph_ew2ao_4 _paragraph_xtcu6_10 layout-component text-serif-m layout-normal text-serif-m layout-padded\">Selv om Hadid i 2023 sa at hun <a href=\"https:\/\/www.vg.no\/rampelys\/i\/xgWbyX\/bella-hadid-deler-helseoppdatering-endelig-frisk\" data-track-element-type=\"Link\" data-track-id=\"link:xgWbyX\" class=\"_link_ew2ao_39\" rel=\"nofollow noopener\" target=\"_blank\">\u00abendelig var frisk\u00bb fra sykdommen<\/a>, var hun <a href=\"https:\/\/www.vg.no\/rampelys\/i\/Oo4Ldq\/moren-yolanda-hadid-om-bella-hadids-sykdom-har-brakt-oss-paa-kne\" data-track-element-type=\"Link\" data-track-id=\"link:Oo4Ldq\" class=\"_link_ew2ao_39\" rel=\"nofollow noopener\" target=\"_blank\">tidligere i september innlagt p\u00e5 sykehus<\/a>.<\/p>\n<p> \u00c5penhet i familien<\/p>\n<p class=\"_paragraph_ew2ao_4 _paragraph_xtcu6_10 layout-component text-serif-m layout-normal text-serif-m layout-padded\">Da delte moren hennes, Yolanda Hadid, et innlegg p\u00e5 <a href=\"https:\/\/www.instagram.com\/p\/DOvsOBqjFjH\/?img_index=1\" class=\"_link_ew2ao_39\" rel=\"nofollow noopener\" target=\"_blank\">Instagram <\/a>om <a href=\"https:\/\/www.vg.no\/rampelys\/i\/Oo4Ldq\/moren-yolanda-hadid-om-bella-hadids-sykdom-har-brakt-oss-paa-kne\" data-track-element-type=\"Link\" data-track-id=\"link:Oo4Ldq\" class=\"_link_ew2ao_39\" rel=\"nofollow noopener\" target=\"_blank\">hvor vondt det var \u00e5 se datteren lide<\/a>. <\/p>\n<p class=\"_paragraph_ew2ao_4 _paragraph_xtcu6_10 layout-component text-serif-m layout-normal text-serif-m layout-padded\">Hun er <a href=\"https:\/\/www.vg.no\/rampelys\/i\/xgWbyX\/bella-hadid-deler-helseoppdatering-endelig-frisk\" data-track-element-type=\"Link\" data-track-id=\"link:xgWbyX\" class=\"_link_ew2ao_39\" rel=\"nofollow noopener\" target=\"_blank\">ogs\u00e5 rammet av Lyme-sykdommen, i likhet med Bellas lillebror<\/a>, Anwar Hadid.<\/p>\n<p class=\"_paragraph_ew2ao_4 _paragraph_xtcu6_10 layout-component text-serif-m layout-normal text-serif-m layout-padded\">Familien har v\u00e6rt \u00e5pne om sykdommen, og Bella og moren fikk i 2016 prisen \u00ab<a href=\"https:\/\/www.vg.no\/rampelys\/i\/3ARRX\/bella-hadid-foeler-sykdommen-stjal-ungdomstiden\" data-track-element-type=\"Link\" data-track-id=\"link:3ARRX\" class=\"_link_ew2ao_39\" rel=\"nofollow noopener\" target=\"_blank\">Samlet for en Lyme-fri verden<\/a>\u00bb av Den Globale Lyme-alliansen. <\/p>\n<p class=\"_paragraph_ew2ao_4 _paragraph_xtcu6_10 layout-component text-serif-m layout-normal text-serif-m layout-padded\">Yolanda delte ogs\u00e5 det nylige bildet av datteren Bella fra treningssenteret, med teksten:<\/p>\n<p class=\"_paragraph_ew2ao_4 _paragraph_xtcu6_10 layout-component text-serif-m layout-normal text-serif-m layout-padded\">\u2013 \u00abJeg elsker deg! Gooooo Bella &#8230;. en dag av gangen.\u00bb <\/p>\n<p class=\"_paragraph_ew2ao_4 _paragraph_xtcu6_10 layout-component text-serif-m layout-normal text-serif-m layout-padded\">Det opplyser <a href=\"https:\/\/www.dailymail.co.uk\/tvshowbiz\/article-15134491\/Brave-Bella-Hadid-returns-gym-days-sharing-troubling-hospital-photos-amid-Lyme-disease-battle.html\" class=\"_link_ew2ao_39\" rel=\"nofollow noopener\" target=\"_blank\">Daily Mail<\/a>, som har publisert en skjermdump fra Instagram-storyen hennes.<\/p>\n<p class=\"_paragraph_ew2ao_4 _paragraph_xtcu6_10 layout-component text-serif-m layout-normal text-serif-m layout-padded\">I sitt tidligere <a href=\"https:\/\/www.instagram.com\/p\/DOvsOBqjFjH\/?img_index=1\" class=\"_link_ew2ao_39\" rel=\"nofollow noopener\" target=\"_blank\">innlegg <\/a>omtalte moren datteren som \u00aben kriger\u00bb og lovet \u00e5 st\u00f8tte henne.<\/p>\n<p><img alt=\"St\u00f8ttende: Yolanda Hadid st\u00f8tter datteren Bella. De to har begge sykdommen Lyme.  Foto: Evan Agostini \/ AP \/ NTB\" class=\"_image_qp4xg_65 layout-component layout-normal\" data-fullscreen- data-track-element-type=\"Article image fullscreen\" data-track-name=\"ImageFullscreen\" decoding=\"async\" loading=\"lazy\" height=\"2214\" itemprop=\"image\"  src=\"https:\/\/www.europesays.com\/no\/wp-content\/uploads\/2025\/09\/7e369a7c-0326-459f-b477-8dab7db0b82b\"  style=\"object-position:0% 0%\" width=\"3250\"\/>St\u00f8ttende: Yolanda Hadid st\u00f8tter datteren Bella. De to har begge sykdommen Lyme.  Foto: Evan Agostini \/ AP \/ NTB Sett i Paris<\/p>\n<p class=\"_paragraph_ew2ao_4 _paragraph_xtcu6_10 layout-component text-serif-m layout-normal text-serif-m layout-padded\"><a href=\"https:\/\/www.vg.no\/tag\/bella-hadid?utm_source=vg-article&amp;utm_medium=auto-tagger&amp;utm_campaign=63xKdo\" class=\"_link_ew2ao_39\" rel=\"nofollow noopener\" target=\"_blank\">Bella Hadid<\/a> skal ha blitt sett i Paris samme dag som hun delte bildet fra trenings\u00f8kten, opplyser <a href=\"https:\/\/people.com\/bella-hadid-steps-out-in-paris-days-after-mom-yolanda-shares-update-on-models-lyme-disease-11817920\" class=\"_link_ew2ao_39\" rel=\"nofollow noopener\" target=\"_blank\">People<\/a>.<\/p>\n<p class=\"_paragraph_ew2ao_4 _paragraph_xtcu6_10 layout-component text-serif-m layout-normal text-serif-m layout-padded\">P\u00e5 <a href=\"https:\/\/www.instagram.com\/p\/DOtNQJ5jf74\/\" class=\"_link_ew2ao_39\" rel=\"nofollow noopener\" target=\"_blank\">Instagram <\/a>har modellen tidligere unnskyldt seg for sitt frav\u00e6r fra offentligheten.<\/p>\n<p class=\"_paragraph_ew2ao_4 _paragraph_xtcu6_10 layout-component text-serif-m layout-normal text-serif-m layout-padded\">I innlegget deler 28-\u00e5ringen bilder fra det som ser ut som en sykehusseng, der hun er koblet til ulike slanger og ledninger, samt f\u00e5r drypp og har en pustemaske.<\/p>\n<p class=\"_paragraph_ew2ao_4 _paragraph_xtcu6_10 layout-component text-serif-m layout-normal text-serif-m layout-padded\">I kommentarfeltet har flere uttrykt sin st\u00f8tte til Hadid, med omsorgsfulle meldinger og hjerte-emojis.<\/p>\n<p class=\"_paragraph_ew2ao_4 _paragraph_xtcu6_10 layout-component text-serif-m layout-normal text-serif-m layout-padded\">Blant annet har Bellas s\u00f8ster Gigi Hadid, som ogs\u00e5 er en kjent modell, lagt igjen en kommentar:<\/p>\n<p class=\"_paragraph_ew2ao_4 _paragraph_xtcu6_10 layout-component text-serif-m layout-normal text-serif-m layout-padded\">\u2013 \u00abJeg elsker deg! Jeg h\u00e5per [du] f\u00f8ler deg s\u00e5 sterk og god som du fortjener, snart!!!!!!\u00bb<\/p>\n<p>    <script async src=\"\/\/www.instagram.com\/embed.js\"><\/script><\/p>\n","protected":false},"excerpt":{"rendered":"Bella Hadid er p\u00e5 bena etter sykehusopphold. Var innlagt p\u00e5 sykehus: Supermodell Bella Hadid. Her fotografert p\u00e5 filmfestivalen&hellip;\n","protected":false},"author":2,"featured_media":45522,"comment_status":"","ping_status":"","sticky":false,"template":"","format":"standard","meta":{"footnotes":""},"categories":[58],"tags":[6129,71,736,30,28,29,6040,948,72,46,6195],"class_list":{"0":"post-45521","1":"post","2":"type-post","3":"status-publish","4":"format-standard","5":"has-post-thumbnail","7":"category-underholdning","8":"tag-bella-hadid","9":"tag-entertainment","10":"tag-helse","11":"tag-no","12":"tag-norge","13":"tag-norway","14":"tag-oppdatering","15":"tag-sykehus","16":"tag-underholdning","17":"tag-vgai","18":"tag-yolanda-hadid"},"share_on_mastodon":{"url":"","error":""},"_links":{"self":[{"href":"https:\/\/www.europesays.com\/no\/wp-json\/wp\/v2\/posts\/45521","targetHints":{"allow":["GET"]}}],"collection":[{"href":"https:\/\/www.europesays.com\/no\/wp-json\/wp\/v2\/posts"}],"about":[{"href":"https:\/\/www.europesays.com\/no\/wp-json\/wp\/v2\/types\/post"}],"author":[{"embeddable":true,"href":"https:\/\/www.europesays.com\/no\/wp-json\/wp\/v2\/users\/2"}],"replies":[{"embeddable":true,"href":"https:\/\/www.europesays.com\/no\/wp-json\/wp\/v2\/comments?post=45521"}],"version-history":[{"count":0,"href":"https:\/\/www.europesays.com\/no\/wp-json\/wp\/v2\/posts\/45521\/revisions"}],"wp:featuredmedia":[{"embeddable":true,"href":"https:\/\/www.europesays.com\/no\/wp-json\/wp\/v2\/media\/45522"}],"wp:attachment":[{"href":"https:\/\/www.europesays.com\/no\/wp-json\/wp\/v2\/media?parent=45521"}],"wp:term":[{"taxonomy":"category","embeddable":true,"href":"https:\/\/www.europesays.com\/no\/wp-json\/wp\/v2\/categories?post=45521"},{"taxonomy":"post_tag","embeddable":true,"href":"https:\/\/www.europesays.com\/no\/wp-json\/wp\/v2\/tags?post=45521"}],"curies":[{"name":"wp","href":"https:\/\/api.w.org\/{rel}","templated":true}]}}