{"id":45608,"date":"2025-09-26T09:52:11","date_gmt":"2025-09-26T09:52:11","guid":{"rendered":"https:\/\/www.europesays.com\/no\/45608\/"},"modified":"2025-09-26T09:52:11","modified_gmt":"2025-09-26T09:52:11","slug":"mener-barnevernet-har-gjort-en-for-darlig-jobb","status":"publish","type":"post","link":"https:\/\/www.europesays.com\/no\/45608\/","title":{"rendered":"\u2013 Mener barnevernet har gjort en for d\u00e5rlig jobb"},"content":{"rendered":"\n<p class=\"_lead_ew2ao_2 _lead_xtcu6_50 layout-component text-serif-m layout-normal text-serif-l layout-component layout-wide layout-padded _wide_17hqh_1 layout-padded\">Barnevernet har f\u00e5tt tre bekymringsmeldinger om 13-\u00e5ringen som ble innbrakt etter granatangrepet p\u00e5 Bislett. <\/p>\n<p><img alt=\"To 13-\u00e5ringer ble innbragt etter granatkastingen mot et lokale p\u00e5 Pilestredet tirsdag.   Foto: Hallgeir V\u00e5genes \/ VG\" class=\"_image_qp4xg_65 layout-component layout-wide\" data-fullscreen- data-track-element-type=\"Article image fullscreen\" data-track-name=\"ImageFullscreen\" fetchpriority=\"high\" decoding=\"sync\" loading=\"eager\" height=\"4000\" itemprop=\"image\"  src=\"https:\/\/www.europesays.com\/no\/wp-content\/uploads\/2025\/09\/01f0f84d-8931-488f-b8cc-4ee44f6c1bbe\"  style=\"object-position:0% 0%\" width=\"6000\"\/>To 13-\u00e5ringer ble innbragt etter granatkastingen mot et lokale p\u00e5 Pilestredet tirsdag.   Foto: Hallgeir V\u00e5genes \/ VG Oppdatert fredag 26. september kl. 11:44     <\/p>\n<p class=\"_paragraph_ew2ao_4 _paragraph_xtcu6_10 layout-component text-serif-m layout-normal text-serif-m layout-padded\">N\u00e5 mener politiet at 13-\u00e5ringen er blitt utnyttet av kriminelle \u2013 og at han kan ha p\u00e5tatt seg et oppdrag om \u00e5 kaste en granat mot et lokale p\u00e5 vegne av dem. <\/p>\n<p class=\"_paragraph_ew2ao_4 _paragraph_xtcu6_10 layout-component text-serif-m layout-normal text-serif-m layout-padded\">Gutten ble innbrakt av politiet natt til onsdag. Han ivaretas ogs\u00e5 n\u00e5 av barnevernet. <\/p>\n<p class=\"_paragraph_ew2ao_4 _paragraph_xtcu6_10 layout-component text-serif-m layout-normal text-serif-m layout-padded\">En annen 13-\u00e5ring ble ogs\u00e5 innbrakt i saken. I tillegg er to andre mindre\u00e5rige over den kriminelle lavalderen siktet. <\/p>\n<p><img alt=\"Rettssaken mot foreldrene til 13-\u00e5ringen startet i Oslo tingrett mandag.   Foto: Stian Lysberg Solum \/ NTB\" class=\"_image_qp4xg_65 layout-component layout-normal\" data-fullscreen- data-track-element-type=\"Article image fullscreen\" data-track-name=\"ImageFullscreen\" decoding=\"async\" loading=\"lazy\" height=\"5760\" itemprop=\"image\"  src=\"https:\/\/www.europesays.com\/no\/wp-content\/uploads\/2025\/09\/ef07b4a9-556f-46bb-9ed5-479e5a57e1cb\"  style=\"object-position:0% 0%\" width=\"8640\"\/>Rettssaken mot foreldrene til 13-\u00e5ringen startet i Oslo tingrett mandag.   Foto: Stian Lysberg Solum \/ NTB<\/p>\n<p class=\"_paragraph_ew2ao_4 _paragraph_xtcu6_10 layout-component text-serif-m layout-normal text-serif-m layout-padded\">Dagen f\u00f8r granatkastingen startet en rettssak hvor foreldrene til 13-\u00e5ringen er tiltalt for vold mot s\u00f8nnen. <\/p>\n<p class=\"_paragraph_ew2ao_4 _paragraph_xtcu6_10 layout-component text-serif-m layout-normal text-serif-m layout-padded\">Det er referatforbud i retten, men pressen f\u00e5r v\u00e6re der. Foreldrene har selv \u00f8nsket pressen til stede i rettssalen. <\/p>\n<p class=\"_paragraph_ew2ao_4 _paragraph_xtcu6_10 layout-component text-serif-m layout-normal text-serif-m layout-padded\">Ingen av foreldrene erkjenner straffskyld. <\/p>\n<p class=\"_paragraph_ew2ao_4 _paragraph_xtcu6_10 layout-component text-serif-m layout-normal text-serif-m layout-padded\">At det er levert inn tre bekymringsmeldinger f\u00e5r VG opplyst av aktor i saken \u2013 de skal v\u00e6re blant annet fra skolen og Nav. <\/p>\n<p class=\"_paragraph_ew2ao_4 _paragraph_xtcu6_10 layout-component text-serif-m layout-normal text-serif-m layout-padded\">\u2013 De \u00f8nsker \u00e5 f\u00e5 belyst hva som har skjedd siden gutten har blitt akuttplassert. De mener barnevernstjenesten har gjort en for d\u00e5rlig jobb, sier forsvarer til mor, Jan Magne Birkeland. <\/p>\n<p><img alt=\"Foto: Hallgeir V\u00e5genes \/ VG\" class=\"_image_qp4xg_65 layout-component layout-normal\" data-fullscreen- data-track-element-type=\"Article image fullscreen\" data-track-name=\"ImageFullscreen\" decoding=\"async\" loading=\"lazy\" height=\"4000\" itemprop=\"image\"  src=\"https:\/\/www.europesays.com\/no\/wp-content\/uploads\/2025\/09\/2d321257-e4df-4bbc-8e78-fde7982ead31\"  style=\"object-position:0% 0%\" width=\"5537\"\/>Foto: Hallgeir V\u00e5genes \/ VG<\/p>\n<p class=\"_paragraph_ew2ao_4 _paragraph_xtcu6_10 layout-component text-serif-m layout-normal text-serif-m layout-padded\">If\u00f8lge foreldrenes advokater ble 13-\u00e5ringen akuttplassert p\u00e5 institusjon 11. september i \u00e5r. Under to uker f\u00f8r granatkastingen. <\/p>\n<p class=\"_paragraph_ew2ao_4 _paragraph_xtcu6_10 layout-component text-serif-m layout-normal text-serif-m layout-padded\">\u2013 Foreldrene uttrykte stor bekymring for at han blir plassert p\u00e5 institusjon. Og de er redd for at han blir p\u00e5virket negativt av de andre som er der. Nemnda skriver at det ikke er ideelt, men opprettholder vedtaket, sier forsvarer Cathrin Aspaas. <\/p>\n<p class=\"_paragraph_ew2ao_4 _paragraph_xtcu6_10 layout-component text-serif-m layout-normal text-serif-m layout-padded\">\u2013 Hvordan opplever foreldrene situasjonen n\u00e5 med at deres s\u00f8nn er innbrakt i en alvorlig straffesak?<\/p>\n<p class=\"_paragraph_ew2ao_4 _paragraph_xtcu6_10 layout-component text-serif-m layout-normal text-serif-m layout-padded\">\u2013 De er kjempefortvilet. De vet at det ikke er de som har ansvar for hans sikkerhet p\u00e5 det tidspunktet. Det er barnevernstjenesten. De vet de har mislyktes da, sier forsvarer Jan Magne Birkeland. <\/p>\n<p class=\"_paragraph_ew2ao_4 _paragraph_xtcu6_10 layout-component text-serif-m layout-normal text-serif-m layout-padded\">\u00d8ystein Storrvik er forsvarer for 13-\u00e5ringen i Bislett-saken.  <\/p>\n<p class=\"_paragraph_ew2ao_4 _paragraph_xtcu6_10 layout-component text-serif-m layout-normal text-serif-m layout-padded\">\u2013 Dette understreker jo alvoret og det tragiske i situasjonen. Og viktigheten av \u00e5 f\u00e5 et godt tilpasset opplegg for ham fremover, sier han til VG. <\/p>\n<p class=\"_paragraph_ew2ao_4 _paragraph_xtcu6_10 layout-component text-serif-m layout-normal text-serif-m layout-padded\">VG har stilt Oslo kommune flere sp\u00f8rsm\u00e5l om saken til 13-\u00e5ringen. <\/p>\n<p class=\"_paragraph_ew2ao_4 _paragraph_xtcu6_10 layout-component text-serif-m layout-normal text-serif-m layout-padded\">\u2013 Sp\u00f8rsm\u00e5l knyttet til enkeltsaker og enkeltungdom er ikke noe vi har lov til \u00e5 uttale oss om. Vi kan derfor ikke bekrefte opplysninger knyttet til enkelte barn og deres barnevernssak, skriver Cathrine Slaaen, kommunikasjonssjef i barne &#8211; og familieetaten i Oslo kommune, i en e-post til VG. <\/p>\n<p><img alt=\"Bistandsadvokat Elise Stilloff og aktor Kristin Aabelvik  Foto: Preben S\u00f8rensen Olsen, VG\" class=\"_image_qp4xg_65 layout-component layout-normal\" data-fullscreen- data-track-element-type=\"Article image fullscreen\" data-track-name=\"ImageFullscreen\" decoding=\"async\" loading=\"lazy\" height=\"3610\" itemprop=\"image\"  src=\"https:\/\/www.europesays.com\/no\/wp-content\/uploads\/2025\/09\/1a5f6ce5-2e54-4b87-a806-3f93f6ef2a19\"  style=\"object-position:47.93268231872013% 48.18559556786703%\" width=\"4813\"\/>Bistandsadvokat Elise Stilloff og aktor Kristin Aabelvik  Foto: Preben S\u00f8rensen Olsen, VG\u2013 S\u00e5rbar situasjon<\/p>\n<p class=\"_paragraph_ew2ao_4 _paragraph_xtcu6_10 layout-component text-serif-m layout-normal text-serif-m layout-padded\">\u2013 Han er ung, han er forn\u00e6rmet i en alvorlig straffesak \u2013 og han er i en veldig s\u00e5rbar situasjon, sier 13-\u00e5ringens bistandsadvokat Elise Stilloff til VG. <\/p>\n<p class=\"_paragraph_ew2ao_4 _paragraph_xtcu6_10 layout-component text-serif-m layout-normal text-serif-m layout-padded\">Hun \u00f8nsker ikke \u00e5 kommentere saken ytterligere.<\/p>\n<p><img alt=\"Foto: Gabriel Aas Sk\u00e5levik \/ VG\" class=\"_image_qp4xg_65 layout-component layout-normal\" data-fullscreen- data-track-element-type=\"Article image fullscreen\" data-track-name=\"ImageFullscreen\" decoding=\"async\" loading=\"lazy\" height=\"3786\" itemprop=\"image\"  src=\"https:\/\/www.europesays.com\/no\/wp-content\/uploads\/2025\/09\/2a254a19-f2ea-452d-a6a3-f545a5ff536f\"  style=\"object-position:0% 0%\" width=\"5679\"\/>Foto: Gabriel Aas Sk\u00e5levik \/ VG<\/p>\n<p class=\"_paragraph_ew2ao_4 _paragraph_xtcu6_10 layout-component text-serif-m layout-normal text-serif-m layout-padded\">Etter det VG f\u00e5r opplyst skyldes den brutale kidnappingen av en 24-\u00e5ring i forrige uke og granatangrepet i Oslo tirsdag kveld, den samme kriminelle konflikten.<\/p>\n<p class=\"_paragraph_ew2ao_4 _paragraph_xtcu6_10 layout-component text-serif-m layout-normal text-serif-m layout-padded\">\u2013 Saken om\u00a0frihetsber\u00f8velse\u00a0fra forrige uke er en del av etterforskningen, bekreftet Grete Lien Metlid til VG onsdag.<\/p>\n<p class=\"_paragraph_ew2ao_4 _paragraph_xtcu6_10 layout-component text-serif-m layout-normal text-serif-m layout-padded\">If\u00f8lge VGs opplysninger skal bakgrunnen for konflikten v\u00e6re at den svenske gjengen Foxtrot mener et n\u00e6rt familiemedlem av den kidnappede 24-\u00e5ringen skylder dem flere millioner kroner.<\/p>\n<p class=\"_paragraph_ew2ao_4 _paragraph_xtcu6_10 layout-component text-serif-m layout-normal text-serif-m layout-padded\">Lokalet det ble kastet granat mot p\u00e5 tirsdag er ogs\u00e5 tilknyttet et familiemedlem av personen Foxtrot mener skylder dem penger. <\/p>\n<p>    <img decoding=\"async\" alt=\"Tips oss illustrasjon\" width=\"62px\" height=\"auto\" src=\"https:\/\/www.europesays.com\/no\/wp-content\/uploads\/2025\/08\/1754784428_95_W9avJzE.png\"\/>    <\/p>\n<p class=\"title-serif-s\">Har du tips til oss?<\/p>\n<p class=\"text-sans-m\">Send oss informasjon, bilder eller video<\/p>\n<p>  <a href=\"https:\/\/www.vg.no\/tips-oss\" rel=\"nofollow noopener\" target=\"_blank\"> Tips oss <\/a>      <\/p>\n","protected":false},"excerpt":{"rendered":"Barnevernet har f\u00e5tt tre bekymringsmeldinger om 13-\u00e5ringen som ble innbrakt etter granatangrepet p\u00e5 Bislett. To 13-\u00e5ringer ble innbragt&hellip;\n","protected":false},"author":2,"featured_media":45609,"comment_status":"","ping_status":"","sticky":false,"template":"","format":"standard","meta":{"footnotes":""},"categories":[10],"tags":[31,20,21,24,25,15,22,23,13,30,28,29,14,16,26,27,3739],"class_list":{"0":"post-45608","1":"post","2":"type-post","3":"status-publish","4":"format-standard","5":"has-post-thumbnail","7":"category-norge","8":"tag-breaking","9":"tag-breaking-news","10":"tag-breakingnews","11":"tag-featured-news","12":"tag-featurednews","13":"tag-headlines","14":"tag-latest-news","15":"tag-latestnews","16":"tag-news","17":"tag-no","18":"tag-norge","19":"tag-norway","20":"tag-nyheter","21":"tag-overskrifter","22":"tag-top-stories","23":"tag-topstories","24":"tag-vgkrimgruppa"},"share_on_mastodon":{"url":"","error":""},"_links":{"self":[{"href":"https:\/\/www.europesays.com\/no\/wp-json\/wp\/v2\/posts\/45608","targetHints":{"allow":["GET"]}}],"collection":[{"href":"https:\/\/www.europesays.com\/no\/wp-json\/wp\/v2\/posts"}],"about":[{"href":"https:\/\/www.europesays.com\/no\/wp-json\/wp\/v2\/types\/post"}],"author":[{"embeddable":true,"href":"https:\/\/www.europesays.com\/no\/wp-json\/wp\/v2\/users\/2"}],"replies":[{"embeddable":true,"href":"https:\/\/www.europesays.com\/no\/wp-json\/wp\/v2\/comments?post=45608"}],"version-history":[{"count":0,"href":"https:\/\/www.europesays.com\/no\/wp-json\/wp\/v2\/posts\/45608\/revisions"}],"wp:featuredmedia":[{"embeddable":true,"href":"https:\/\/www.europesays.com\/no\/wp-json\/wp\/v2\/media\/45609"}],"wp:attachment":[{"href":"https:\/\/www.europesays.com\/no\/wp-json\/wp\/v2\/media?parent=45608"}],"wp:term":[{"taxonomy":"category","embeddable":true,"href":"https:\/\/www.europesays.com\/no\/wp-json\/wp\/v2\/categories?post=45608"},{"taxonomy":"post_tag","embeddable":true,"href":"https:\/\/www.europesays.com\/no\/wp-json\/wp\/v2\/tags?post=45608"}],"curies":[{"name":"wp","href":"https:\/\/api.w.org\/{rel}","templated":true}]}}