{"id":45687,"date":"2025-09-26T11:37:12","date_gmt":"2025-09-26T11:37:12","guid":{"rendered":"https:\/\/www.europesays.com\/no\/45687\/"},"modified":"2025-09-26T11:37:12","modified_gmt":"2025-09-26T11:37:12","slug":"kamelen-domt-til-42-timers-samfunnsstraff","status":"publish","type":"post","link":"https:\/\/www.europesays.com\/no\/45687\/","title":{"rendered":"Kamelen d\u00f8mt til 42 timers samfunnsstraff"},"content":{"rendered":"\n<p class=\"_lead_ew2ao_2 _lead_xtcu6_50 layout-component text-serif-m layout-normal text-serif-l layout-component layout-wide layout-padded _wide_17hqh_1 layout-padded\">Fredag falt dommen i rettssaken mot den kjente rapperen. <\/p>\n<p><img alt=\"Rapperen Kamelen. Foto: Paul S. Amundsen \/ VG\" class=\"_image_qp4xg_65 layout-component layout-wide\" data-fullscreen- data-track-element-type=\"Article image fullscreen\" data-track-name=\"ImageFullscreen\" fetchpriority=\"high\" decoding=\"sync\" loading=\"eager\" height=\"4762\" itemprop=\"image\"  src=\"https:\/\/www.europesays.com\/no\/wp-content\/uploads\/2025\/09\/c46effcf-4c6b-4d46-9003-2ec045b65143\"  style=\"object-position:0% 0%\" width=\"7139\"\/>Rapperen Kamelen. Foto: Paul S. Amundsen \/ VG<\/p>\n<ul aria-hidden=\"true\" class=\"_images_1y6fe_106\">\n<li><a class=\"_link_1y6fe_111\" href=\"https:\/\/www.vg.no\/forfatter\/nora-holm-aftret\" style=\"z-index:1\" title=\"Nora Holm Aftret\" rel=\"nofollow noopener\" target=\"_blank\"><img alt=\"Bilde av Nora Holm Aftret\" class=\"_image_1y6fe_88\" fetchpriority=\"low\" loading=\"lazy\" decoding=\"async\" itemprop=\"image\"  src=\"https:\/\/www.europesays.com\/no\/wp-content\/uploads\/2025\/09\/1758886630_349_f305139e-f923-41c4-8052-e05527fc0152\"  width=\"480\"\/><\/a><\/li>\n<\/ul>\n<p> Oppdatert fredag 26. september kl. 13:33     <\/p>\n<p class=\"_paragraph_ew2ao_4 _paragraph_xtcu6_10 layout-component text-serif-m layout-normal text-serif-m layout-padded\">Rapperen Marcus Kabelo M\u00f8ll Mosele (32), som for mange er kjent som rapperen Kamelen, har v\u00e6rt i Hordaland tingrett denne uken, tiltalt for flere tiltalepunkter. <\/p>\n<p class=\"_paragraph_ew2ao_4 _paragraph_xtcu6_10 layout-component text-serif-m layout-normal text-serif-m layout-padded\">Deriblant r\u00e5kj\u00f8ring, at han skal ha klapset til en person i ansiktet, samt \u00e5 ha skreket skjellsord til politiet.<\/p>\n<p> Kan f\u00e5 23 dager i fengsel<\/p>\n<p class=\"_paragraph_ew2ao_4 _paragraph_xtcu6_10 layout-component text-serif-m layout-normal text-serif-m layout-padded\">N\u00e5 har dommen falt, if\u00f8lge <a href=\"https:\/\/www.ba.no\/kamelen-domt-til-xx\/s\/5-8-3168692\" class=\"_link_ew2ao_39\" rel=\"nofollow noopener\" target=\"_blank\">Bergensavisen<\/a>. <\/p>\n<p class=\"_paragraph_ew2ao_4 _paragraph_xtcu6_10 layout-component text-serif-m layout-normal text-serif-m layout-padded\">Kamelen blir fratatt lappen i ti m\u00e5neder for r\u00e5kj\u00f8ring, men blir frikjent for kroppskrenkelse, skriver avisen. <\/p>\n<p class=\"_paragraph_ew2ao_4 _paragraph_xtcu6_10 layout-component text-serif-m layout-normal text-serif-m layout-padded\">Han kan velge mellom 42 timer samfunnsstraff, eller f\u00e5r 23 dager i fengsel dersom han nekter dette, st\u00e5r det videre i artikkelen. Det er tingrettsdommer Stein Dons Heinfjell som sto for beslutningen, skriver BA. <\/p>\n<p> Erkjente delvis straffskyld<\/p>\n<p class=\"_paragraph_ew2ao_4 _paragraph_xtcu6_10 layout-component text-serif-m layout-normal text-serif-m layout-padded\">Artisten har ikke \u00f8nsket \u00e5 uttale seg til pressen eller bli avbildet i retten, kunne VG opplyse fra Bergen tidligere denne uken. <\/p>\n<p class=\"_paragraph_ew2ao_4 _paragraph_xtcu6_10 layout-component text-serif-m layout-normal text-serif-m layout-padded\">Han svarte f\u00f8lgende p\u00e5 sp\u00f8rsm\u00e5let fra dommeren om han erkjente straffskyld:<\/p>\n<p class=\"_paragraph_ew2ao_4 _paragraph_xtcu6_10 layout-component text-serif-m layout-normal text-serif-m layout-padded\">\u2013 Om jeg er skyldig? Delvis. Noe.<\/p>\n<p class=\"_paragraph_ew2ao_4 _paragraph_xtcu6_10 layout-component text-serif-m layout-normal text-serif-m layout-padded\">Saken oppdateres.<\/p>\n<p>Dette var Kamelen tiltalt for:<\/p>\n<ul class=\"_list_ew2ao_3 _list_xtcu6_9 _list_16v91_9 _unordered_ew2ao_99 layout-component text-serif-m layout-normal text-sans-m layout-padded\">\n<li class=\"_item_ew2ao_30\">P\u00e5 kvelden torsdag 13. februar skal han ha klapset til en person i ansiktet.<\/li>\n<li class=\"_item_ew2ao_30\">I mars ble han stoppe av politiet da han kj\u00f8rte en Lamborghini med det personlige kjennemerket \u00abSLIM\u00bb. Han ble fratatt f\u00f8rerkortet etter \u00e5 ha blitt m\u00e5lt til<a href=\"https:\/\/www.vg.no\/rampelys\/i\/QM0ymx\/kamelen-mistet-lappen\" data-track-element-type=\"Link\" data-track-id=\"link:QM0ymx\" class=\"_link_ew2ao_39\" rel=\"nofollow noopener\" target=\"_blank\">\u00a0131 kilometer i timen i<\/a> en 80-sone i Bergen.<\/li>\n<li class=\"_item_ew2ao_30\">Etter at han ble stoppet skal han ha skreket \u00abfuck off, g\u00e5 og sug en kuk og hold kjeft, din j\u00e6vel\u00bb, til en politibetjent. Han skal ogs\u00e5 ha skreket flere skjellsord til betjentene.<\/li>\n<li class=\"_item_ew2ao_30\">Samme dag delte han bilde av en politimann p\u00e5 Instagram, og etterlyste tips om vedkommende.<\/li>\n<\/ul>\n<p>Vis mer    <img decoding=\"async\" alt=\"Tips oss illustrasjon\" width=\"62px\" height=\"auto\" src=\"https:\/\/www.europesays.com\/no\/wp-content\/uploads\/2025\/08\/1754784428_95_W9avJzE.png\"\/>    <\/p>\n<p class=\"title-serif-s\">Har du tips til oss?<\/p>\n<p class=\"text-sans-m\">Send oss informasjon, bilder eller video<\/p>\n<p>  <a href=\"https:\/\/www.vg.no\/tips-oss\" rel=\"nofollow noopener\" target=\"_blank\"> Tips oss <\/a>      <\/p>\n","protected":false},"excerpt":{"rendered":"Fredag falt dommen i rettssaken mot den kjente rapperen. Rapperen Kamelen. Foto: Paul S. Amundsen \/ VG Oppdatert&hellip;\n","protected":false},"author":2,"featured_media":45688,"comment_status":"","ping_status":"","sticky":false,"template":"","format":"standard","meta":{"footnotes":""},"categories":[10],"tags":[31,20,21,24,25,15,22,23,13,30,28,29,14,16,26,27],"class_list":{"0":"post-45687","1":"post","2":"type-post","3":"status-publish","4":"format-standard","5":"has-post-thumbnail","7":"category-norge","8":"tag-breaking","9":"tag-breaking-news","10":"tag-breakingnews","11":"tag-featured-news","12":"tag-featurednews","13":"tag-headlines","14":"tag-latest-news","15":"tag-latestnews","16":"tag-news","17":"tag-no","18":"tag-norge","19":"tag-norway","20":"tag-nyheter","21":"tag-overskrifter","22":"tag-top-stories","23":"tag-topstories"},"share_on_mastodon":{"url":"","error":""},"_links":{"self":[{"href":"https:\/\/www.europesays.com\/no\/wp-json\/wp\/v2\/posts\/45687","targetHints":{"allow":["GET"]}}],"collection":[{"href":"https:\/\/www.europesays.com\/no\/wp-json\/wp\/v2\/posts"}],"about":[{"href":"https:\/\/www.europesays.com\/no\/wp-json\/wp\/v2\/types\/post"}],"author":[{"embeddable":true,"href":"https:\/\/www.europesays.com\/no\/wp-json\/wp\/v2\/users\/2"}],"replies":[{"embeddable":true,"href":"https:\/\/www.europesays.com\/no\/wp-json\/wp\/v2\/comments?post=45687"}],"version-history":[{"count":0,"href":"https:\/\/www.europesays.com\/no\/wp-json\/wp\/v2\/posts\/45687\/revisions"}],"wp:featuredmedia":[{"embeddable":true,"href":"https:\/\/www.europesays.com\/no\/wp-json\/wp\/v2\/media\/45688"}],"wp:attachment":[{"href":"https:\/\/www.europesays.com\/no\/wp-json\/wp\/v2\/media?parent=45687"}],"wp:term":[{"taxonomy":"category","embeddable":true,"href":"https:\/\/www.europesays.com\/no\/wp-json\/wp\/v2\/categories?post=45687"},{"taxonomy":"post_tag","embeddable":true,"href":"https:\/\/www.europesays.com\/no\/wp-json\/wp\/v2\/tags?post=45687"}],"curies":[{"name":"wp","href":"https:\/\/api.w.org\/{rel}","templated":true}]}}