{"id":45851,"date":"2025-09-26T14:46:09","date_gmt":"2025-09-26T14:46:09","guid":{"rendered":"https:\/\/www.europesays.com\/no\/45851\/"},"modified":"2025-09-26T14:46:09","modified_gmt":"2025-09-26T14:46:09","slug":"seks-uker-med-rehabilitering-etter-ankelskade","status":"publish","type":"post","link":"https:\/\/www.europesays.com\/no\/45851\/","title":{"rendered":"Seks uker med rehabilitering etter ankelskade"},"content":{"rendered":"<p class=\"kicker \" style=\"\">Petter Stordalen:<\/p>\n<p>  Hotellkongen avsl\u00f8rer operasjon.<\/p>\n<p>\n    OPERERT: Petter Stordalen har tatt til Instagram for \u00e5 fortelle om en skade som f\u00f8rte til operasjon. N\u00e5 venter seks uker med rehabilitering. Foto: Bj\u00f8rn Langsem \/ Dagbladet\n  <\/p>\n<p>Hotellkongen Petter Stordalen (62) er kjent for \u00e5 alltid v\u00e6re i farten.\u00a0<\/p>\n<p class=\"font-weight-bold m-font-weight-bold\" data-lab-font_weight=\"font-weight-bold\">N\u00e5 m\u00e5 62-\u00e5ringen derimot roe tempoet betraktelig.\u00a0<\/p>\n<p>P\u00e5 Instagram avsl\u00f8rer han nemlig at en liten \u00abmurring i ankelen\u00bb viste seg \u00e5 v\u00e6re en alvorlig leddb\u00e5ndskade. Operasjon ble eneste utvei.<\/p>\n<p>          <img loading=\"lazy\" decoding=\"async\" src=\"https:\/\/www.europesays.com\/no\/wp-content\/uploads\/2025\/09\/83648070.webp\" width=\"686\" height=\"968\" title=\"P\u00c5 KRYKKER: Petter Stordalen viser fram hvordan han n\u00e5 m\u00e5 bevege seg etter operasjonen. En kraftig leddb\u00e5ndskade i ankelen gj\u00f8r at han m\u00e5 gjennom seks uker med rehabilitering. Foto: Instagram \/ @petterstordalen\" alt=\"\" class=\"\" style=\"--aspect-ratio-image: 0.71; \"\/><\/p>\n<p>\n          P\u00c5 KRYKKER: Petter Stordalen viser fram hvordan han n\u00e5 m\u00e5 bevege seg etter operasjonen. En kraftig leddb\u00e5ndskade i ankelen gj\u00f8r at han m\u00e5 gjennom seks uker med rehabilitering. Foto: Instagram \/ @petterstordalen\n      <\/p>\n<p class=\"font-weight-bold m-font-weight-bold\" data-lab-font_weight=\"font-weight-bold\">&#8211;\u00a0 Jeg er operert. Opplevelsen har v\u00e6rt ti av ti, og n\u00e5 skal jeg dokumentere progresjonen framover. Det blir mye opptrening, men fantastisk service, sier Stordalen i en video p\u00e5 Instagram rett etter inngrepet.\u00a0<\/p>\n<p> Tidligere i \u00e5r lanserte Stordalen \u00abStrawberry Run Club\u00bb som arrangerer\u00a0 l\u00f8pe\u00f8kter ved flere av hotellene deres.\u00a0<\/p>\n<p>          <img loading=\"lazy\" decoding=\"async\" src=\"https:\/\/www.europesays.com\/no\/wp-content\/uploads\/2025\/09\/83648101.webp\" width=\"686\" height=\"645\" title=\"TRENINGSGLEDE: Petter Stordalen har lenge v\u00e6rt kjent for sin daglige l\u00f8perutine og har gjort fysisk aktivitet til en viktig del av hverdagen. N\u00e5 m\u00e5 hotellkongen ta en ufrivillig pause etter operasjonen i ankelen. Foto: Instagram \/ @petterstordalen\" alt=\"\" class=\"\" style=\"--aspect-ratio-image: 1.06; \"\/><\/p>\n<p>\n          TRENINGSGLEDE: Petter Stordalen har lenge v\u00e6rt kjent for sin daglige l\u00f8perutine og har gjort fysisk aktivitet til en viktig del av hverdagen. N\u00e5 m\u00e5 hotellkongen ta en ufrivillig pause etter operasjonen i ankelen. Foto: Instagram \/ @petterstordalen\n      <\/p>\n<p>Han opplyser p\u00e5 <a href=\"https:\/\/www.instagram.com\/p\/DKxP1QotKWQ\/?img_index=1\" rel=\"nofollow noopener\" target=\"_blank\">Instagram<\/a> at han startet l\u00f8peklubben fordi han selv starter hver eneste dag med en l\u00f8petur:\u00a0\u00a0<\/p>\n<p> \u00abNoen dager, n\u00e5r jeg har sm\u00e5skader og vondter, vil jeg knapt kalle det for l\u00f8ping. Men jeg kommer meg ut og beveger beina\u00bb.\u00a0<\/p>\n<p>    <a itemprop=\"url\" href=\"https:\/\/www.dagbladet.no\/kjendis\/avslorer-nye-detaljer\/83643478\" rel=\"nofollow noopener\" target=\"_blank\"><\/p>\n<p>      <img loading=\"lazy\" decoding=\"async\" src=\"https:\/\/www.europesays.com\/no\/wp-content\/uploads\/2025\/09\/83644219.webp\" width=\"980\" height=\"441\" title=\"Avsl\u00f8rer nye detaljer\" alt=\"\" class=\"lazyload\" style=\"--aspect-ratio-image: 2.22; \"\/><\/p>\n<p>        Avsl\u00f8rer nye detaljer<\/p>\n<p>    <\/a><\/p>\n<p>Bare dager f\u00f8r operasjonen deltok han selv p\u00e5 en \u00f8kt i Stockholm. N\u00e5 m\u00e5 han for f\u00f8rste gang n\u00f8ye seg med \u00e5 f\u00f8lge treningen fra sidelinjen. <\/p>\n<p>Humoren til hotellkongen er framdeles p\u00e5 plass, selv om kroppen m\u00e5 hvile.\u00a0<\/p>\n<p>\u00abFilmen viser for \u00f8vrig at narkosen funka bra\u00bb, skriver han, og sender en takk til alle som m\u00e5tte bidra med litt t\u00e5lmodighet i ukene som kommer. <\/p>\n<p>        I SORG: \u00abBoksen\u00bb-aktuelle Katarina Flatland \u00e5pner opp om sorgen etter at moren Anne-Lise gikk bort i februar, 67 \u00e5r gammel. <\/p>\n<p> Stordalen g\u00e5r n\u00e5 inn i en seks uker lang rehabiliteringsperiode.<\/p>\n<p class=\"italic m-italic\" data-lab-italic=\"italic\">Dagbladet har tatt kontakt med Petter Stordalen for en kommentar, forel\u00f8pig uten svar.\u00a0<\/p>\n<p><script async src=\"\/\/www.instagram.com\/embed.js\"><\/script><\/p>\n","protected":false},"excerpt":{"rendered":"Petter Stordalen: Hotellkongen avsl\u00f8rer operasjon. OPERERT: Petter Stordalen har tatt til Instagram for \u00e5 fortelle om en skade&hellip;\n","protected":false},"author":2,"featured_media":45852,"comment_status":"","ping_status":"","sticky":false,"template":"","format":"standard","meta":{"footnotes":""},"categories":[12],"tags":[20,21,24,25,15,479,22,23,13,30,28,29,14,3792,16,1934,26,27,42,43,44,45],"class_list":{"0":"post-45851","1":"post","2":"type-post","3":"status-publish","4":"format-standard","5":"has-post-thumbnail","7":"category-verden","8":"tag-breaking-news","9":"tag-breakingnews","10":"tag-featured-news","11":"tag-featurednews","12":"tag-headlines","13":"tag-kjendis","14":"tag-latest-news","15":"tag-latestnews","16":"tag-news","17":"tag-no","18":"tag-norge","19":"tag-norway","20":"tag-nyheter","21":"tag-operasjon","22":"tag-overskrifter","23":"tag-petter-stordalen","24":"tag-top-stories","25":"tag-topstories","26":"tag-verden","27":"tag-world","28":"tag-world-news","29":"tag-worldnews"},"share_on_mastodon":{"url":"","error":""},"_links":{"self":[{"href":"https:\/\/www.europesays.com\/no\/wp-json\/wp\/v2\/posts\/45851","targetHints":{"allow":["GET"]}}],"collection":[{"href":"https:\/\/www.europesays.com\/no\/wp-json\/wp\/v2\/posts"}],"about":[{"href":"https:\/\/www.europesays.com\/no\/wp-json\/wp\/v2\/types\/post"}],"author":[{"embeddable":true,"href":"https:\/\/www.europesays.com\/no\/wp-json\/wp\/v2\/users\/2"}],"replies":[{"embeddable":true,"href":"https:\/\/www.europesays.com\/no\/wp-json\/wp\/v2\/comments?post=45851"}],"version-history":[{"count":0,"href":"https:\/\/www.europesays.com\/no\/wp-json\/wp\/v2\/posts\/45851\/revisions"}],"wp:featuredmedia":[{"embeddable":true,"href":"https:\/\/www.europesays.com\/no\/wp-json\/wp\/v2\/media\/45852"}],"wp:attachment":[{"href":"https:\/\/www.europesays.com\/no\/wp-json\/wp\/v2\/media?parent=45851"}],"wp:term":[{"taxonomy":"category","embeddable":true,"href":"https:\/\/www.europesays.com\/no\/wp-json\/wp\/v2\/categories?post=45851"},{"taxonomy":"post_tag","embeddable":true,"href":"https:\/\/www.europesays.com\/no\/wp-json\/wp\/v2\/tags?post=45851"}],"curies":[{"name":"wp","href":"https:\/\/api.w.org\/{rel}","templated":true}]}}