{"id":45888,"date":"2025-09-26T15:28:08","date_gmt":"2025-09-26T15:28:08","guid":{"rendered":"https:\/\/www.europesays.com\/no\/45888\/"},"modified":"2025-09-26T15:28:08","modified_gmt":"2025-09-26T15:28:08","slug":"saken-er-na-ferdig-etterforsket","status":"publish","type":"post","link":"https:\/\/www.europesays.com\/no\/45888\/","title":{"rendered":"Saken er n\u00e5 ferdig etterforsket"},"content":{"rendered":"\n<p class=\"_lead_ew2ao_2 _lead_xtcu6_50 layout-component text-serif-m layout-normal text-serif-l layout-component layout-wide layout-padded _wide_17hqh_1 layout-padded\">I juni anmeldte influencer Hanna-Martine Sl\u00e5ttland Baller en mannlig TV-profil. N\u00e5 er saken ferdig etterforsket. <\/p>\n<p><img alt=\"P\u00e5 Snapchat delte Hanna-Martine Sl\u00e5ttland Baller noe av samtalen hun hadde med mannen om episoden i etterkant. Foto: Skjermdump Snapchat \/ Hallgeir V\u00e5genes\" class=\"_image_qp4xg_65 layout-component layout-wide\" data-fullscreen- data-track-element-type=\"Article image fullscreen\" data-track-name=\"ImageFullscreen\" fetchpriority=\"high\" decoding=\"sync\" loading=\"eager\" height=\"1668\" itemprop=\"image\"  src=\"https:\/\/www.europesays.com\/no\/wp-content\/uploads\/2025\/09\/89187a84-fd0c-47fe-8d3d-71bb0500489d\"  style=\"object-position:0% 0%\" width=\"2500\"\/>P\u00e5 Snapchat delte Hanna-Martine Sl\u00e5ttland Baller noe av samtalen hun hadde med mannen om episoden i etterkant. Foto: Skjermdump Snapchat \/ Hallgeir V\u00e5genes<\/p>\n<ul aria-hidden=\"true\" class=\"_images_1y6fe_106\">\n<li><a class=\"_link_1y6fe_111\" href=\"https:\/\/www.vg.no\/forfatter\/elise-roennevig-andersen\" style=\"z-index:1\" title=\"Elise R\u00f8nnevig Andersen\" rel=\"nofollow noopener\" target=\"_blank\"><img alt=\"Bilde av Elise R\u00f8nnevig Andersen\" class=\"_image_1y6fe_88\" fetchpriority=\"low\" loading=\"lazy\" decoding=\"async\" itemprop=\"image\"  src=\"https:\/\/www.europesays.com\/no\/wp-content\/uploads\/2025\/09\/d4a69b78-dc9a-4021-89fd-0783e681325f\"  width=\"480\"\/><\/a><\/li>\n<\/ul>\n<p> Oppdatert fredag 26. september kl. 17:07     <\/p>\n<p class=\"_paragraph_ew2ao_4 _paragraph_xtcu6_10 layout-component text-serif-m layout-normal text-serif-m layout-padded\">\u2013 Hanna-Martine er glad for at hendelsen ble tatt p\u00e5 alvor og at det nytter \u00e5 si ifra, sier advokaten hennes, Veslem\u00f8y Aga til VG.<\/p>\n<p class=\"_paragraph_ew2ao_4 _paragraph_xtcu6_10 layout-component text-serif-m layout-normal text-serif-m layout-padded\">Mannen har f\u00e5tt et forelegg p\u00e5 26.000 kroner for brudd p\u00e5 straffelovens paragraf 297 for seksuell handling med noen som ikke har samtykket i det.<\/p>\n<p class=\"_paragraph_ew2ao_4 _paragraph_xtcu6_10 layout-component text-serif-m layout-normal text-serif-m layout-padded\">VG har sett forelegget.<\/p>\n<p><img decoding=\"async\" alt=\"Bilde av Veslem\u00f8y Aga\" class=\"_image_ygndg_42\" height=\"27\" itemprop=\"image\" loading=\"lazy\"  src=\"https:\/\/www.europesays.com\/no\/wp-content\/uploads\/2025\/09\/85deba57-2f59-4535-b705-7744e1199cc9\"  width=\"40\"\/><strong class=\"_name_ygndg_51 title-serif-xs\">Veslem\u00f8y Aga<\/strong><\/p>\n<p class=\"_paragraph_ew2ao_4 text-sans-m _description_ygndg_56\">Advokat<\/p>\n<p class=\"_paragraph_ew2ao_4 _paragraph_xtcu6_10 layout-component text-serif-m layout-normal text-serif-m layout-padded\">P\u00e5talemyndigheten mener at straffskyld i denne saken kan bevises utover enhver rimelig tvil.<\/p>\n<p class=\"_paragraph_ew2ao_4 _paragraph_xtcu6_10 layout-component text-serif-m layout-normal text-serif-m layout-padded\">Det var i juni at <a href=\"https:\/\/www.vg.no\/rampelys\/i\/63Gyxe\/hanna-martine-har-anmeldt-tv-profil-for-seksuell-trakassering\" data-track-element-type=\"Link\" data-track-id=\"link:63Gyxe\" class=\"_link_ew2ao_39\" rel=\"nofollow noopener\" target=\"_blank\">influencer Hanna-Martine Sl\u00e5ttland Baller (26) anmeldte den mannlige TV-profilen<\/a> etter en episode hun omtalte som ubehagelig:<\/p>\n<p class=\"_paragraph_ew2ao_4 _paragraph_xtcu6_10 layout-component text-serif-m layout-normal text-serif-m layout-padded\">\u2013 P\u00e5 l\u00f8rdag da jeg var p\u00e5 etterfesten til VG-lista, ble jeg antastet og kl\u00e5dd p\u00e5 av et voksent menneske som var drita full og skyldte p\u00e5 at hver gang han ser meg, s\u00e5 m\u00e5 han ta p\u00e5 kroppen min, sa influenceren i en Snapchat-video om hendelsen.<\/p>\n<p class=\"_paragraph_ew2ao_4 _paragraph_xtcu6_10 layout-component text-serif-m layout-normal text-serif-m layout-padded\">N\u00e5 er saken ferdig etterforsket, og mannens advokat John Christian Elden kommenterer f\u00f8lgende til VG om utfallet:<\/p>\n<p class=\"_paragraph_ew2ao_4 _paragraph_xtcu6_10 layout-component text-serif-m layout-normal text-serif-m layout-padded\">\u2013 Han har vedtatt en bot uten \u00e5 ta stilling til skyldsp\u00f8rsm\u00e5let i saken. Hvis han oppf\u00f8rte seg d\u00e5rlig i fylla, tar han selv ansvaret for det uten \u00e5 kj\u00f8re noen rettssak om sp\u00f8rsm\u00e5let, skriver han i en sms til VG.<\/p>\n<p><img decoding=\"async\" alt=\"Bilde av John Christian Elden\" class=\"_image_ygndg_42\" height=\"27\" itemprop=\"image\" loading=\"lazy\"  src=\"https:\/\/www.europesays.com\/no\/wp-content\/uploads\/2025\/09\/98d28ddc-db34-4797-89f8-c92bf92b0c69\"  width=\"40\"\/><strong class=\"_name_ygndg_51 title-serif-xs\">John Christian Elden<\/strong><\/p>\n<p class=\"_paragraph_ew2ao_4 text-sans-m _description_ygndg_56\">Advokat<\/p>\n","protected":false},"excerpt":{"rendered":"I juni anmeldte influencer Hanna-Martine Sl\u00e5ttland Baller en mannlig TV-profil. N\u00e5 er saken ferdig etterforsket. P\u00e5 Snapchat delte&hellip;\n","protected":false},"author":2,"featured_media":45889,"comment_status":"","ping_status":"","sticky":false,"template":"","format":"standard","meta":{"footnotes":""},"categories":[12],"tags":[20,21,24,25,3798,15,829,2343,22,23,13,30,28,29,14,16,26,27,42,43,44,45],"class_list":{"0":"post-45888","1":"post","2":"type-post","3":"status-publish","4":"format-standard","5":"has-post-thumbnail","7":"category-verden","8":"tag-breaking-news","9":"tag-breakingnews","10":"tag-featured-news","11":"tag-featurednews","12":"tag-hanna-martine-slattland-baller","13":"tag-headlines","14":"tag-influencer","15":"tag-john-christian-elden","16":"tag-latest-news","17":"tag-latestnews","18":"tag-news","19":"tag-no","20":"tag-norge","21":"tag-norway","22":"tag-nyheter","23":"tag-overskrifter","24":"tag-top-stories","25":"tag-topstories","26":"tag-verden","27":"tag-world","28":"tag-world-news","29":"tag-worldnews"},"share_on_mastodon":{"url":"","error":""},"_links":{"self":[{"href":"https:\/\/www.europesays.com\/no\/wp-json\/wp\/v2\/posts\/45888","targetHints":{"allow":["GET"]}}],"collection":[{"href":"https:\/\/www.europesays.com\/no\/wp-json\/wp\/v2\/posts"}],"about":[{"href":"https:\/\/www.europesays.com\/no\/wp-json\/wp\/v2\/types\/post"}],"author":[{"embeddable":true,"href":"https:\/\/www.europesays.com\/no\/wp-json\/wp\/v2\/users\/2"}],"replies":[{"embeddable":true,"href":"https:\/\/www.europesays.com\/no\/wp-json\/wp\/v2\/comments?post=45888"}],"version-history":[{"count":0,"href":"https:\/\/www.europesays.com\/no\/wp-json\/wp\/v2\/posts\/45888\/revisions"}],"wp:featuredmedia":[{"embeddable":true,"href":"https:\/\/www.europesays.com\/no\/wp-json\/wp\/v2\/media\/45889"}],"wp:attachment":[{"href":"https:\/\/www.europesays.com\/no\/wp-json\/wp\/v2\/media?parent=45888"}],"wp:term":[{"taxonomy":"category","embeddable":true,"href":"https:\/\/www.europesays.com\/no\/wp-json\/wp\/v2\/categories?post=45888"},{"taxonomy":"post_tag","embeddable":true,"href":"https:\/\/www.europesays.com\/no\/wp-json\/wp\/v2\/tags?post=45888"}],"curies":[{"name":"wp","href":"https:\/\/api.w.org\/{rel}","templated":true}]}}