{"id":46118,"date":"2025-09-26T20:11:08","date_gmt":"2025-09-26T20:11:08","guid":{"rendered":"https:\/\/www.europesays.com\/no\/46118\/"},"modified":"2025-09-26T20:11:08","modified_gmt":"2025-09-26T20:11:08","slug":"tilbakekalling-kjottdeig-tilbakekaller-kjottdeig-etter-funn-av-salmonella","status":"publish","type":"post","link":"https:\/\/www.europesays.com\/no\/46118\/","title":{"rendered":"Tilbakekalling, Kj\u00f8ttdeig | Tilbakekaller kj\u00f8ttdeig etter funn av salmonella"},"content":{"rendered":"\n<p>Norfersk tilbakekaller en rekke typer kj\u00f8ttdeig med tysk opprinnelse, etter at det er funnet  i en produktpr\u00f8ve. Det opplyser Norfersk i en pressemelding, skriver blant annet NRK og TV 2.<\/p>\n<p>Det er snakk om kj\u00f8ttdeig av b\u00e5de svin, storfe og kylling. De g\u00e5r under ulike produktnavn: First Price, Meny, Spar, Folkets kj\u00f8ttdeig og Jacobs.<\/p>\n<p>Produktene det gjelder har en holdbarhetsdato mellom 6. og 11. oktober.<\/p>\n<p>\u2013 Det meste av partiet ble sperret, men dessverre har noen pakker n\u00e5dd forbrukere, heter det i pressemeldingen.<\/p>\n<p>Kj\u00f8ttdeigen er solgt i NorgesGruppens butikker Joker, Kiwi, Meny, Bunnpris og Spar over hele landet. Norfersk ber de som har kj\u00f8pt produktene om \u00e5 kaste dem eller returnere dem til butikken de kj\u00f8pte kj\u00f8ttdeigen i for refusjon.<\/p>\n<p>Norfersk er et datterselskap av Nortura, og produserer for butikkene til Norgesgruppen.<\/p>\n<p>            Disse produktene tilbakekalles<\/p>\n<ul>\n<li>First Price svinedeig 300g \u2013 siste forbruksdag 07.10.25<\/li>\n<li>Folkets kj\u00f8ttdeig 400g \u2013 siste forbruksdag 11.10.25<\/li>\n<li>Folkets kj\u00f8ttdeig storfe og kylling 400g \u2013 siste forbruksdag 07.10.25 og 08.10.25<\/li>\n<li>Folkets storfe- og svinedeig 600g \u2013 siste forbruksdag 06.10.25<\/li>\n<li>Folkets svinedeig 400g \u2013 siste forbruksdag 07.10.25 og 08.10.25<\/li>\n<li>Jacobs svinedeig 300g \u2013 siste forbruksdag 06.10.25<\/li>\n<li>Meny karbonadedeig 600g \u2013 siste forbruksdag 10.10.25<\/li>\n<li>Meny storfe- og svinedeig 600g \u2013 siste forbruksdag 06.10.25<\/li>\n<li>Meny svinedeig 400g \u2013 siste forbruksdag 07.10.25<\/li>\n<li>Spar kj\u00f8ttdeig, 400g \u2013 siste forbruksdag 10.10.25 med batch 1241508 og siste forbruksdag 11.10.25 med batch 1242063<\/li>\n<li>Spar storfe- og svinedeig 600g \u2013 siste forbruksdag 06.10.25<\/li>\n<li>Spar svinedeig 400g \u2013 siste forbruksdag 07.10.25<\/li>\n<\/ul>\n","protected":false},"excerpt":{"rendered":"Norfersk tilbakekaller en rekke typer kj\u00f8ttdeig med tysk opprinnelse, etter at det er funnet i en produktpr\u00f8ve. Det&hellip;\n","protected":false},"author":2,"featured_media":46119,"comment_status":"","ping_status":"","sticky":false,"template":"","format":"standard","meta":{"footnotes":""},"categories":[5],"tags":[36,20,21,24,25,15,19,4662,22,23,17,18,13,30,7212,28,29,14,16,1510,4079,26,27],"class_list":{"0":"post-46118","1":"post","2":"type-post","3":"status-publish","4":"format-standard","5":"has-post-thumbnail","7":"category-overskrifter","8":"tag-art","9":"tag-breaking-news","10":"tag-breakingnews","11":"tag-featured-news","12":"tag-featurednews","13":"tag-headlines","14":"tag-hovedoppslag","15":"tag-kjottdeig","16":"tag-latest-news","17":"tag-latestnews","18":"tag-main-news","19":"tag-mainnews","20":"tag-news","21":"tag-no","22":"tag-norfersk","23":"tag-norge","24":"tag-norway","25":"tag-nyheter","26":"tag-overskrifter","27":"tag-story","28":"tag-tilbakekalling","29":"tag-top-stories","30":"tag-topstories"},"share_on_mastodon":{"url":"","error":""},"_links":{"self":[{"href":"https:\/\/www.europesays.com\/no\/wp-json\/wp\/v2\/posts\/46118","targetHints":{"allow":["GET"]}}],"collection":[{"href":"https:\/\/www.europesays.com\/no\/wp-json\/wp\/v2\/posts"}],"about":[{"href":"https:\/\/www.europesays.com\/no\/wp-json\/wp\/v2\/types\/post"}],"author":[{"embeddable":true,"href":"https:\/\/www.europesays.com\/no\/wp-json\/wp\/v2\/users\/2"}],"replies":[{"embeddable":true,"href":"https:\/\/www.europesays.com\/no\/wp-json\/wp\/v2\/comments?post=46118"}],"version-history":[{"count":0,"href":"https:\/\/www.europesays.com\/no\/wp-json\/wp\/v2\/posts\/46118\/revisions"}],"wp:featuredmedia":[{"embeddable":true,"href":"https:\/\/www.europesays.com\/no\/wp-json\/wp\/v2\/media\/46119"}],"wp:attachment":[{"href":"https:\/\/www.europesays.com\/no\/wp-json\/wp\/v2\/media?parent=46118"}],"wp:term":[{"taxonomy":"category","embeddable":true,"href":"https:\/\/www.europesays.com\/no\/wp-json\/wp\/v2\/categories?post=46118"},{"taxonomy":"post_tag","embeddable":true,"href":"https:\/\/www.europesays.com\/no\/wp-json\/wp\/v2\/tags?post=46118"}],"curies":[{"name":"wp","href":"https:\/\/api.w.org\/{rel}","templated":true}]}}