{"id":46214,"date":"2025-09-27T01:01:09","date_gmt":"2025-09-27T01:01:09","guid":{"rendered":"https:\/\/www.europesays.com\/no\/46214\/"},"modified":"2025-09-27T01:01:09","modified_gmt":"2025-09-27T01:01:09","slug":"jennifer-lawrence-kaller-gaza-situasjonen-for-folkemord","status":"publish","type":"post","link":"https:\/\/www.europesays.com\/no\/46214\/","title":{"rendered":"Jennifer Lawrence kaller Gaza-situasjonen for folkemord"},"content":{"rendered":"\n<p class=\"_lead_ew2ao_2 _lead_xtcu6_50 layout-component text-serif-m layout-normal text-serif-l layout-component layout-wide layout-padded _wide_17hqh_1 layout-padded\">Skuespilleren mener situasjonen i Palestina er uakseptabel.<\/p>\n<p><img alt=\"Jennifer Lawrence under film i San Sebasti\u00e1n i Spania fredag. Foto: Javier Etxezarreta \/ EPA \/ NTB\" class=\"_image_qp4xg_65 layout-component layout-wide\" data-fullscreen- data-track-element-type=\"Article image fullscreen\" data-track-name=\"ImageFullscreen\" fetchpriority=\"high\" decoding=\"sync\" loading=\"eager\" height=\"3738\" itemprop=\"image\"  src=\"https:\/\/www.europesays.com\/no\/wp-content\/uploads\/2025\/09\/30e66f44-51b3-468b-b826-e20334a4ea54\"  style=\"object-position:0% 0%\" width=\"5885\"\/>Jennifer Lawrence under film i San Sebasti\u00e1n i Spania fredag. Foto: Javier Etxezarreta \/ EPA \/ NTB<\/p>\n<ul aria-hidden=\"true\" class=\"_images_1y6fe_106\">\n<li><a class=\"_link_1y6fe_111\" href=\"https:\/\/www.vg.no\/forfatter\/hanne-kretuz-hansen\" style=\"z-index:1\" title=\"Hanne Kreutz-Hansen\" rel=\"nofollow noopener\" target=\"_blank\"><img alt=\"Bilde av Hanne Kreutz-Hansen\" class=\"_image_1y6fe_88\" fetchpriority=\"low\" loading=\"lazy\" decoding=\"async\" itemprop=\"image\"  src=\"https:\/\/www.europesays.com\/no\/wp-content\/uploads\/2025\/09\/1758934868_4_91499188-43f5-43fa-b038-5716eac94ffb\"  width=\"480\"\/><\/a><\/li>\n<\/ul>\n<p> Oppdatert l\u00f8rdag 27. september kl. 02:34     <\/p>\n<p class=\"_paragraph_ew2ao_4 _paragraph_xtcu6_10 layout-component text-serif-m layout-normal text-serif-m layout-padded\">Oscar-vinneren <a href=\"https:\/\/www.vg.no\/tag\/jennifer-lawrence?utm_source=vg-article&amp;utm_medium=auto-tagger&amp;utm_campaign=wgw5JG\" class=\"_link_ew2ao_39\" rel=\"nofollow noopener\" target=\"_blank\">Jennifer Lawrence<\/a> (35) ga sin st\u00f8tte til det palestinske folk under en pressekonferanse p\u00e5 San Sebasti\u00e1n filmfestival fredag. Hun kalte situasjonen i Gaza for \u00abikke mindre enn et folkemordfolkemordFolkemord: Systematisk utryddelse av en hel folkegruppe, ofte basert p\u00e5 etnisitet, religion eller nasjonalitet\u00bb, melder <a href=\"https:\/\/variety.com\/2025\/film\/global\/jennifer-lawrence-speaks-up-palestine-no-less-than-genocide-1236529971\/\" class=\"_link_ew2ao_39\" rel=\"nofollow noopener\" target=\"_blank\">Variety<\/a>.<\/p>\n<p class=\"_paragraph_ew2ao_4 _paragraph_xtcu6_10 layout-component text-serif-m layout-normal text-serif-m layout-padded\">Lawrence var til stede for \u00e5 vise sin nye film \u00abDie My Love\u00bb og motta den prestisjetunge Donostia-prisen. Selv om festivalmoderatorer fors\u00f8kte \u00e5 stoppe sp\u00f8rsm\u00e5lene om Gaza-krigen, ga hun sin mening mot slutten av pressekonferansen.<\/p>\n<p class=\"_paragraph_ew2ao_4 _paragraph_xtcu6_10 layout-component text-serif-m layout-normal text-serif-m layout-padded\">\u2013 Jeg er livredd og det er forferdelig, sier hun og mener situasjonen er uakseptabel.<\/p>\n<p class=\"_paragraph_ew2ao_4 _paragraph_xtcu6_10 layout-component text-serif-m layout-normal text-serif-m layout-padded\">\u2013 Jeg er livredd for mine barn, for alle v\u00e5re barn.<\/p>\n<p><img alt=\"Ikke alle skuespillere t\u00f8r \u00e5 v\u00e6re s\u00e5 direkte som Jennifer Lawrence var p\u00e5 pressekonferansen fredag.  Foto: JUAN HERRERO \/ EPA \/ NTB\" class=\"_image_qp4xg_65 layout-component layout-normal\" data-fullscreen- data-track-element-type=\"Article image fullscreen\" data-track-name=\"ImageFullscreen\" decoding=\"async\" loading=\"lazy\" height=\"2875\" itemprop=\"image\"  src=\"https:\/\/www.europesays.com\/no\/wp-content\/uploads\/2025\/09\/10193656-2e49-4590-bf42-4ba93fb4d3cf\"  style=\"object-position:0% 0%\" width=\"3735\"\/>Ikke alle skuespillere t\u00f8r \u00e5 v\u00e6re s\u00e5 direkte som Jennifer Lawrence var p\u00e5 pressekonferansen fredag.  Foto: JUAN HERRERO \/ EPA \/ NTB<\/p>\n<p class=\"_paragraph_ew2ao_4 _paragraph_xtcu6_10 layout-component text-serif-m layout-normal text-serif-m layout-padded\">Lawrence snakket ogs\u00e5 om amerikansk politikk og sa det gjorde henne \u00abs\u00e5 trist\u00bb at dagens \u00abrespektl\u00f8shet og diskurs\u00bb kommer til \u00e5 v\u00e6re normalen for barn som vokser opp i USA i dag.<\/p>\n<p class=\"_paragraph_ew2ao_4 _paragraph_xtcu6_10 layout-component text-serif-m layout-normal text-serif-m layout-padded\">\u2013 Alle m\u00e5 huske at n\u00e5r du ignorerer det som skjer p\u00e5 den ene siden av verden, vil det ikke ta lang tid f\u00f8r det er p\u00e5 din side ogs\u00e5, sa hun.<\/p>\n<p>\u2013 Politikernes ansvar<\/p>\n<p class=\"_paragraph_ew2ao_4 _paragraph_xtcu6_10 layout-component text-serif-m layout-normal text-serif-m layout-padded\">Samtidig minnet hun journalistene p\u00e5 at ansvaret ikke b\u00f8r ligge p\u00e5 kunstnere for \u00e5 fikse verdens politiske problemer.<\/p>\n<p class=\"_paragraph_ew2ao_4 _paragraph_xtcu6_10 layout-component text-serif-m layout-normal text-serif-m layout-padded\">\u2013 Realiteten er at frykten v\u00e5r for \u00e5 snakke for mye er at ordene mine bare vil bli brukt til \u00e5 tilf\u00f8re mer ild til noe som ligger i hendene p\u00e5 v\u00e5re folkevalgte, sa Lawrence.<\/p>\n<p class=\"_paragraph_ew2ao_4 _paragraph_xtcu6_10 layout-component text-serif-m layout-normal text-serif-m layout-padded\">Ogs\u00e5 skuespiller <a href=\"https:\/\/www.vg.no\/rampelys\/i\/KMbK65\/susan-sarandon-mener-hun-er-svartelistet-i-hollywood\" data-track-element-type=\"Link\" data-track-id=\"link:KMbK65\" class=\"_link_ew2ao_39\" rel=\"nofollow noopener\" target=\"_blank\">Susan Sarandon<\/a> har en rekke ganger gitt sin propalestinske st\u00f8tte.<\/p>\n<p class=\"_paragraph_ew2ao_4 _paragraph_xtcu6_10 layout-component text-serif-m layout-normal text-serif-m layout-padded\">I v\u00e5r signerte flere Hollywood-skuespillere, blant dem Richard Gere, Mark Ruffalo og Sarandon, et <a href=\"https:\/\/www.vg.no\/rampelys\/i\/8q8a8G\/hollywood-stjerner-fordoemmer-folkemord-i-gaza-foer-cannes-festivalen\" data-track-element-type=\"Link\" data-track-id=\"link:8q8a8G\" class=\"_link_ew2ao_39\" rel=\"nofollow noopener\" target=\"_blank\">\u00e5pent brev <\/a>der de ford\u00f8mmer det de omtaler som et \u00abfolkemord\u00bb i Gaza. Brevet ble publisert dagen f\u00f8r \u00e5pningen av filmfestivalen i Cannes.<\/p>\n","protected":false},"excerpt":{"rendered":"Skuespilleren mener situasjonen i Palestina er uakseptabel. Jennifer Lawrence under film i San Sebasti\u00e1n i Spania fredag. Foto:&hellip;\n","protected":false},"author":2,"featured_media":46215,"comment_status":"","ping_status":"","sticky":false,"template":"","format":"standard","meta":{"footnotes":""},"categories":[58],"tags":[71,1024,53,7220,30,28,29,72,46],"class_list":{"0":"post-46214","1":"post","2":"type-post","3":"status-publish","4":"format-standard","5":"has-post-thumbnail","7":"category-underholdning","8":"tag-entertainment","9":"tag-folkemord","10":"tag-gaza","11":"tag-jennifer-lawrence","12":"tag-no","13":"tag-norge","14":"tag-norway","15":"tag-underholdning","16":"tag-vgai"},"share_on_mastodon":{"url":"","error":""},"_links":{"self":[{"href":"https:\/\/www.europesays.com\/no\/wp-json\/wp\/v2\/posts\/46214","targetHints":{"allow":["GET"]}}],"collection":[{"href":"https:\/\/www.europesays.com\/no\/wp-json\/wp\/v2\/posts"}],"about":[{"href":"https:\/\/www.europesays.com\/no\/wp-json\/wp\/v2\/types\/post"}],"author":[{"embeddable":true,"href":"https:\/\/www.europesays.com\/no\/wp-json\/wp\/v2\/users\/2"}],"replies":[{"embeddable":true,"href":"https:\/\/www.europesays.com\/no\/wp-json\/wp\/v2\/comments?post=46214"}],"version-history":[{"count":0,"href":"https:\/\/www.europesays.com\/no\/wp-json\/wp\/v2\/posts\/46214\/revisions"}],"wp:featuredmedia":[{"embeddable":true,"href":"https:\/\/www.europesays.com\/no\/wp-json\/wp\/v2\/media\/46215"}],"wp:attachment":[{"href":"https:\/\/www.europesays.com\/no\/wp-json\/wp\/v2\/media?parent=46214"}],"wp:term":[{"taxonomy":"category","embeddable":true,"href":"https:\/\/www.europesays.com\/no\/wp-json\/wp\/v2\/categories?post=46214"},{"taxonomy":"post_tag","embeddable":true,"href":"https:\/\/www.europesays.com\/no\/wp-json\/wp\/v2\/tags?post=46214"}],"curies":[{"name":"wp","href":"https:\/\/api.w.org\/{rel}","templated":true}]}}