{"id":46242,"date":"2025-09-27T03:10:08","date_gmt":"2025-09-27T03:10:08","guid":{"rendered":"https:\/\/www.europesays.com\/no\/46242\/"},"modified":"2025-09-27T03:10:08","modified_gmt":"2025-09-27T03:10:08","slug":"sjelden-oransje-hummer-reddet-fra-butikkhylla","status":"publish","type":"post","link":"https:\/\/www.europesays.com\/no\/46242\/","title":{"rendered":"Sjelden oransje hummer reddet fra butikkhylla"},"content":{"rendered":"\n<p class=\"_lead_ew2ao_2 _lead_xtcu6_50 layout-component text-serif-m layout-normal text-serif-l layout-component layout-wide layout-padded _wide_17hqh_1 layout-padded\">Sjelden oransje hummer reddet fra den sikre d\u00f8d. <\/p>\n<p><img alt=\"Den sv\u00e6rt sjeldne hummeren, som har f\u00e5tt navnet Jean-Clawed Van Damme, ble reddet fra en kokhet d\u00f8d.  Foto: Humane Long Island \" class=\"_image_qp4xg_65 layout-component layout-wide\" data-fullscreen- data-track-element-type=\"Article image fullscreen\" data-track-name=\"ImageFullscreen\" fetchpriority=\"high\" decoding=\"sync\" loading=\"eager\" height=\"626\" itemprop=\"image\"  src=\"https:\/\/www.europesays.com\/no\/wp-content\/uploads\/2025\/09\/632b0064-08f2-4ed3-a447-0ad9fb7ff0f6\"  style=\"object-position:0% 0%\" width=\"899\"\/>Den sv\u00e6rt sjeldne hummeren, som har f\u00e5tt navnet Jean-Clawed Van Damme, ble reddet fra en kokhet d\u00f8d.  Foto: Humane Long Island  Oppdatert l\u00f8rdag 27. september kl. 04:11     <\/p>\n<p class=\"_paragraph_ew2ao_4 _paragraph_xtcu6_10 layout-component text-serif-m layout-normal text-serif-m layout-padded\">En ekstremt sjelden oransje hummer ble denne uken oppdaget av en kunde i en matbutikk i <a href=\"https:\/\/www.vg.no\/tag\/new-york?utm_source=vg-article&amp;utm_medium=auto-tagger&amp;utm_campaign=OowXlV\" class=\"_link_ew2ao_39\" rel=\"nofollow noopener\" target=\"_blank\">New York<\/a>. <\/p>\n<p class=\"_paragraph_ew2ao_4 _paragraph_xtcu6_10 layout-component text-serif-m layout-normal text-serif-m layout-padded\">Hummeren, som raskt fikk kallenavnet Jean-Clawed Van Damme, er en \u00ab\u00e9n-av-30-millioner\u00bb-funn, if\u00f8lge dyrevernsorganisasjonen Humane Long Island og New York Aquarium, if\u00f8lge <a href=\"https:\/\/www.theguardian.com\/us-news\/2025\/sep\/26\/orange-lobster-new-york-supermarket\" class=\"_link_ew2ao_39\" rel=\"nofollow noopener\" target=\"_blank\">The Guardian<\/a>. <\/p>\n<p class=\"_paragraph_ew2ao_4 _paragraph_xtcu6_10 layout-component text-serif-m layout-normal text-serif-m layout-padded\">Denne uken fikk den slippe ut igjen i havet i stedet for \u00e5 ende sitt liv i den tradisjonsrike amerikanske retten \u00ablobster roll\u00bb\u00ablobster roll\u00bbEn hummerrull er en nordamerikansk rett som best\u00e5r av hummerkj\u00f8tt servert i et grillet p\u00f8lsebr\u00f8d.. Og hvem kan Jean-Clawed takke? Kunden Kyle. <\/p>\n<p class=\"_paragraph_ew2ao_4 _paragraph_xtcu6_10 layout-component text-serif-m layout-normal text-serif-m layout-padded\">Kyle Brancato skj\u00f8nte nemlig ingenting da han s\u00e5 den lysende oransje hummeren, som vanligvis betyr at den er kokt og d\u00f8d, bevege seg blant de andre hummerne til salgs i en Tops-butikk.<\/p>\n<p class=\"_paragraph_ew2ao_4 _paragraph_xtcu6_10 layout-component text-serif-m layout-normal text-serif-m layout-padded\">\u2013 Jeg gikk forbi hummertanken og s\u00e5 denne knalloransje hummeren. Veldig ulik alle de andre i tanken, sier Brancato til den lokale TV-stasjonen WHAM.<\/p>\n<p class=\"_paragraph_ew2ao_4 _paragraph_xtcu6_10 layout-component text-serif-m layout-normal text-serif-m layout-padded\">Brancato bestemte seg for \u00e5 kj\u00f8pe den med h\u00e5pet om \u00e5 sette den fri. Uten mye erfaring med skalldyrpleie, ble det f\u00f8rst ren improvisasjon.<\/p>\n<p class=\"_paragraph_ew2ao_4 _paragraph_xtcu6_10 layout-component text-serif-m layout-normal text-serif-m layout-padded\">\u2013 Jeg l\u00e5nte litt tankvann fra Palmer&#8217;s, en lokal restaurant. <\/p>\n<p class=\"_paragraph_ew2ao_4 _paragraph_xtcu6_10 layout-component text-serif-m layout-normal text-serif-m layout-padded\">Deretter kj\u00f8pte han en 75-literstank og sj\u00f8vann fra en dyrebutikk.<\/p>\n<p class=\"_paragraph_ew2ao_4 _paragraph_xtcu6_10 layout-component text-serif-m layout-normal text-serif-m layout-padded\">Hummeren ble sluppet ut i havet p\u00e5 Long Island onsdag, bare \u00e9n dag f\u00f8r National Lobster Day i USA, av John Di Leanordo i Humane Long Island. <\/p>\n<p class=\"_paragraph_ew2ao_4 _paragraph_xtcu6_10 layout-component text-serif-m layout-normal text-serif-m layout-padded\">\u2013 Det f\u00f8les alltid bra \u00e5 gj\u00f8re redningsarbeid som dette, men vi vet at dette bare er en dr\u00e5pe i havet, sier han til New York Post. <\/p>\n","protected":false},"excerpt":{"rendered":"Sjelden oransje hummer reddet fra den sikre d\u00f8d. Den sv\u00e6rt sjeldne hummeren, som har f\u00e5tt navnet Jean-Clawed Van&hellip;\n","protected":false},"author":2,"featured_media":46243,"comment_status":"","ping_status":"","sticky":false,"template":"","format":"standard","meta":{"footnotes":""},"categories":[12],"tags":[20,21,24,25,7223,15,7224,22,23,97,13,30,28,29,14,16,26,27,42,46,43,44,45],"class_list":{"0":"post-46242","1":"post","2":"type-post","3":"status-publish","4":"format-standard","5":"has-post-thumbnail","7":"category-verden","8":"tag-breaking-news","9":"tag-breakingnews","10":"tag-featured-news","11":"tag-featurednews","12":"tag-havet","13":"tag-headlines","14":"tag-hummer","15":"tag-latest-news","16":"tag-latestnews","17":"tag-new-york","18":"tag-news","19":"tag-no","20":"tag-norge","21":"tag-norway","22":"tag-nyheter","23":"tag-overskrifter","24":"tag-top-stories","25":"tag-topstories","26":"tag-verden","27":"tag-vgai","28":"tag-world","29":"tag-world-news","30":"tag-worldnews"},"share_on_mastodon":{"url":"","error":""},"_links":{"self":[{"href":"https:\/\/www.europesays.com\/no\/wp-json\/wp\/v2\/posts\/46242","targetHints":{"allow":["GET"]}}],"collection":[{"href":"https:\/\/www.europesays.com\/no\/wp-json\/wp\/v2\/posts"}],"about":[{"href":"https:\/\/www.europesays.com\/no\/wp-json\/wp\/v2\/types\/post"}],"author":[{"embeddable":true,"href":"https:\/\/www.europesays.com\/no\/wp-json\/wp\/v2\/users\/2"}],"replies":[{"embeddable":true,"href":"https:\/\/www.europesays.com\/no\/wp-json\/wp\/v2\/comments?post=46242"}],"version-history":[{"count":0,"href":"https:\/\/www.europesays.com\/no\/wp-json\/wp\/v2\/posts\/46242\/revisions"}],"wp:featuredmedia":[{"embeddable":true,"href":"https:\/\/www.europesays.com\/no\/wp-json\/wp\/v2\/media\/46243"}],"wp:attachment":[{"href":"https:\/\/www.europesays.com\/no\/wp-json\/wp\/v2\/media?parent=46242"}],"wp:term":[{"taxonomy":"category","embeddable":true,"href":"https:\/\/www.europesays.com\/no\/wp-json\/wp\/v2\/categories?post=46242"},{"taxonomy":"post_tag","embeddable":true,"href":"https:\/\/www.europesays.com\/no\/wp-json\/wp\/v2\/tags?post=46242"}],"curies":[{"name":"wp","href":"https:\/\/api.w.org\/{rel}","templated":true}]}}