{"id":46298,"date":"2025-09-27T06:35:08","date_gmt":"2025-09-27T06:35:08","guid":{"rendered":"https:\/\/www.europesays.com\/no\/46298\/"},"modified":"2025-09-27T06:35:08","modified_gmt":"2025-09-27T06:35:08","slug":"norfersk-haerland-tilbakekaller-kjottdeig-etter-funn-av-salmonella","status":"publish","type":"post","link":"https:\/\/www.europesays.com\/no\/46298\/","title":{"rendered":"Norfersk, H\u00e6rland | Tilbakekaller kj\u00f8ttdeig etter funn av salmonella"},"content":{"rendered":"\n<p>Norfersk tilbakekaller en rekke typer kj\u00f8ttdeig med tysk opprinnelse, etter at det er funnet salmonella i en produktpr\u00f8ve. Det opplyser Norfersk i en pressemelding, skriver blant annet NRK og TV 2. <\/p>\n<p>Norfersk ligger p\u00e5 H\u00e6rland, og er en heleid datterbedrift av Nortura SA. <\/p>\n<p>Det er snakk om kj\u00f8ttdeig av b\u00e5de svin, storfe og kylling. De g\u00e5r under ulike produktnavn: First Price, Meny, Spar, Folkets kj\u00f8ttdeig og Jacobs. <\/p>\n<p>Produktene det gjelder har en holdbarhetsdato mellom 6. og 11. oktober, det skriver <a href=\"https:\/\/www.ranablad.no\/tilbakekaller-kjottdeig-etter-funn-av-salmonella\/s\/5-42-1504010\" rel=\"Follow nofollow noopener\" target=\"_blank\">Rana Blad<\/a>. <\/p>\n<p>\u2013 Det meste av partiet ble sperret, men dessverre har noen pakker n\u00e5dd forbrukere, heter det i pressemeldingen.<\/p>\n<p>Kj\u00f8ttdeigen er solgt i NorgesGruppens butikker Joker, Kiwi, Meny, Bunnpris og Spar over hele landet. Norfersk ber de som har kj\u00f8pt produktene om \u00e5 kaste dem eller returnere dem til butikken de kj\u00f8pte kj\u00f8ttdeigen i for refusjon.<\/p>\n","protected":false},"excerpt":{"rendered":"Norfersk tilbakekaller en rekke typer kj\u00f8ttdeig med tysk opprinnelse, etter at det er funnet salmonella i en produktpr\u00f8ve.&hellip;\n","protected":false},"author":2,"featured_media":1868,"comment_status":"","ping_status":"","sticky":false,"template":"","format":"standard","meta":{"footnotes":""},"categories":[5],"tags":[36,20,21,24,25,5407,15,19,4662,22,23,2247,17,18,13,30,7212,28,29,14,16,1510,26,27],"class_list":{"0":"post-46298","1":"post","2":"type-post","3":"status-publish","4":"format-standard","5":"has-post-thumbnail","7":"category-overskrifter","8":"tag-art","9":"tag-breaking-news","10":"tag-breakingnews","11":"tag-featured-news","12":"tag-featurednews","13":"tag-haerland","14":"tag-headlines","15":"tag-hovedoppslag","16":"tag-kjottdeig","17":"tag-latest-news","18":"tag-latestnews","19":"tag-lokale-nyheter","20":"tag-main-news","21":"tag-mainnews","22":"tag-news","23":"tag-no","24":"tag-norfersk","25":"tag-norge","26":"tag-norway","27":"tag-nyheter","28":"tag-overskrifter","29":"tag-story","30":"tag-top-stories","31":"tag-topstories"},"share_on_mastodon":{"url":"","error":""},"_links":{"self":[{"href":"https:\/\/www.europesays.com\/no\/wp-json\/wp\/v2\/posts\/46298","targetHints":{"allow":["GET"]}}],"collection":[{"href":"https:\/\/www.europesays.com\/no\/wp-json\/wp\/v2\/posts"}],"about":[{"href":"https:\/\/www.europesays.com\/no\/wp-json\/wp\/v2\/types\/post"}],"author":[{"embeddable":true,"href":"https:\/\/www.europesays.com\/no\/wp-json\/wp\/v2\/users\/2"}],"replies":[{"embeddable":true,"href":"https:\/\/www.europesays.com\/no\/wp-json\/wp\/v2\/comments?post=46298"}],"version-history":[{"count":0,"href":"https:\/\/www.europesays.com\/no\/wp-json\/wp\/v2\/posts\/46298\/revisions"}],"wp:featuredmedia":[{"embeddable":true,"href":"https:\/\/www.europesays.com\/no\/wp-json\/wp\/v2\/media\/1868"}],"wp:attachment":[{"href":"https:\/\/www.europesays.com\/no\/wp-json\/wp\/v2\/media?parent=46298"}],"wp:term":[{"taxonomy":"category","embeddable":true,"href":"https:\/\/www.europesays.com\/no\/wp-json\/wp\/v2\/categories?post=46298"},{"taxonomy":"post_tag","embeddable":true,"href":"https:\/\/www.europesays.com\/no\/wp-json\/wp\/v2\/tags?post=46298"}],"curies":[{"name":"wp","href":"https:\/\/api.w.org\/{rel}","templated":true}]}}