{"id":46411,"date":"2025-09-27T09:25:17","date_gmt":"2025-09-27T09:25:17","guid":{"rendered":"https:\/\/www.europesays.com\/no\/46411\/"},"modified":"2025-09-27T09:25:17","modified_gmt":"2025-09-27T09:25:17","slug":"mange-mener-norge-ikke-er-mentalt-rustet-for-kriser","status":"publish","type":"post","link":"https:\/\/www.europesays.com\/no\/46411\/","title":{"rendered":"Mange mener Norge ikke er mentalt rustet for kriser"},"content":{"rendered":"<p><strong>En ny unders\u00f8kelse fra Opinion viser at en tredel av nordmenn ikke mener vi som samfunn er mentalt rustet til \u00e5 h\u00e5ndtere uventede kriser. <\/strong><\/p>\n<p>Samtidig svarer ni av ti at psykisk beredskap er avgj\u00f8rende for samfunnet.<\/p>\n<p>\u2013 N\u00e5r vi ikke f\u00f8ler oss trygge, blir vi mer s\u00e5rbare for \u00e5 s\u00f8ke enkle svar, miste tillit og skape kunstige fiendebilder, sier Anura Sankholkar, kampanjeleder for Verdensdagen for psykisk helse, i en <a href=\"https:\/\/kommunikasjon.ntb.no\/pressemelding\/18665941\/ny-undersokelse-samfunnet-er-ikke-mentalt-rustet-for-kriser?publisherId=17848927&amp;lang=no\" rel=\"nofollow noopener\" target=\"_blank\">pressemelding<\/a>. <\/p>\n<p>Hun legger til at dette svekker evnen v\u00e5r til \u00e5 st\u00e5 i motgang, b\u00e5de som enkeltmennesker og som samfunn.<\/p>\n<p>Unders\u00f8kelsen peker p\u00e5 arbeidslivet som en viktig faktor for psykisk beredskap. Likevel oppgir \u00e9n av fem at det er lite \u00e5penhet om psykisk helse p\u00e5 jobben, og halvparten kjenner ikke til at arbeidsplassen har gjennomf\u00f8rt tiltak for \u00e5 styrke ansattes psykiske helse.<\/p>\n<p>\u2013 Arbeidsplassene m\u00e5 ta sitt ansvar p\u00e5 alvor. Et minimum er \u00e5 tydeliggj\u00f8re hvor ansatte kan f\u00e5 hjelp og \u00e5 l\u00f8fte psykisk helse inn i medarbeidersamtaler, sier Sankholkar i <a href=\"https:\/\/kommunikasjon.ntb.no\/pressemelding\/18665941\/ny-undersokelse-samfunnet-er-ikke-mentalt-rustet-for-kriser?publisherId=17848927&amp;lang=no\" rel=\"nofollow noopener\" target=\"_blank\">pressemeldingen<\/a>.<\/p>\n<p><strong>Les ogs\u00e5: <a href=\"https:\/\/inyheter.no\/21\/11\/2023\/dsb-mener-nordmenn-bor-kunne-klare-seg-selv-i-en-uke-det-er-krig-pa-dorterskelen-var\/\" rel=\"nofollow noopener\" target=\"_blank\">DSB mener nordmenn b\u00f8r kunne klare seg selv i en uke: \u2013 Det er krig p\u00e5 d\u00f8rterskelen v\u00e5r<\/a><\/strong><\/p>\n<p>Gjennom \u00e5rets kampanje for Verdensdagen for psykisk helse \u00f8nsker organisasjonen \u00e5 sette temaet p\u00e5 dagsorden. M\u00e5let er \u00e5 styrke samfunnets mentale motstandskraft i urolige tider, blant annet gjennom mer \u00e5penhet, kunnskap om krisereaksjoner og tiltak som skaper fellesskap og tilh\u00f8righet.<\/p>\n<p>Unders\u00f8kelsen viser ogs\u00e5 at \u00e9n av ti under 55 \u00e5r oppgir at de verken f\u00f8ler seg rustet til \u00e5 h\u00e5ndtere en krise selv eller har noen \u00e5 vende seg til hvis de rammes.<\/p>\n<p>Resultatene peker p\u00e5 at mange nordmenn ser psykisk helse som en avgj\u00f8rende del av samfunnets beredskap, men at det fortsatt er store mangler i hvordan vi h\u00e5ndterer temaet i praksis. <\/p>\n<p><strong>Sp\u00f8rsm\u00e5let blir dermed hvorvidt b\u00e5de arbeidsliv, skoler og myndigheter er villige til \u00e5 ta de grepene som trengs for \u00e5 gj\u00f8re Norge bedre rustet neste gang en st\u00f8rre krise rammer.<\/strong><\/p>\n","protected":false},"excerpt":{"rendered":"En ny unders\u00f8kelse fra Opinion viser at en tredel av nordmenn ikke mener vi som samfunn er mentalt&hellip;\n","protected":false},"author":2,"featured_media":46412,"comment_status":"","ping_status":"","sticky":false,"template":"","format":"standard","meta":{"footnotes":""},"categories":[10],"tags":[20,21,24,25,15,7245,22,23,13,30,28,29,14,16,26,27],"class_list":{"0":"post-46411","1":"post","2":"type-post","3":"status-publish","4":"format-standard","5":"has-post-thumbnail","7":"category-norge","8":"tag-breaking-news","9":"tag-breakingnews","10":"tag-featured-news","11":"tag-featurednews","12":"tag-headlines","13":"tag-krise","14":"tag-latest-news","15":"tag-latestnews","16":"tag-news","17":"tag-no","18":"tag-norge","19":"tag-norway","20":"tag-nyheter","21":"tag-overskrifter","22":"tag-top-stories","23":"tag-topstories"},"share_on_mastodon":{"url":"","error":""},"_links":{"self":[{"href":"https:\/\/www.europesays.com\/no\/wp-json\/wp\/v2\/posts\/46411","targetHints":{"allow":["GET"]}}],"collection":[{"href":"https:\/\/www.europesays.com\/no\/wp-json\/wp\/v2\/posts"}],"about":[{"href":"https:\/\/www.europesays.com\/no\/wp-json\/wp\/v2\/types\/post"}],"author":[{"embeddable":true,"href":"https:\/\/www.europesays.com\/no\/wp-json\/wp\/v2\/users\/2"}],"replies":[{"embeddable":true,"href":"https:\/\/www.europesays.com\/no\/wp-json\/wp\/v2\/comments?post=46411"}],"version-history":[{"count":0,"href":"https:\/\/www.europesays.com\/no\/wp-json\/wp\/v2\/posts\/46411\/revisions"}],"wp:featuredmedia":[{"embeddable":true,"href":"https:\/\/www.europesays.com\/no\/wp-json\/wp\/v2\/media\/46412"}],"wp:attachment":[{"href":"https:\/\/www.europesays.com\/no\/wp-json\/wp\/v2\/media?parent=46411"}],"wp:term":[{"taxonomy":"category","embeddable":true,"href":"https:\/\/www.europesays.com\/no\/wp-json\/wp\/v2\/categories?post=46411"},{"taxonomy":"post_tag","embeddable":true,"href":"https:\/\/www.europesays.com\/no\/wp-json\/wp\/v2\/tags?post=46411"}],"curies":[{"name":"wp","href":"https:\/\/api.w.org\/{rel}","templated":true}]}}