{"id":46461,"date":"2025-09-27T11:19:23","date_gmt":"2025-09-27T11:19:23","guid":{"rendered":"https:\/\/www.europesays.com\/no\/46461\/"},"modified":"2025-09-27T11:19:23","modified_gmt":"2025-09-27T11:19:23","slug":"norgespris-kan-gi-solcelleeiere-en-skjult-fordel","status":"publish","type":"post","link":"https:\/\/www.europesays.com\/no\/46461\/","title":{"rendered":"Norgespris kan gi solcelleeiere en skjult fordel"},"content":{"rendered":"<p class=\"text-md pt-2 pb-8 mb-3 text-base border-b border-brandNeutral-900 dark:border-brandNeutral-100\">Dette debattinnlegget gir uttrykk for skribentens meninger. Innlegg kan sendes til debatt@tu.no.<\/p>\n<p>Onsdag gikk startskuddet for \u00e5 tegne seg for den nye fastprisavtalen Norgespris. Allerede etter noen timer hadde 150.000 husholdninger registrert seg for avtalen som strekker seg fra 1. oktober og minimum ut 2026.<\/p>\n<p>Debatten om Norgespris har g\u00e5tt h\u00f8yt, og jeg har selv hatt en del <a href=\"https:\/\/www.tu.no\/artikler\/med-norgespris-pa-strom-ma-vedsekken-koste-under-12-kroner-for-at-det-skal-lonne-seg-a-fyre-med-ved\/556474\" rel=\"nofollow noopener\" target=\"_blank\">kritiske innvendinger<\/a>, blant annet at en lav fastpris p\u00e5 str\u00f8m svekker insentivene til energieffektivisering og egenproduksjon, for eksempel solceller.<\/p>\n<p>Men n\u00e5 som ordningen er p\u00e5 vei inn, har jeg sett n\u00e6rmere p\u00e5 hvilke fordeler den faktisk kan gi \u2013 s\u00e6rlig for oss med solceller p\u00e5 taket.<\/p>\n<p>Ikke s\u00e5 d\u00e5rlig som en kunne tro<\/p>\n<p>Norgespris er kort fortalt en fastprisavtale p\u00e5 str\u00f8m, frikoblet markedsprisen. Du tjener (sparer) p\u00e5 avtalen n\u00e5r markedsprisen er h\u00f8yere enn 40 \u00f8re + mva., typisk om vinteren, og taper n\u00e5r den er lavere, som oftest om sommeren.<\/p>\n<p>For alle s\u00f8r for Midt-Norge har gjennomsnittsprisen de siste \u00e5rene ligget godt over Norgespris. Alts\u00e5 ville vi kommet bedre ut med en slik avtale.<\/p>\n<p>Hvordan dette hadde sl\u00e5tt ut for akkurat deg, kan du sjekke p\u00e5 elhub.no.<\/p>\n<p>Med den nye, lave fastprisen har privatmarkedet for solcelleanlegg n\u00e6rmest blitt utradert. Men for oss som allerede har solceller p\u00e5 taket blir ikke regnestykket n\u00f8dvendigvis s\u00e5 d\u00e5rlig som en kunne tro.<\/p>\n<p>Selg til markedspris<\/p>\n<p>Fastprisavtalen gjelder nemlig kun str\u00f8mmen du bruker, ikke den du selger. Overskuddsproduksjonen fra solcellene dine kan fortsatt selges til markedspris. N\u00e5r mange n\u00e5 ser ut til \u00e5 velge fastpris, svekkes insentivene til \u00e5 spare str\u00f8m, og samlet forbruk vil \u00f8ke. Det kan gi h\u00f8yere markedspris \u2013 og dermed bedre betalt for solkraften du selger.<\/p>\n<p><img decoding=\"async\" width=\"664\" class=\" cursor-pointer w-full sm:w-auto\" src=\"https:\/\/www.europesays.com\/no\/wp-content\/uploads\/2025\/09\/Harald%20Jacobsen%20norgespris%20str%C3%B8m%20ved.jpg\"  alt=\"Ved m\u00e5 koste under 42 kroner per sekk for \u00e5 konkurrere med panelovner, og under 12 kroner for \u00e5 konkurrere med varmepumper, if\u00f8lge sivil\u00f8konom Harald Jacobsen.\u00a0&lt;span&gt;Foto:\u00a0Privat&lt;\/span&gt;\" loading=\"lazy\"\/>Ved m\u00e5 koste under 42 kroner per sekk for \u00e5 konkurrere med panelovner, og under 12 kroner for \u00e5 konkurrere med varmepumper, if\u00f8lge sivil\u00f8konom Harald Jacobsen.\u00a0Foto:\u00a0Privat <\/p>\n<p>En annen positiv side kommer til uttrykk om sommeren, n\u00e5r fastprisen kan bli h\u00f8yere enn markedsprisen. P\u00e5 denne tiden av \u00e5ret vil husholdninger med solceller p\u00e5 taket gjerne v\u00e6re selvforsynt med str\u00f8m s\u00e5 lenge sola er oppe.<\/p>\n<p>For egen del produserer vi typisk mer energi enn vi bruker mellom klokka 08 og klokka 19, fra mai til september. Det betyr at vi ikke beh\u00f8ver \u00e5 kj\u00f8pe str\u00f8m store deler av tiden n\u00e5r Norgespris potensielt er h\u00f8yere enn markedsprisen.<\/p>\n<p>Kan Norgespris gi rentekutt?<\/p>\n<p>Solceller kan alts\u00e5 bidra til at du f\u00e5r fordelen med Norgespris hele vinteren og unng\u00e5r mesteparten av den potensielle ulempen p\u00e5 sommeren. Vi skal heller ikke glemme at smart str\u00f8mforbruk i kombinasjon med egenproduksjon ogs\u00e5 kan bidra til at solcelleeiere kan redusere nettleia, herunder d\u00f8gnmaks.<\/p>\n<p>Et tredje forhold, og dette gjelder alts\u00e5 langt flere enn oss med solceller, er at Norges Bank i sin Pengepolitisk Rapport som ble publisert i forrige uke, skriver at Norgespris b\u00e5de vil bidra til mindre svingninger i energikomponenten av KPI\u00a0og til lavere prisvekst.<\/p>\n<p>Det betyr isolert sett mindre press p\u00e5 styringsrenta og dermed \u00f8kt sannsynlighet for ytterligere rentekutt. Det er gode nyheter for alle med boligl\u00e5n!<\/p>\n<p>    <a class=\"flex link\" href=\"#auto\"><br \/>\n        <img decoding=\"async\" class=\"image hide\" src=\"\"\/><\/p>\n<p>    <\/a><\/p>\n","protected":false},"excerpt":{"rendered":"Dette debattinnlegget gir uttrykk for skribentens meninger. Innlegg kan sendes til debatt@tu.no. Onsdag gikk startskuddet for \u00e5 tegne&hellip;\n","protected":false},"author":2,"featured_media":46462,"comment_status":"","ping_status":"","sticky":false,"template":"","format":"standard","meta":{"footnotes":""},"categories":[5],"tags":[20,21,37,382,24,25,15,19,22,23,17,18,13,30,28,3333,29,14,16,7253,26,27],"class_list":{"0":"post-46461","1":"post","2":"type-post","3":"status-publish","4":"format-standard","5":"has-post-thumbnail","7":"category-overskrifter","8":"tag-breaking-news","9":"tag-breakingnews","10":"tag-debatt","11":"tag-energi","12":"tag-featured-news","13":"tag-featurednews","14":"tag-headlines","15":"tag-hovedoppslag","16":"tag-latest-news","17":"tag-latestnews","18":"tag-main-news","19":"tag-mainnews","20":"tag-news","21":"tag-no","22":"tag-norge","23":"tag-norgespris","24":"tag-norway","25":"tag-nyheter","26":"tag-overskrifter","27":"tag-solceller","28":"tag-top-stories","29":"tag-topstories"},"share_on_mastodon":{"url":"","error":""},"_links":{"self":[{"href":"https:\/\/www.europesays.com\/no\/wp-json\/wp\/v2\/posts\/46461","targetHints":{"allow":["GET"]}}],"collection":[{"href":"https:\/\/www.europesays.com\/no\/wp-json\/wp\/v2\/posts"}],"about":[{"href":"https:\/\/www.europesays.com\/no\/wp-json\/wp\/v2\/types\/post"}],"author":[{"embeddable":true,"href":"https:\/\/www.europesays.com\/no\/wp-json\/wp\/v2\/users\/2"}],"replies":[{"embeddable":true,"href":"https:\/\/www.europesays.com\/no\/wp-json\/wp\/v2\/comments?post=46461"}],"version-history":[{"count":0,"href":"https:\/\/www.europesays.com\/no\/wp-json\/wp\/v2\/posts\/46461\/revisions"}],"wp:featuredmedia":[{"embeddable":true,"href":"https:\/\/www.europesays.com\/no\/wp-json\/wp\/v2\/media\/46462"}],"wp:attachment":[{"href":"https:\/\/www.europesays.com\/no\/wp-json\/wp\/v2\/media?parent=46461"}],"wp:term":[{"taxonomy":"category","embeddable":true,"href":"https:\/\/www.europesays.com\/no\/wp-json\/wp\/v2\/categories?post=46461"},{"taxonomy":"post_tag","embeddable":true,"href":"https:\/\/www.europesays.com\/no\/wp-json\/wp\/v2\/tags?post=46461"}],"curies":[{"name":"wp","href":"https:\/\/api.w.org\/{rel}","templated":true}]}}