{"id":46511,"date":"2025-09-27T12:28:08","date_gmt":"2025-09-27T12:28:08","guid":{"rendered":"https:\/\/www.europesays.com\/no\/46511\/"},"modified":"2025-09-27T12:28:08","modified_gmt":"2025-09-27T12:28:08","slug":"barneminister-lene-vagslid-ap-tar-flere-grep-etter-vgs-avsloringer","status":"publish","type":"post","link":"https:\/\/www.europesays.com\/no\/46511\/","title":{"rendered":"Barneminister Lene V\u00e5gslid (Ap) tar flere grep etter VGs avsl\u00f8ringer"},"content":{"rendered":"\n<p class=\"_lead_ew2ao_2 _lead_xtcu6_50 layout-component text-serif-m layout-normal text-serif-l layout-component layout-wide layout-padded _wide_17hqh_1 layout-padded\">N\u00e5 varsler Lene V\u00e5gslid (Ap) at regjeringen vil ta flere grep for \u00e5 f\u00f8lge opp VGs avsl\u00f8ringer om barna som forsvinner fra barnevernet.<\/p>\n<p><img alt=\" Foto: Janne M\u00f8ller-Hansen \/ VG\" class=\"_image_qp4xg_65 layout-component layout-wide\" data-fullscreen- data-track-element-type=\"Article image fullscreen\" data-track-name=\"ImageFullscreen\" fetchpriority=\"high\" decoding=\"sync\" loading=\"eager\" height=\"4621\" itemprop=\"image\"  src=\"https:\/\/www.europesays.com\/no\/wp-content\/uploads\/2025\/09\/550604db-8931-4004-8e19-26e5cd4cb135\"  style=\"object-position:0% 0%\" width=\"5755\"\/> Foto: Janne M\u00f8ller-Hansen \/ VG<\/p>\n<ul aria-hidden=\"true\" class=\"_images_1y6fe_106\">\n<li><a class=\"_link_1y6fe_111\" href=\"https:\/\/www.vg.no\/forfatter\/mona-grivi-norman\" style=\"z-index:2\" title=\"Mona Grivi Norman\" rel=\"nofollow noopener\" target=\"_blank\"><img alt=\"Bilde av Mona Grivi Norman\" class=\"_image_1y6fe_88\" fetchpriority=\"low\" loading=\"lazy\" decoding=\"async\" itemprop=\"image\"  src=\"https:\/\/www.europesays.com\/no\/wp-content\/uploads\/2025\/09\/1758976088_640_988392d7-cfdc-4af7-9140-efc0cd7f8aef\"  width=\"480\"\/><\/a><\/li>\n<li><a class=\"_link_1y6fe_111\" href=\"https:\/\/www.vg.no\/forfatter\/marie-golimo-kingsroed\" style=\"z-index:1\" title=\"Marie Golimo Kingsr\u00f8d\" rel=\"nofollow noopener\" target=\"_blank\"><img alt=\"Bilde av Marie Golimo Kingsr\u00f8d\" class=\"_image_1y6fe_88\" fetchpriority=\"low\" loading=\"lazy\" decoding=\"async\" itemprop=\"image\"  src=\"https:\/\/www.europesays.com\/no\/wp-content\/uploads\/2025\/09\/c290c979-4b92-478c-ac10-9a4150bfe573\"  width=\"480\"\/><\/a><\/li>\n<\/ul>\n<p> Oppdatert l\u00f8rdag 27. september kl. 13:53    <\/p>\n<ul class=\"_list_ew2ao_3 _list_64s2r_85 _unordered_ew2ao_99 text-sans-m\">\n<li class=\"_item_ew2ao_30\">Regjeringen vil f\u00f8lge opp VGs avsl\u00f8ringer om barn som forsvinner fra barnevernet.<\/li>\n<li class=\"_item_ew2ao_30\">Nye tiltak inkluderer nasjonal statistikk, oppdaterte retningslinjer og tydeligere svar p\u00e5 n\u00e5r saker skal anmeldes.<\/li>\n<li class=\"_item_ew2ao_30\">M\u00e5let er bedre beskyttelse for utsatte barn og \u00e5 unng\u00e5 ulovlige bortf\u00f8ringer.<\/li>\n<\/ul>\n<p>Vis mer <\/p>\n<p class=\"_paragraph_ew2ao_4 _paragraph_xtcu6_10 layout-component text-serif-m layout-normal text-serif-m layout-padded\">Barne- og familieministeren sier at hun satte i gang arbeidet med \u00e5 f\u00e5 ny nasjonal statistikk allerede samme dag som hun leste <a href=\"https:\/\/www.vg.no\/nyheter\/i\/bmA68A\/vg-avsloerer-hver-dag-flytter-et-barn-fra-norge-mens-familien-undersoekes-av-barnevernet\" data-track-element-type=\"Link\" data-track-id=\"link:bmA68A\" class=\"_link_ew2ao_39\" rel=\"nofollow noopener\" target=\"_blank\">VGs sak om barna som forsvinner ut av landet<\/a>.<\/p>\n<p class=\"_paragraph_ew2ao_4 _paragraph_xtcu6_10 layout-component text-serif-m layout-normal text-serif-m layout-padded\">I august fortalte VG historien til norske <a href=\"https:\/\/www.vg.no\/spesial\/2025\/robins-historie\/\" class=\"_link_ew2ao_39\" rel=\"nofollow noopener\" target=\"_blank\">Robin som ble tatt med til Polen<\/a> da han var 12 \u00e5r.<\/p>\n<p class=\"_paragraph_ew2ao_4 _paragraph_xtcu6_10 layout-component text-serif-m layout-normal text-serif-m layout-padded\">I fem og et halvt \u00e5r bodde Robin i et fremmed land, p\u00e5 r\u00f8mmen fra norsk barnevern.<\/p>\n<p class=\"_paragraph_ew2ao_4 _paragraph_xtcu6_10 layout-component text-serif-m layout-normal text-serif-m layout-padded\">\u2013 Det er fortvilende \u00e5 lese om barn som er bortf\u00f8rt fra barnevernet, sier Lene V\u00e5gslid til VG.<\/p>\n<p class=\"_paragraph_ew2ao_4 _paragraph_xtcu6_10 layout-component text-serif-m layout-normal text-serif-m layout-padded\"><strong class=\"_strong_ew2ao_25\">\u2013 Jeg kan ikke engang forestille meg hvor vanskelig det oppleves for barna det gjelder, som br\u00e5tt m\u00e5 forlate venner, skole og nettverk.<\/strong><\/p>\n<p class=\"_paragraph_ew2ao_4 _paragraph_xtcu6_10 layout-component text-serif-m layout-normal layout-padded\"><strong class=\"_strong_ew2ao_25\">Les ogs\u00e5:<\/strong> <a href=\"https:\/\/www.vg.no\/i\/RzLJKd\" data-track-element-type=\"Link\" data-track-id=\"link:RzLJKd\" class=\"_link_ew2ao_39\" rel=\"nofollow noopener\" target=\"_blank\">\u2013 Norske barneverns\u00adflyktninger er en trend i Polen<\/a><\/p>\n<p class=\"_paragraph_ew2ao_4 _paragraph_xtcu6_10 layout-component text-serif-m layout-normal text-serif-m layout-padded\">N\u00e5 forteller V\u00e5gslid om flere nye grep regjeringen vil ta for \u00e5 sikre de utsatte barna:<\/p>\n<p class=\"_paragraph_ew2ao_4 _paragraph_xtcu6_10 layout-component text-serif-m layout-normal text-serif-m layout-padded\"><strong class=\"_strong_ew2ao_25\">Kontroll p\u00e5 bortf\u00f8ringer:<\/strong> Barneministeren har bestilt en oversikt over alle barnebortf\u00f8ringerbarnebortf\u00f8ringerN\u00e5r et barn tas ulovlig ut av landet fra en forelder, foresatt eller barnevernet som har omsorgen. Straffeloven omtaler det som omsorgsunndragelse. og hvilke land familiene reiser til. Dette skal det ogs\u00e5 etterrapporteresetterrapporteresrapportere om noe tilbake i tid p\u00e5 i 2025.<\/p>\n<p class=\"_paragraph_ew2ao_4 _paragraph_xtcu6_10 layout-component text-serif-m layout-normal text-serif-m layout-padded\"><strong class=\"_strong_ew2ao_25\">Tydeligere retningslinjer: <\/strong>BufdirBufdirBarne-, ungdoms- og familiedirektoratet er et organ som blant annet har fagansvar for barnevernet. oppdaterer retningslinjene om barnevernssaker p\u00e5 tvers av landegrenser. Her skal det bli tydeligere hva barnevernstjenestene kan og skal gj\u00f8re n\u00e5r familier drar utenlands.<\/p>\n<p class=\"_paragraph_ew2ao_4 _paragraph_xtcu6_10 layout-component text-serif-m layout-normal text-serif-m layout-padded\"><strong class=\"_strong_ew2ao_25\">Politianmeldelser: <\/strong>Veilederen som handler om bortf\u00f8ring fra barnevernet skal oppdateres, og det skal bli tydeligere n\u00e5r barnevernstjenesten skal politianmelde.<\/p>\n<p class=\"_paragraph_ew2ao_4 _paragraph_xtcu6_10 layout-component text-serif-m layout-normal text-serif-m layout-padded\"><strong class=\"_strong_ew2ao_25\">Forslag til lovendring: <\/strong>Regjeringen la i juni fram flere forslag til lovendringer som skal hindre skadelige utenlandsoppholdskadelige utenlandsoppholdet opphold i utlandet som kan utsette barnet for fysisk eller psykisk vold og alvorlig omsorgssvikt.. <\/p>\n<p class=\"_paragraph_ew2ao_4 _paragraph_xtcu6_10 layout-component text-serif-m layout-normal text-serif-m layout-padded\"><strong class=\"_strong_ew2ao_25\">Kontakt med andre land: <\/strong>Barneministeren sier b\u00e5de Bufdir, hennes eget departement og utenriksdepartementet gir informasjon om det norske barnevernssystemet i internasjonale fora.<\/p>\n<p class=\"_paragraph_ew2ao_4 _paragraph_xtcu6_10 layout-component text-serif-m layout-normal text-serif-m layout-padded\"><strong class=\"_strong_ew2ao_25\">Land-oversikt:<\/strong> Bufdir har f\u00e5tt i oppdrag \u00e5 rapportere p\u00e5 <a href=\"https:\/\/www.vg.no\/nyheter\/i\/wgaePd\/barne-og-familieminister-lene-vaagslid-ap-lover-statistikk-paa-bortfoerte-barn\" data-track-element-type=\"Link\" data-track-id=\"link:wgaePd\" class=\"_link_ew2ao_39\" rel=\"nofollow noopener\" target=\"_blank\">hvor mange barn som flytter utenlands<\/a> mens familien unders\u00f8kes av barnevernet. N\u00e5 vil V\u00e5gslid ogs\u00e5 vite hvilke land disse barna flytter til.<\/p>\n<p class=\"_paragraph_ew2ao_4 _paragraph_xtcu6_10 layout-component text-serif-m layout-normal text-serif-m layout-padded\">VG avsl\u00f8rte i august at det har skjedd med <a href=\"https:\/\/www.vg.no\/nyheter\/i\/bmA68A\/vg-avsloerer-hver-dag-flytter-et-barn-fra-norge-mens-familien-undersoekes-av-barnevernet\" data-track-element-type=\"Link\" data-track-id=\"link:bmA68A\" class=\"_link_ew2ao_39\" rel=\"nofollow noopener\" target=\"_blank\">minst 828 barn de siste tre \u00e5rene<\/a>.<\/p>\n<p class=\"_paragraph_ew2ao_4 _paragraph_xtcu6_10 layout-component text-serif-m layout-normal text-serif-m layout-padded\">De oppdaterte retningslinjene skal gj\u00f8re det tydeligere for de 227 barnevernslederne hva de skal gj\u00f8re om barn de er bekymret for flyttes ut av Norge.<\/p>\n<p class=\"_paragraph_ew2ao_4 _paragraph_xtcu6_10 layout-component text-serif-m layout-normal text-serif-m layout-padded\"><strong class=\"_strong_ew2ao_25\">\u2013 Kommunene skal ikke oppleve at de st\u00e5r alene i s\u00e5 krevende saker, sier V\u00e5gslid.<\/strong><\/p>\n<p class=\"_paragraph_ew2ao_4 _paragraph_xtcu6_10 layout-component text-serif-m layout-normal text-serif-m layout-padded\">\u2013 Det skal g\u00e5 klart fram hva barnevernstjenesten skal gj\u00f8re hvis barnet flytter utenlands n\u00e5r familien unders\u00f8kes, n\u00e5r de mottar hjelpetiltak \u2013 eller n\u00e5r flyttingen utgj\u00f8r en ulovlig barnebortf\u00f8ring, sier hun.<\/p>\n<p class=\"_paragraph_ew2ao_4 _paragraph_xtcu6_10 layout-component text-serif-m layout-normal text-serif-m layout-padded\">V\u00e5gslid sier arbeidet allerede er godt i gang.<\/p>\n<p class=\"_paragraph_ew2ao_4 _paragraph_xtcu6_10 layout-component text-serif-m layout-normal text-serif-m layout-padded\">Hun h\u00e5per de nye oversiktene vil gi et tydeligere bilde av hvor ofte dette skjer, hvordan utviklingen er og om det er enkelte land som skiller seg ut.<\/p>\n<p class=\"_paragraph_ew2ao_4 _paragraph_xtcu6_10 layout-component text-serif-m layout-normal text-serif-m layout-padded\"><strong class=\"_strong_ew2ao_25\">\u2013 Det kan synliggj\u00f8re behov for ytterligere tiltak, ogs\u00e5 overfor konkrete land.<\/strong><\/p>\n<p class=\"_paragraph_ew2ao_4 _paragraph_xtcu6_10 layout-component text-serif-m layout-normal layout-padded\"><strong class=\"_strong_ew2ao_25\">Les ogs\u00e5:<\/strong> <a href=\"https:\/\/www.vg.no\/i\/jQRQML\" data-track-element-type=\"Link\" data-track-id=\"link:jQRQML\" class=\"_link_ew2ao_39\" rel=\"nofollow noopener\" target=\"_blank\">Barn forsvinner: \u2013 Fryktelig frustrerende<\/a><\/p>\n<p class=\"_paragraph_ew2ao_4 _paragraph_xtcu6_10 layout-component text-serif-m layout-normal text-serif-m layout-padded\">Barneministeren sier regjeringen denne v\u00e5ren la frem et kvalitetsl\u00f8ft i barnevernstjenesten som blant annet skal gi bedre involvering for foreldre, \u00f8kt bruk av tolk \u2013 og bruk av brobyggere i milj\u00f8er der det er lav tillit til barnevernet.<\/p>\n<p class=\"_paragraph_ew2ao_4 _paragraph_xtcu6_10 layout-component text-serif-m layout-normal text-serif-m layout-padded\">\u2013 Vi skal s\u00f8rge for st\u00f8rre \u00e5penhet om barnevernets arbeid, og gi tydeligere veiledning om hvordan barn og foreldre b\u00f8r involveres og ivaretas i barnevernets unders\u00f8kelser.<\/p>\n","protected":false},"excerpt":{"rendered":"N\u00e5 varsler Lene V\u00e5gslid (Ap) at regjeringen vil ta flere grep for \u00e5 f\u00f8lge opp VGs avsl\u00f8ringer om&hellip;\n","protected":false},"author":2,"featured_media":46512,"comment_status":"","ping_status":"","sticky":false,"template":"","format":"standard","meta":{"footnotes":""},"categories":[10],"tags":[4071,7262,3540,20,21,24,25,15,22,23,7261,13,30,28,29,14,16,26,27],"class_list":{"0":"post-46511","1":"post","2":"type-post","3":"status-publish","4":"format-standard","5":"has-post-thumbnail","7":"category-norge","8":"tag-barna-som-forsvant","9":"tag-barnebortforing","10":"tag-barnevern","11":"tag-breaking-news","12":"tag-breakingnews","13":"tag-featured-news","14":"tag-featurednews","15":"tag-headlines","16":"tag-latest-news","17":"tag-latestnews","18":"tag-lene-vagslid","19":"tag-news","20":"tag-no","21":"tag-norge","22":"tag-norway","23":"tag-nyheter","24":"tag-overskrifter","25":"tag-top-stories","26":"tag-topstories"},"share_on_mastodon":{"url":"","error":""},"_links":{"self":[{"href":"https:\/\/www.europesays.com\/no\/wp-json\/wp\/v2\/posts\/46511","targetHints":{"allow":["GET"]}}],"collection":[{"href":"https:\/\/www.europesays.com\/no\/wp-json\/wp\/v2\/posts"}],"about":[{"href":"https:\/\/www.europesays.com\/no\/wp-json\/wp\/v2\/types\/post"}],"author":[{"embeddable":true,"href":"https:\/\/www.europesays.com\/no\/wp-json\/wp\/v2\/users\/2"}],"replies":[{"embeddable":true,"href":"https:\/\/www.europesays.com\/no\/wp-json\/wp\/v2\/comments?post=46511"}],"version-history":[{"count":0,"href":"https:\/\/www.europesays.com\/no\/wp-json\/wp\/v2\/posts\/46511\/revisions"}],"wp:featuredmedia":[{"embeddable":true,"href":"https:\/\/www.europesays.com\/no\/wp-json\/wp\/v2\/media\/46512"}],"wp:attachment":[{"href":"https:\/\/www.europesays.com\/no\/wp-json\/wp\/v2\/media?parent=46511"}],"wp:term":[{"taxonomy":"category","embeddable":true,"href":"https:\/\/www.europesays.com\/no\/wp-json\/wp\/v2\/categories?post=46511"},{"taxonomy":"post_tag","embeddable":true,"href":"https:\/\/www.europesays.com\/no\/wp-json\/wp\/v2\/tags?post=46511"}],"curies":[{"name":"wp","href":"https:\/\/api.w.org\/{rel}","templated":true}]}}