{"id":46515,"date":"2025-09-27T12:42:09","date_gmt":"2025-09-27T12:42:09","guid":{"rendered":"https:\/\/www.europesays.com\/no\/46515\/"},"modified":"2025-09-27T12:42:09","modified_gmt":"2025-09-27T12:42:09","slug":"rana-selfors-trafikkuhell-pa-selfors","status":"publish","type":"post","link":"https:\/\/www.europesays.com\/no\/46515\/","title":{"rendered":"Rana, Selfors | Trafikkuhell p\u00e5 Selfors"},"content":{"rendered":"\n<p>Etter melding om et sammenst\u00f8t mellom to kj\u00f8ret\u00f8y klokken 10.47 l\u00f8rdag formiddag, Politiet rykket ut til Selfors i Rana.<\/p>\n<p>If\u00f8lge Nordland politidistrikt var politiet raskt p\u00e5 stedet og kom i kontakt med partene.<\/p>\n<p>Klokken 10.54 opplyser politiet at ingen personer ser ut til \u00e5 v\u00e6re fysisk skadet. Saken h\u00e5ndteres videre av politiet.<\/p>\n<p><b>Oppdatering:<\/b> En person til legevakt etter trafikkuhell p\u00e5 Selfors<\/p>\n<p>Politiet opplyser at hendelsen skjedde i en rundkj\u00f8ring p\u00e5 Selfors. En passasjer er tatt med til legevakta for sjekk.<\/p>\n<p>Begge f\u00f8rere er avh\u00f8rt, og politiet har opprettet sak. Etter \u00e5 ha avsluttet arbeidet p\u00e5 stedet er saken n\u00e5 avsluttet, melder Nordland politidistrikt<\/p>\n","protected":false},"excerpt":{"rendered":"Etter melding om et sammenst\u00f8t mellom to kj\u00f8ret\u00f8y klokken 10.47 l\u00f8rdag formiddag, Politiet rykket ut til Selfors i&hellip;\n","protected":false},"author":2,"featured_media":46516,"comment_status":"","ping_status":"","sticky":false,"template":"","format":"standard","meta":{"footnotes":""},"categories":[10],"tags":[36,20,21,24,25,15,22,23,13,30,28,29,14,16,1360,7172,1510,26,27,224],"class_list":{"0":"post-46515","1":"post","2":"type-post","3":"status-publish","4":"format-standard","5":"has-post-thumbnail","7":"category-norge","8":"tag-art","9":"tag-breaking-news","10":"tag-breakingnews","11":"tag-featured-news","12":"tag-featurednews","13":"tag-headlines","14":"tag-latest-news","15":"tag-latestnews","16":"tag-news","17":"tag-no","18":"tag-norge","19":"tag-norway","20":"tag-nyheter","21":"tag-overskrifter","22":"tag-rana","23":"tag-selfors","24":"tag-story","25":"tag-top-stories","26":"tag-topstories","27":"tag-trafikk"},"share_on_mastodon":{"url":"","error":""},"_links":{"self":[{"href":"https:\/\/www.europesays.com\/no\/wp-json\/wp\/v2\/posts\/46515","targetHints":{"allow":["GET"]}}],"collection":[{"href":"https:\/\/www.europesays.com\/no\/wp-json\/wp\/v2\/posts"}],"about":[{"href":"https:\/\/www.europesays.com\/no\/wp-json\/wp\/v2\/types\/post"}],"author":[{"embeddable":true,"href":"https:\/\/www.europesays.com\/no\/wp-json\/wp\/v2\/users\/2"}],"replies":[{"embeddable":true,"href":"https:\/\/www.europesays.com\/no\/wp-json\/wp\/v2\/comments?post=46515"}],"version-history":[{"count":0,"href":"https:\/\/www.europesays.com\/no\/wp-json\/wp\/v2\/posts\/46515\/revisions"}],"wp:featuredmedia":[{"embeddable":true,"href":"https:\/\/www.europesays.com\/no\/wp-json\/wp\/v2\/media\/46516"}],"wp:attachment":[{"href":"https:\/\/www.europesays.com\/no\/wp-json\/wp\/v2\/media?parent=46515"}],"wp:term":[{"taxonomy":"category","embeddable":true,"href":"https:\/\/www.europesays.com\/no\/wp-json\/wp\/v2\/categories?post=46515"},{"taxonomy":"post_tag","embeddable":true,"href":"https:\/\/www.europesays.com\/no\/wp-json\/wp\/v2\/tags?post=46515"}],"curies":[{"name":"wp","href":"https:\/\/api.w.org\/{rel}","templated":true}]}}