{"id":46548,"date":"2025-09-27T13:22:10","date_gmt":"2025-09-27T13:22:10","guid":{"rendered":"https:\/\/www.europesays.com\/no\/46548\/"},"modified":"2025-09-27T13:22:10","modified_gmt":"2025-09-27T13:22:10","slug":"apple-jobb-bi-student-murilo-oliveira-lopes-flytter-til-irland-for-a-jobbe-for-apple","status":"publish","type":"post","link":"https:\/\/www.europesays.com\/no\/46548\/","title":{"rendered":"Apple, Jobb | BI-student Murilo Oliveira Lopes flytter til Irland for \u00e5 jobbe for Apple"},"content":{"rendered":"\n<p>Murilo Oliveira Lopes hadde akkurat fullf\u00f8rt BI-utdanningen i Bergen og s\u00f8kt en del jobber uten hell, da han fikk en melding p\u00e5 .<\/p>\n<p>\u2013 Jeg tenkte at det var scam til \u00e5 begynne med, sier den unge mannen til BA.<\/p>\n<p>Det trodde ogs\u00e5 andre han snakket med, inkludert moren, som fryktet at han skulle bli kidnappet!<\/p>\n<p>Henvendelsen kom fra en rekrutterer i Apple. Selskapet, som lager datamaskiner, telefoner, klokker og mye annet i skinnende metall, er et av de st\u00f8rste i verden. I Cork i Irland har de sitt europeiske hovedkvarter med 6000 ansatte fra over 90 nasjoner.<\/p>\n<p>   <img decoding=\"async\" width=\"6321\" height=\"4214\" fetchpriority=\"low\"  loading=\"lazy\"  src=\"https:\/\/www.europesays.com\/no\/wp-content\/uploads\/2025\/09\/6G8A0024-3.jpg\" alt=\"\" class=\"brick-c-cFOWSL\" style=\"--brick-image-ratio: 6321 \/ 4214;\"\/><\/p>\n<p>    Helgen bruker Murilo Oliveira Lopes til \u00e5 tir pakke ned f\u00f8r turen g\u00e5r til Cork i Irland.<br \/>\n    Foto: SONDRE HORVEI\n  <\/p>\n<p>  Spr\u00e5kmektig<\/p>\n<p>Murilo ble invitert til \u00e5 s\u00f8ke p\u00e5 jobb, og etter en prosess med b\u00e5de intervjuer og evnetest, ble han ansatt for \u00e5 jobbe med kunstig intelligens og Apples stemmestyrte assistent \u00abSiri\u00bb. Kanskje ikke den mest \u00e5penbare karriereveien for en mann med utdannelse innen HR, ledelse og organisasjonspsykologi.<\/p>\n<p>\u2013 Hvorfor fikk du jobben?<\/p>\n<p>\u2013 Det lurer jeg ogs\u00e5 litt p\u00e5, sier 22-\u00e5ringen og ler.<\/p>\n<p>Men Oliveira Lopes har en teori. Han er halvt portugisisk, halvt brasiliansk, har en mor som har bodd i Spania og har selv studert i Korea. Til sammen kan han norsk, engelsk, portugisisk, spansk, fransk og litt koreansk.<\/p>\n<p>\u2013 Jeg har jo en multikulturell bakgrunn, og skal bidra til \u00e5 utvikle Siri sine spr\u00e5kferdigheter, sier han.<\/p>\n<p>   <img decoding=\"async\" width=\"3024\" height=\"4032\" fetchpriority=\"low\"  loading=\"lazy\"  src=\"https:\/\/www.europesays.com\/no\/wp-content\/uploads\/2025\/09\/IMG_1167_2.jpg\" alt=\"\" class=\"brick-c-cFOWSL\" style=\"--brick-image-ratio: 3024 \/ 4032;\"\/><\/p>\n<p>    Murilo p\u00e5 trappen utenfor skolen Keimyung i Deagu, da han var p\u00e5 utveksling i S\u00f8r-Korea.<br \/>\n    Foto: Privat\n  <\/p>\n<p>  \u2013 Tror det vil hjelpe p\u00e5 CVen<\/p>\n<p>Den nyansatte mannen har blitt fortalt at han er en av 1600 nye ansatte, og har f\u00e5tt en ett\u00e5rig kontrakt for maskinvaregiganten. Havnebyen Cork er Irlands nest st\u00f8rste by.<\/p>\n<p>\u2013 Jeg har h\u00f8rt at det skal v\u00e6re bra balanse mellom jobb og fritid. Jeg liker \u00e5 utforske nye steder og ny kultur, s\u00e5 jeg gleder meg veldig til \u00e5 si hvordan det blir.<\/p>\n<p>   <img decoding=\"async\" width=\"3024\" height=\"4032\" fetchpriority=\"low\"  loading=\"lazy\"  src=\"https:\/\/www.europesays.com\/no\/wp-content\/uploads\/2025\/09\/IMG_2030_3.jpg\" alt=\"\" class=\"brick-c-cFOWSL\" style=\"--brick-image-ratio: 3024 \/ 4032;\"\/><\/p>\n<p>    P\u00e5 reise i Seoul.<br \/>\n    Foto: Privat\n  <\/p>\n<p>Han sier at l\u00f8nnen ikke er h\u00f8y etter norsk standard, men at arbeidstidene er fleksible, og at m\u00e5let er \u00e5 skaffe seg erfaring og et lite eventyr.<\/p>\n<p>\u2013 Jeg har ikke noen forventninger til min egen fremtid i selskapet, men jeg tror det vil hjelpe p\u00e5 CVen \u00e5 ha Apple der, sier han.<\/p>\n<p>Han kjenner ingen andre i Cork, men har f\u00e5tt vite at det jobber et par andre nordmenn i selskapet.<\/p>\n<p>\u2013 Jeg synes det er spennende. Det er definitivt en mulighet man ikke kan si nei til, sier Oliveira Lopes.<\/p>\n<p>L\u00f8rdag flytter han fra Bergen til Cork.<\/p>\n<p>\u2013 S\u00e5 er det rett p\u00e5 jobb mandag.<\/p>\n<p>   <img decoding=\"async\" width=\"6190\" height=\"4127\" fetchpriority=\"low\"  loading=\"lazy\"  src=\"https:\/\/www.europesays.com\/no\/wp-content\/uploads\/2025\/09\/6G8A0032-6.jpg\" alt=\"\" class=\"brick-c-cFOWSL\" style=\"--brick-image-ratio: 6190 \/ 4127;\"\/><\/p>\n<p>    I helgen flytter han fra Bergen. Mandag starter han p\u00e5 jobb.<br \/>\n    Foto: SONDRE HORVEI\n  <\/p>\n<p>  \u2013 Bruk gjerne litt snert og humor<\/p>\n<p>For nyutdannede jobbs\u00f8kere, trekker Ingvill Thorkildsen frem \u00e9n spesiell ting som det aller viktigste.<\/p>\n<p>Hun er avdelingsleder i Sammen Karriere, og jobber mye med nyutdannede jobbs\u00f8kere.<\/p>\n<p>\u2013 Jeg tenker at noe av det aller viktigste er \u00e5 forst\u00e5 jobben du s\u00f8ker p\u00e5. Forst\u00e5 som mye du kan, bruk informasjonskilder, ikke bare les stillingsutlysningen, men sjekk nettsidene deres, google ting og s\u00f8k p\u00e5 Linkedin, sier Thorkildsen og legger til:<\/p>\n<p>\u2013 Det viktigste er at du gj\u00f8r deg selv relevant for stillingen. Hvis du bommer p\u00e5 helt \u00e5penbare ting, vil du bli gjennomskuet.<\/p>\n<p>Hun understreker at man selvf\u00f8lgelig ikke kan vite alt om jobben f\u00f8r man faktisk jobber der, men at poenget er du m\u00e5 spisse s\u00f8knaden s\u00e5 godt du klarer inn mot jobben du s\u00f8ker.<\/p>\n<p>\u2013 Det tar ofte mye tid og for nyutdannede kan det virke veldig krevende, men uten egne unders\u00f8kelser er det nesten bortkastet \u00e5 s\u00f8ke.<\/p>\n<p>Thorkildsen trekker frem sp\u00f8rsm\u00e5let \u00abhva motiverer deg?\u00bb som noe lurt \u00e5 stille seg selv i s\u00f8keprosessen.<\/p>\n<p>\u2013 Jeg skj\u00f8nner at det er for \u00e5 betale ned studiel\u00e5net og for \u00e5 f\u00e5 l\u00f8nn, men du m\u00e5 unders\u00f8ke litt med deg selv. Hva er det du vil gj\u00f8re med jobben? Som nyutdannet jobbs\u00f8ker m\u00e5 du ikke v\u00e6re like opptatt av hva du f\u00e5r ut av jobben, men hvilken motivasjon du har for oppgavene.<\/p>\n<p>Til slutt p\u00e5peker karriereveilederen viktigheten i \u00e5 skille seg fra KI.<\/p>\n<p><b>\u2013 KI-s\u00f8knadene ser ut som gode s\u00f8knader, men de er veldig overfladiske og arbeidsgivere skuer fort gjennom at det er KI. Derfor er det ekstra viktig \u00e5 vise at du er en person. Beskriv deg selv gjennom eksempler og fortellinger, og bruk gjerne litt snert og humor hvis det passer stillingen.<\/b><\/p>\n","protected":false},"excerpt":{"rendered":"Murilo Oliveira Lopes hadde akkurat fullf\u00f8rt BI-utdanningen i Bergen og s\u00f8kt en del jobber uten hell, da han&hellip;\n","protected":false},"author":2,"featured_media":46549,"comment_status":"","ping_status":"","sticky":false,"template":"","format":"standard","meta":{"footnotes":""},"categories":[56],"tags":[1352,36,60,61,416,466,62,30,28,29,1510],"class_list":{"0":"post-46548","1":"post","2":"type-post","3":"status-publish","4":"format-standard","5":"has-post-thumbnail","7":"category-naeringsliv","8":"tag-apple","9":"tag-art","10":"tag-business","11":"tag-economy","12":"tag-jobb","13":"tag-karriere","14":"tag-naeringsliv","15":"tag-no","16":"tag-norge","17":"tag-norway","18":"tag-story"},"share_on_mastodon":{"url":"","error":""},"_links":{"self":[{"href":"https:\/\/www.europesays.com\/no\/wp-json\/wp\/v2\/posts\/46548","targetHints":{"allow":["GET"]}}],"collection":[{"href":"https:\/\/www.europesays.com\/no\/wp-json\/wp\/v2\/posts"}],"about":[{"href":"https:\/\/www.europesays.com\/no\/wp-json\/wp\/v2\/types\/post"}],"author":[{"embeddable":true,"href":"https:\/\/www.europesays.com\/no\/wp-json\/wp\/v2\/users\/2"}],"replies":[{"embeddable":true,"href":"https:\/\/www.europesays.com\/no\/wp-json\/wp\/v2\/comments?post=46548"}],"version-history":[{"count":0,"href":"https:\/\/www.europesays.com\/no\/wp-json\/wp\/v2\/posts\/46548\/revisions"}],"wp:featuredmedia":[{"embeddable":true,"href":"https:\/\/www.europesays.com\/no\/wp-json\/wp\/v2\/media\/46549"}],"wp:attachment":[{"href":"https:\/\/www.europesays.com\/no\/wp-json\/wp\/v2\/media?parent=46548"}],"wp:term":[{"taxonomy":"category","embeddable":true,"href":"https:\/\/www.europesays.com\/no\/wp-json\/wp\/v2\/categories?post=46548"},{"taxonomy":"post_tag","embeddable":true,"href":"https:\/\/www.europesays.com\/no\/wp-json\/wp\/v2\/tags?post=46548"}],"curies":[{"name":"wp","href":"https:\/\/api.w.org\/{rel}","templated":true}]}}