{"id":46572,"date":"2025-09-27T13:47:10","date_gmt":"2025-09-27T13:47:10","guid":{"rendered":"https:\/\/www.europesays.com\/no\/46572\/"},"modified":"2025-09-27T13:47:10","modified_gmt":"2025-09-27T13:47:10","slug":"ny-melding-etter-dodsfall","status":"publish","type":"post","link":"https:\/\/www.europesays.com\/no\/46572\/","title":{"rendered":"Ny melding etter d\u00f8dsfall"},"content":{"rendered":"<p class=\"kicker \" style=\"\">B\u00e5tulykken i Lofoten:<\/p>\n<p>  S\u00f8ket etter den savnede tolv \u00e5r gamle jenta i Lofoten fortsetter utover ettermiddagen. &#8211; Vi har en teori, sier\u00a0Hovedredningssentralen.<\/p>\n<p>\n    JENTE SAVNET: Ei jente p\u00e5 tolv \u00e5r er fortsatt savnet etter b\u00e5tkantringen i Nappstraumen. Foto: Henrik Heitmann \/ NTB\n  <\/p>\n<p>    Kort fortalt<\/p>\n<ul lang=\"nb-NO\">\n<li>Fredag kantret en b\u00e5t med sju personer i Nappstraumen i Lofoten, og en tolv \u00e5r gammel svensk jente er fortsatt savnet.<\/li>\n<li>L\u00f8rdag ble b\u00e5ten fraktet opp p\u00e5 land, men styrhuset er fortsatt ikke funnet, og det antas at den savnede jenta kan v\u00e6re der.<\/li>\n<li>S\u00f8ket etter jenta fortsetter med fly, droner, b\u00e5ter og mannskap, men sterke str\u00f8mmer gj\u00f8r det vanskelig \u00e5 begrense s\u00f8ksomr\u00e5det.<\/li>\n<li>Redningsarbeider Adrian Willyson Brask fra Redningsselskapet d\u00f8de under redningsaksjonen.<\/li>\n<\/ul>\n<p class=\"italic ai-disclaimer\" data-lab-italic=\"italic\">Sammendraget er laget av ChatGPT og godkjent av Dagbladet.<\/p>\n<p>      Vis mer<br \/>\n      Vis mindre<\/p>\n<p>Fredag kantret en b\u00e5t med sju personer i Nappstraumen i Lofoten. En tolv \u00e5r gammel svensk jente er fortsatt savnet.<\/p>\n<p>L\u00f8rdag ble den havarerte b\u00e5ten fraktet opp p\u00e5 land. Styrhuset p\u00e5 b\u00e5ten hadde l\u00f8snet, og er forel\u00f8pig ikke funnet.<\/p>\n<p>&#8211; Vi har en teori om at den savnede er i styrhuset og har blitt med til bunnen, sier vaktsjef for Hovedredningssentralen (HRS), \u00d8rjan Delbekk til Dagbladet l\u00f8rdag ettermiddag.<\/p>\n<p>Det er sterk str\u00f8m i omr\u00e5det, noe som gj\u00f8r det vanskelig \u00e5 begrense s\u00f8ksomr\u00e5det.<\/p>\n<p>&#8211; Vi har h\u00e5p om \u00e5 finne tolv\u00e5ringen i live, men sjansene blir selvsagt mindre og mindre. N\u00e5 har det g\u00e5tt snart et d\u00f8gn, fortsetter Delbekk.<\/p>\n<p>    <a itemprop=\"url\" href=\"https:\/\/www.dagbladet.no\/nyheter\/adrian-36-dode-under-redningsaksjonen\/83649898\" rel=\"nofollow noopener\" target=\"_blank\"><\/p>\n<p>      <img loading=\"lazy\" decoding=\"async\" src=\"https:\/\/www.europesays.com\/no\/wp-content\/uploads\/2025\/09\/83650101.webp\" width=\"980\" height=\"441\" title=\"Adrian (36) d\u00f8de under redningsaksjonen\" alt=\"\" class=\"lazyload\" style=\"--aspect-ratio-image: 2.22; \"\/><\/p>\n<p>        Adrian (36) d\u00f8de under redningsaksjonen<\/p>\n<p>    <\/a><\/p>\n<p>Hevet b\u00e5ten  <\/p>\n<p>B\u00e5ten, som er eid av Nordic Sea Angling, ble slept til Lilleeidet marina fredag kveld. L\u00f8rdag morgen ble hevingen gjennomf\u00f8rt.\u00a0<\/p>\n<p>Siden styrhuset var borte ble operasjonen enklere. Hevingen og snuingen tok bare noen f\u00e5 minutter, skriver\u00a0<a href=\"https:\/\/www.lofotposten.no\/ulykkesbaten-hevet-styrehuset-er-borte\/s\/5-29-1235225\" target=\"_blank\" rel=\"nofollow noopener\">Lofotposten<\/a>.<\/p>\n<p>&#8211; Utover dette er det ingen synlige skader verken p\u00e5 motorer eller skrog. B\u00e5ten vil bli heist p\u00e5 land, skriver avisa.<\/p>\n<p>Den 10,5 meter lange aluminiumsb\u00e5ten med en svensk familie p\u00e5 seks personer var p\u00e5 fisketur med guide da den kantret i Nappstraumen fredag.\u00a0<\/p>\n<p>Seks personer ble berget, mens en jente p\u00e5 tolv \u00e5r fortsatt er savnet. Under redningsaksjonen <a href=\"https:\/\/www.dagbladet.no\/nyheter\/83649898\" rel=\"nofollow noopener\" target=\"_blank\">d\u00f8de redningsarbeideren Adrian Willyson Brask (36) fra Redningsselskapet.<\/a><\/p>\n<p>        TRAGEDIE: Adrian Willyson Brask (36) d\u00f8de da han pr\u00f8vde \u00e5 redde en 12 \u00e5r gammel jente i forbindelse med redningsaksjonen i Lofoten. Video: NTB, Dagbladet<\/p>\n<p>S\u00f8ket fortsetter for fullt  <\/p>\n<p>S\u00f8ket etter den savnede jenta har fortsatt gjennom natta, og p\u00e5g\u00e5r for fullt l\u00f8rdag formiddag:<\/p>\n<p>&#8211; S\u00f8ket p\u00e5g\u00e5r for fullt. Det er fly og drone som s\u00f8ker fra lufta, og b\u00e5ter og mannskap som s\u00f8ker i og ved vannet, fortalte redningsleder i HRS, Linda Hansen, til Dagbladet tidligere l\u00f8rdag.<\/p>\n<p>Det er to kystvaktfart\u00f8y, i tillegg til flere lokale b\u00e5ter som bidrar i s\u00f8ket.<\/p>\n<p>&#8211; Det er frivillige og b\u00e5ter lokalt som melder seg. Det bruker det ogs\u00e5 \u00e5 v\u00e6re i slike hendelser, og det setter vi stor pris p\u00e5, sa Hansen.<\/p>\n<p>    <a itemprop=\"url\" href=\"https:\/\/www.dagbladet.no\/nyheter\/mulig-droneobservasjon-pa-flybase-i-norge\/83649980\" rel=\"nofollow noopener\" target=\"_blank\"><\/p>\n<p>      <img loading=\"lazy\" decoding=\"async\" src=\"https:\/\/www.europesays.com\/no\/wp-content\/uploads\/2025\/09\/83649988.webp\" width=\"980\" height=\"441\" title=\"Mulig droneobservasjon p\u00e5 flybase i Norge\" alt=\"\" class=\"lazyload\" style=\"--aspect-ratio-image: 2.22; \"\/><\/p>\n<p>        Mulig droneobservasjon p\u00e5 flybase i Norge<\/p>\n<p>    <\/a><\/p>\n","protected":false},"excerpt":{"rendered":"B\u00e5tulykken i Lofoten: S\u00f8ket etter den savnede tolv \u00e5r gamle jenta i Lofoten fortsetter utover ettermiddagen. &#8211; Vi&hellip;\n","protected":false},"author":2,"featured_media":46573,"comment_status":"","ping_status":"","sticky":false,"template":"","format":"standard","meta":{"footnotes":""},"categories":[59],"tags":[874,30,28,29,83,82],"class_list":{"0":"post-46572","1":"post","2":"type-post","3":"status-publish","4":"format-standard","5":"has-post-thumbnail","7":"category-sport","8":"tag-golf","9":"tag-no","10":"tag-norge","11":"tag-norway","12":"tag-sport","13":"tag-sports"},"share_on_mastodon":{"url":"","error":""},"_links":{"self":[{"href":"https:\/\/www.europesays.com\/no\/wp-json\/wp\/v2\/posts\/46572","targetHints":{"allow":["GET"]}}],"collection":[{"href":"https:\/\/www.europesays.com\/no\/wp-json\/wp\/v2\/posts"}],"about":[{"href":"https:\/\/www.europesays.com\/no\/wp-json\/wp\/v2\/types\/post"}],"author":[{"embeddable":true,"href":"https:\/\/www.europesays.com\/no\/wp-json\/wp\/v2\/users\/2"}],"replies":[{"embeddable":true,"href":"https:\/\/www.europesays.com\/no\/wp-json\/wp\/v2\/comments?post=46572"}],"version-history":[{"count":0,"href":"https:\/\/www.europesays.com\/no\/wp-json\/wp\/v2\/posts\/46572\/revisions"}],"wp:featuredmedia":[{"embeddable":true,"href":"https:\/\/www.europesays.com\/no\/wp-json\/wp\/v2\/media\/46573"}],"wp:attachment":[{"href":"https:\/\/www.europesays.com\/no\/wp-json\/wp\/v2\/media?parent=46572"}],"wp:term":[{"taxonomy":"category","embeddable":true,"href":"https:\/\/www.europesays.com\/no\/wp-json\/wp\/v2\/categories?post=46572"},{"taxonomy":"post_tag","embeddable":true,"href":"https:\/\/www.europesays.com\/no\/wp-json\/wp\/v2\/tags?post=46572"}],"curies":[{"name":"wp","href":"https:\/\/api.w.org\/{rel}","templated":true}]}}