{"id":46612,"date":"2025-09-27T15:20:57","date_gmt":"2025-09-27T15:20:57","guid":{"rendered":"https:\/\/www.europesays.com\/no\/46612\/"},"modified":"2025-09-27T15:20:57","modified_gmt":"2025-09-27T15:20:57","slug":"blir-god-morgen-norges-nye-fjes","status":"publish","type":"post","link":"https:\/\/www.europesays.com\/no\/46612\/","title":{"rendered":"Blir God Morgen Norges nye fjes"},"content":{"rendered":"\n<p class=\"_lead_ew2ao_2 _lead_xtcu6_50 layout-component text-serif-m layout-normal text-serif-l layout-component layout-wide layout-padded _wide_17hqh_1 layout-padded\">Thea Enerud \u00d8deg\u00e5rden blir vikar for Desta Marie Beeder i det popul\u00e6re frokostprogrammet. <\/p>\n<p><img alt=\"Ny programleder: Thea Enerud \u00d8deg\u00e5rden er ny programleder i God Morgen Norge, da hun stepper inn for Desta Marie Beeder imens hun er i dansepermisjon. Foto: Bjarte Ragnhildstveit\/TV 2\" class=\"_image_qp4xg_65 layout-component layout-wide\" data-fullscreen- data-track-element-type=\"Article image fullscreen\" data-track-name=\"ImageFullscreen\" fetchpriority=\"high\" decoding=\"sync\" loading=\"eager\" height=\"3024\" itemprop=\"image\"  src=\"https:\/\/www.europesays.com\/no\/wp-content\/uploads\/2025\/09\/8c3823d1-01b3-4962-b116-fa6d2d3fafe9\"  style=\"object-position:0% 0%\" width=\"4032\"\/>Ny programleder: Thea Enerud \u00d8deg\u00e5rden er ny programleder i God Morgen Norge, da hun stepper inn for Desta Marie Beeder imens hun er i dansepermisjon. Foto: Bjarte Ragnhildstveit\/TV 2<\/p>\n<ul aria-hidden=\"true\" class=\"_images_1y6fe_106\">\n<li><a class=\"_link_1y6fe_111\" href=\"https:\/\/www.vg.no\/forfatter\/nora-holm-aftret\" style=\"z-index:1\" title=\"Nora Holm Aftret\" rel=\"nofollow noopener\" target=\"_blank\"><img alt=\"Bilde av Nora Holm Aftret\" class=\"_image_1y6fe_88\" fetchpriority=\"low\" loading=\"lazy\" decoding=\"async\" itemprop=\"image\"  src=\"https:\/\/www.europesays.com\/no\/wp-content\/uploads\/2025\/09\/1758986457_896_f305139e-f923-41c4-8052-e05527fc0152\"  width=\"480\"\/><\/a><\/li>\n<\/ul>\n<p> Oppdatert fredag 26. september kl. 11:08     <\/p>\n<p class=\"_paragraph_ew2ao_4 _paragraph_xtcu6_10 layout-component text-serif-m layout-normal text-serif-m layout-padded\">Det opplyser <a href=\"https:\/\/www.tv2.no\/underholdning\/blir-god-morgen-norge-programleder\/18133706\/\" class=\"_link_ew2ao_39\" rel=\"nofollow noopener\" target=\"_blank\">TV2 <\/a>fredag.<\/p>\n<p class=\"_paragraph_ew2ao_4 _paragraph_xtcu6_10 layout-component text-serif-m layout-normal text-serif-m layout-padded\">Desta Marie Beeder (37) skal delta i \u00e5rets \u00abSkal vi danse\u00bb og f\u00e5r dermed permisjon fra programlederjobben. <\/p>\n<p class=\"_paragraph_ew2ao_4 _paragraph_xtcu6_10 layout-component text-serif-m layout-normal text-serif-m layout-padded\">\u00d8deg\u00e5rden (26) er journalist i TV2 og har jobbet i nyhetskanalen siden 2020.<\/p>\n<p class=\"_paragraph_ew2ao_4 _paragraph_xtcu6_10 layout-component text-serif-m layout-normal text-serif-m layout-padded\">\u2013 Jeg gleder meg veldig, og synes det er en \u00e6re \u00e5 bli spurt, sier hun til TV 2, og legger til at det er fint \u00e5 m\u00e5 muligheten til \u00e5 pr\u00f8ve noe nytt. <\/p>\n<p class=\"_paragraph_ew2ao_4 _paragraph_xtcu6_10 layout-component text-serif-m layout-normal text-serif-m layout-padded\">\u00d8deg\u00e5rden har sin f\u00f8rste dag i programmet neste uke, sammen med programleder-makker Espen Fiveland. <\/p>\n<p><img alt=\"Makkere: Desta Marie Beeder skal delta i \u00e5rets \u00abSkal vi danse,\u00bb og f\u00e5r permisjon fra frokostprogrammet. Her sammen med God Morgen Norge-makker, Espen Fiveland, under Gullruten i 2022.  Foto: Paul S. Amundsen \/ VG\" class=\"_image_qp4xg_65 layout-component layout-normal\" data-fullscreen- data-track-element-type=\"Article image fullscreen\" data-track-name=\"ImageFullscreen\" decoding=\"async\" loading=\"lazy\" height=\"3055\" itemprop=\"image\"  src=\"https:\/\/www.europesays.com\/no\/wp-content\/uploads\/2025\/09\/9af7a2dd-a8f1-4f72-a676-955a20967dc7\"  style=\"object-position:0% 0%\" width=\"4581\"\/>Makkere: Desta Marie Beeder skal delta i \u00e5rets \u00abSkal vi danse,\u00bb og f\u00e5r permisjon fra frokostprogrammet. Her sammen med God Morgen Norge-makker, Espen Fiveland, under Gullruten i 2022.  Foto: Paul S. Amundsen \/ VG \u2013 Har \u00abnailet\u00bb sovingen<\/p>\n<p class=\"_paragraph_ew2ao_4 _paragraph_xtcu6_10 layout-component text-serif-m layout-normal text-serif-m layout-padded\">\u2013 Jeg ser frem til \u00e5 snakke med folk og l\u00e6re noe nytt. Det blir noe annet enn det jeg vanligvis f\u00e5r jobbe med som krimjournalist. En litt annen, mer nedp\u00e5 setting, sier \u00d8deg\u00e5rden til VG. <\/p>\n<p class=\"_paragraph_ew2ao_4 _paragraph_xtcu6_10 layout-component text-serif-m layout-normal text-serif-m layout-padded\">\u2013 Hvordan blir det \u00e5 starte arbeidsdagen s\u00e5 tidlig?<\/p>\n<p class=\"_paragraph_ew2ao_4 _paragraph_xtcu6_10 layout-component text-serif-m layout-normal text-serif-m layout-padded\">\u2013 Den begynner jo klokken 5, s\u00e5 det er tidlig, ler \u00d8deg\u00e5rden, og legger til:<\/p>\n<p class=\"_paragraph_ew2ao_4 _paragraph_xtcu6_10 layout-component text-serif-m layout-normal text-serif-m layout-padded\">\u2013 Men jeg har f\u00e5tt pr\u00f8ve meg litt denne uken og er glad for at jeg har \u00abnailet\u00bb sovingen! Jeg har lagt meg klokken 20 og har sovnet tvert. S\u00e5 selv om jeg m\u00e5 snu om p\u00e5 hverdagen, s\u00e5 har jeg trua p\u00e5 at dette g\u00e5r bra. <\/p>\n<p class=\"_paragraph_ew2ao_4 _paragraph_xtcu6_10 layout-component text-serif-m layout-normal text-serif-m layout-padded\">\u00d8deg\u00e5rden sier hun skal selvf\u00f8lgelig skal stemme p\u00e5 Beeder i \u00abSkal vi danse.\u00bb<\/p>\n<p class=\"_paragraph_ew2ao_4 _paragraph_xtcu6_10 layout-component text-serif-m layout-normal text-serif-m layout-padded\">\u2013 Jeg tror hun vil gj\u00f8re det bra i konkurransen, men jeg er ogs\u00e5 forberedt p\u00e5 \u00e5 overlate jobben tilbake til henne etter hvert, sier hun.<\/p>\n<p><img alt=\"Tidlig p\u00e5: Fremover vil \u00d8deg\u00e5rdens arbeidsdager starte klokken 5 p\u00e5 morgenen.   Foto: Bjarte Ragnhildstveit\/TV 2\" class=\"_image_qp4xg_65 layout-component layout-normal\" data-fullscreen- data-track-element-type=\"Article image fullscreen\" data-track-name=\"ImageFullscreen\" decoding=\"async\" loading=\"lazy\" height=\"3024\" itemprop=\"image\"  src=\"https:\/\/www.europesays.com\/no\/wp-content\/uploads\/2025\/09\/a8ceb211-d0ca-4aa0-8067-e60ba1965a88\"  style=\"object-position:0% 0%\" width=\"4032\"\/>Tidlig p\u00e5: Fremover vil \u00d8deg\u00e5rdens arbeidsdager starte klokken 5 p\u00e5 morgenen.   Foto: Bjarte Ragnhildstveit\/TV 2    <\/p>\n","protected":false},"excerpt":{"rendered":"Thea Enerud \u00d8deg\u00e5rden blir vikar for Desta Marie Beeder i det popul\u00e6re frokostprogrammet. Ny programleder: Thea Enerud \u00d8deg\u00e5rden&hellip;\n","protected":false},"author":2,"featured_media":46613,"comment_status":"","ping_status":"","sticky":false,"template":"","format":"standard","meta":{"footnotes":""},"categories":[58],"tags":[71,30,28,29,2280,1130,72],"class_list":{"0":"post-46612","1":"post","2":"type-post","3":"status-publish","4":"format-standard","5":"has-post-thumbnail","7":"category-underholdning","8":"tag-entertainment","9":"tag-no","10":"tag-norge","11":"tag-norway","12":"tag-skal-vi-danse","13":"tag-tv2","14":"tag-underholdning"},"share_on_mastodon":{"url":"","error":""},"_links":{"self":[{"href":"https:\/\/www.europesays.com\/no\/wp-json\/wp\/v2\/posts\/46612","targetHints":{"allow":["GET"]}}],"collection":[{"href":"https:\/\/www.europesays.com\/no\/wp-json\/wp\/v2\/posts"}],"about":[{"href":"https:\/\/www.europesays.com\/no\/wp-json\/wp\/v2\/types\/post"}],"author":[{"embeddable":true,"href":"https:\/\/www.europesays.com\/no\/wp-json\/wp\/v2\/users\/2"}],"replies":[{"embeddable":true,"href":"https:\/\/www.europesays.com\/no\/wp-json\/wp\/v2\/comments?post=46612"}],"version-history":[{"count":0,"href":"https:\/\/www.europesays.com\/no\/wp-json\/wp\/v2\/posts\/46612\/revisions"}],"wp:featuredmedia":[{"embeddable":true,"href":"https:\/\/www.europesays.com\/no\/wp-json\/wp\/v2\/media\/46613"}],"wp:attachment":[{"href":"https:\/\/www.europesays.com\/no\/wp-json\/wp\/v2\/media?parent=46612"}],"wp:term":[{"taxonomy":"category","embeddable":true,"href":"https:\/\/www.europesays.com\/no\/wp-json\/wp\/v2\/categories?post=46612"},{"taxonomy":"post_tag","embeddable":true,"href":"https:\/\/www.europesays.com\/no\/wp-json\/wp\/v2\/tags?post=46612"}],"curies":[{"name":"wp","href":"https:\/\/api.w.org\/{rel}","templated":true}]}}