{"id":46618,"date":"2025-09-27T15:32:07","date_gmt":"2025-09-27T15:32:07","guid":{"rendered":"https:\/\/www.europesays.com\/no\/46618\/"},"modified":"2025-09-27T15:32:07","modified_gmt":"2025-09-27T15:32:07","slug":"putin-trapper-opp-eu-og-nato-svarer-med-dronevegg-finansavisen","status":"publish","type":"post","link":"https:\/\/www.europesays.com\/no\/46618\/","title":{"rendered":"Putin trapper opp: EU og Nato svarer med \u00abdronevegg\u00bb &#8211; Finansavisen"},"content":{"rendered":"<ol>\n<li><a href=\"https:\/\/news.google.com\/rss\/articles\/CBMiqAFBVV95cUxNY01WalNaWjRoY0duN28tMjFKeVptM0dRSlFJa3g4and5QlJrWVQwcXVsRTNxOTZPNmczZUFnX19qMVZfMVFCVElDdUMtY3c3Mm1jdmQxSnREdUZTVkI5aXhDQXFoaW55THlRcFNKNk5jM2NyUzROckNqZGdaampvTXExU1Z0TFZMcGdBZ0NJZHBqVy1kQmxDMzRISlUxeE9QaHFNRkdrVl8?oc=5\" target=\"_blank\" rel=\"nofollow noopener\">Putin trapper opp: EU og Nato svarer med \u00abdronevegg\u00bb<\/a>&nbsp;&nbsp;Finansavisen<\/li>\n<li><a href=\"https:\/\/news.google.com\/rss\/articles\/CBMiqwFBVV95cUxPRVlfQnJLLWpSU04tYTJpZEhidldQSVJMZ1ZVNnFwel82akZ6Zmt0V2VQN2VaQTBQMV9yZFgxcVlWaE1RbVppakRvSlFXdnp0aGt3VUNpVWVzSGRWbU0xLXF1aVVYc2lPXzkyTkVPT1oxQ0Y2aDFXUXVUT2tYTnM1bjIwUWhwcGZsenNFbWhPTHhjSks4Rk01M3NTYVl3eWFXdkhIbW5DM1A1V1k?oc=5\" target=\"_blank\" rel=\"nofollow noopener\">Drone-krigen foran ny revolusjon (+)<\/a>&nbsp;&nbsp;Dagens N\u00e6ringsliv<\/li>\n<li><a href=\"https:\/\/news.google.com\/rss\/articles\/CBMipgFBVV95cUxNSTRrT002UldEM0ZJb3o2N082NE9Wdk5LRUxBUlk2NlZuZWo4bnZuWl9rWW45eFZqV3lnb3ptSFR0MDN1UlYzNU5CYkUyTmdvTWV5YWc0dXl5VXIwUU9KZTZMX2l1M0tIejRMODh5NEFuSGpmMVo0bXVGaFQwdnhyWkEweFg5cm5CZVpPckpRZS0xV2E1VlJ4ZjFtdWdZOUVqNFZNd3lB?oc=5\" target=\"_blank\" rel=\"nofollow noopener\">Ukraina hevder \u00e5 ha skutt ned 92 russiske droner p\u00e5 vei mot Polen \u2013 Siste nytt<\/a>&nbsp;&nbsp;NRK<\/li>\n<li><a href=\"https:\/\/news.google.com\/rss\/articles\/CBMimgFBVV95cUxNSVlpdDZodG5QWm54NDJEczRPYU1PclRmZ0hZYm9nT2dYUHZ3ZFF2N3BldGxOQmpTc1dTTGE1ZFMyWF95ZzRBZnc2TF9YQWVBV3gzc1dOMGdjc1BxcTBqQ3RyQjBhSHctSk5fQUdhQ21INklPWFJIUldYLUZITHFhTkR6SU12eEMzR2NtZTFuSElRNHY2QUFZazBn?oc=5\" target=\"_blank\" rel=\"nofollow noopener\">EU-land er enige om at de trenger en dronemur<\/a>&nbsp;&nbsp;adressa.no<\/li>\n<li><a href=\"https:\/\/news.google.com\/rss\/articles\/CBMitAFBVV95cUxQU05WbVpaVF9vMGc0UHdDQ0otclFTdDIzajlfcTc1UWhiendWZmNjZUVTektFYmdzQnBHd2VpcWFYcDd3RlcxaFNkaHRONVNLS3lSZTVMd0VBZ3FkWGl3bm44aDJ0azJFeVhpcEV2U3gzVzduR0ZlQnVtRUhGUFhxV3BDR1hBaWNKUWlOcGo4MWpVX2gxTmIzcDdyN0JSN3JYZDhFc29mVExmNDJUc2d5V1ltT2o?oc=5\" target=\"_blank\" rel=\"nofollow noopener\">M\u00f8tes n\u00e5 for \u00e5 f\u00e5 fart p\u00e5 \u00abdronemuren\u00bb mot Russland. Men hva om trusselen kommer fra innsiden?<\/a>&nbsp;&nbsp;Aftenposten<\/li>\n<\/ol>\n","protected":false},"excerpt":{"rendered":"Putin trapper opp: EU og Nato svarer med \u00abdronevegg\u00bb&nbsp;&nbsp;Finansavisen Drone-krigen foran ny revolusjon (+)&nbsp;&nbsp;Dagens N\u00e6ringsliv Ukraina hevder \u00e5&hellip;\n","protected":false},"author":2,"featured_media":46619,"comment_status":"","ping_status":"","sticky":false,"template":"","format":"standard","meta":{"footnotes":""},"categories":[5],"tags":[20,21,3923,24,25,15,19,22,23,17,18,233,13,30,28,29,14,16,188,26,27,2002],"class_list":{"0":"post-46618","1":"post","2":"type-post","3":"status-publish","4":"format-standard","5":"has-post-thumbnail","7":"category-overskrifter","8":"tag-breaking-news","9":"tag-breakingnews","10":"tag-drone","11":"tag-featured-news","12":"tag-featurednews","13":"tag-headlines","14":"tag-hovedoppslag","15":"tag-latest-news","16":"tag-latestnews","17":"tag-main-news","18":"tag-mainnews","19":"tag-nato","20":"tag-news","21":"tag-no","22":"tag-norge","23":"tag-norway","24":"tag-nyheter","25":"tag-overskrifter","26":"tag-russland","27":"tag-top-stories","28":"tag-topstories","29":"tag-ukraina-krigen"},"share_on_mastodon":{"url":"","error":""},"_links":{"self":[{"href":"https:\/\/www.europesays.com\/no\/wp-json\/wp\/v2\/posts\/46618","targetHints":{"allow":["GET"]}}],"collection":[{"href":"https:\/\/www.europesays.com\/no\/wp-json\/wp\/v2\/posts"}],"about":[{"href":"https:\/\/www.europesays.com\/no\/wp-json\/wp\/v2\/types\/post"}],"author":[{"embeddable":true,"href":"https:\/\/www.europesays.com\/no\/wp-json\/wp\/v2\/users\/2"}],"replies":[{"embeddable":true,"href":"https:\/\/www.europesays.com\/no\/wp-json\/wp\/v2\/comments?post=46618"}],"version-history":[{"count":0,"href":"https:\/\/www.europesays.com\/no\/wp-json\/wp\/v2\/posts\/46618\/revisions"}],"wp:featuredmedia":[{"embeddable":true,"href":"https:\/\/www.europesays.com\/no\/wp-json\/wp\/v2\/media\/46619"}],"wp:attachment":[{"href":"https:\/\/www.europesays.com\/no\/wp-json\/wp\/v2\/media?parent=46618"}],"wp:term":[{"taxonomy":"category","embeddable":true,"href":"https:\/\/www.europesays.com\/no\/wp-json\/wp\/v2\/categories?post=46618"},{"taxonomy":"post_tag","embeddable":true,"href":"https:\/\/www.europesays.com\/no\/wp-json\/wp\/v2\/tags?post=46618"}],"curies":[{"name":"wp","href":"https:\/\/api.w.org\/{rel}","templated":true}]}}