{"id":46714,"date":"2025-09-27T17:33:14","date_gmt":"2025-09-27T17:33:14","guid":{"rendered":"https:\/\/www.europesays.com\/no\/46714\/"},"modified":"2025-09-27T17:33:14","modified_gmt":"2025-09-27T17:33:14","slug":"nuno-espirito-santo-tar-over-west-ham","status":"publish","type":"post","link":"https:\/\/www.europesays.com\/no\/46714\/","title":{"rendered":"Nuno Espirito Santo tar over West Ham"},"content":{"rendered":"\n<p class=\"_lead_ew2ao_2 _lead_xtcu6_50 layout-component text-serif-m layout-normal text-serif-l layout-component layout-wide layout-padded _wide_17hqh_1 layout-padded\">Nuno Esp\u00edrito Santo (51) er tilbake i Premier League som ny West Ham-manager.<\/p>\n<p><img alt=\"Nuno Esp\u00edrito Santo er ny manager i West Ham.  Foto: Dave Shopland \/ AP \/ NTB\" class=\"_image_qp4xg_65 layout-component layout-wide\" data-fullscreen- data-track-element-type=\"Article image fullscreen\" data-track-name=\"ImageFullscreen\" fetchpriority=\"high\" decoding=\"sync\" loading=\"eager\" height=\"2088\" itemprop=\"image\"  src=\"https:\/\/www.europesays.com\/no\/wp-content\/uploads\/2025\/09\/8239513d-a84b-417e-ac54-84fa4f7ec824\"  style=\"object-position:0% 0%\" width=\"3132\"\/>Nuno Esp\u00edrito Santo er ny manager i West Ham.  Foto: Dave Shopland \/ AP \/ NTB<\/p>\n<ul aria-hidden=\"true\" class=\"_images_1y6fe_106\">\n<li><a class=\"_link_1y6fe_111\" href=\"https:\/\/www.vg.no\/forfatter\/ntb\" style=\"z-index:1\" title=\"NTB\" rel=\"nofollow noopener\" target=\"_blank\"><img alt=\"Bilde av NTB\" class=\"_image_1y6fe_88\" fetchpriority=\"low\" loading=\"lazy\" decoding=\"async\" itemprop=\"image\"  src=\"https:\/\/www.europesays.com\/no\/wp-content\/uploads\/2025\/09\/1758994394_484_c33980b0-5d07-4027-84a1-813f90a7c8d6\"  width=\"480\"\/><\/a><\/li>\n<\/ul>\n<p> Oppdatert l\u00f8rdag 27. september kl. 15:55     <\/p>\n<p class=\"_paragraph_ew2ao_4 _paragraph_xtcu6_10 layout-component text-serif-m layout-normal text-serif-m layout-padded\"> Det bekrefter London-klubben i sine <a href=\"https:\/\/www.whufc.com\/news\/west-ham-united-appoint-nuno-espirito-santo-head-coach\" class=\"_link_ew2ao_39\" rel=\"nofollow noopener\" target=\"_blank\">mediekanaler.<\/a> Santo erstatter Graham Potter, som l\u00f8rdag fikk sparken etter en begredelig start p\u00e5 sesongen.<\/p>\n<p class=\"_paragraph_ew2ao_4 _paragraph_xtcu6_10 layout-component text-serif-m layout-normal text-serif-m layout-padded\">\u2013 Jeg er veldig glad for \u00e5 v\u00e6re her og sv\u00e6rt stolt over \u00e5 representere West Ham United. M\u00e5let mitt er \u00e5 jobbe hardt for \u00e5 f\u00e5 det aller beste ut av laget og sikre at vi er s\u00e5 konkurransedyktige som vi overhodet kan v\u00e6re, sier portugiseren.<\/p>\n<p class=\"_paragraph_ew2ao_4 _paragraph_xtcu6_10 layout-component text-serif-m layout-normal text-serif-m layout-padded\">Han har f\u00e5tt en tre\u00e5rig avtale og debuterer i mandagens bortekamp mot Everton.<\/p>\n<p class=\"_paragraph_ew2ao_4 _paragraph_xtcu6_10 layout-component text-serif-m layout-normal text-serif-m layout-padded\">51-\u00e5ringen mistet selv nylig jobben i Nottingham Forest. Det skyldtes ikke sportslige prestasjoner, men en klinsj med klubbledelsen.<\/p>\n<p class=\"_paragraph_ew2ao_4 _paragraph_xtcu6_10 layout-component text-serif-m layout-normal text-serif-m layout-padded\">Nuno Esp\u00edrito Santo har tidligere ogs\u00e5 trent Wolverhampton (2017-21) og Tottenham (2021) i <a href=\"https:\/\/www.vg.no\/tag\/premier-league?utm_source=vg-article&amp;utm_medium=auto-tagger&amp;utm_campaign=QMQWwR\" class=\"_link_ew2ao_39\" rel=\"nofollow noopener\" target=\"_blank\">Premier League<\/a>. Han tok Wolves ut i Europa, og han gjentok bedriften ved \u00e5 lede Forest til 7.-plass sist sesong. Lenge l\u00e5 Santo an til \u00e5 greie en sensasjonell Champions League-plass.<\/p>\n<p class=\"_paragraph_ew2ao_4 _paragraph_xtcu6_10 layout-component text-serif-m layout-normal text-serif-m layout-padded\">West Ham har strevd siden klubben lot David Moyes g\u00e5 etter 2023\/24-sesongen. Julen Lopetegui fikk sparken i januar i \u00e5r, og Potter ble heller ingen suksess.<\/p>\n<p class=\"_paragraph_ew2ao_4 _paragraph_xtcu6_10 layout-component text-serif-m layout-normal text-serif-m layout-padded\">Etter fem kamper ligger West Ham under nedrykksstreken med kun tre poeng.<\/p>\n","protected":false},"excerpt":{"rendered":"Nuno Esp\u00edrito Santo (51) er tilbake i Premier League som ny West Ham-manager. Nuno Esp\u00edrito Santo er ny&hellip;\n","protected":false},"author":2,"featured_media":46715,"comment_status":"","ping_status":"","sticky":false,"template":"","format":"standard","meta":{"footnotes":""},"categories":[59],"tags":[7288,30,28,29,161,83,82,2931],"class_list":{"0":"post-46714","1":"post","2":"type-post","3":"status-publish","4":"format-standard","5":"has-post-thumbnail","7":"category-sport","8":"tag-graham-potter","9":"tag-no","10":"tag-norge","11":"tag-norway","12":"tag-premier-league","13":"tag-sport","14":"tag-sports","15":"tag-west-ham-united-fc"},"share_on_mastodon":{"url":"","error":""},"_links":{"self":[{"href":"https:\/\/www.europesays.com\/no\/wp-json\/wp\/v2\/posts\/46714","targetHints":{"allow":["GET"]}}],"collection":[{"href":"https:\/\/www.europesays.com\/no\/wp-json\/wp\/v2\/posts"}],"about":[{"href":"https:\/\/www.europesays.com\/no\/wp-json\/wp\/v2\/types\/post"}],"author":[{"embeddable":true,"href":"https:\/\/www.europesays.com\/no\/wp-json\/wp\/v2\/users\/2"}],"replies":[{"embeddable":true,"href":"https:\/\/www.europesays.com\/no\/wp-json\/wp\/v2\/comments?post=46714"}],"version-history":[{"count":0,"href":"https:\/\/www.europesays.com\/no\/wp-json\/wp\/v2\/posts\/46714\/revisions"}],"wp:featuredmedia":[{"embeddable":true,"href":"https:\/\/www.europesays.com\/no\/wp-json\/wp\/v2\/media\/46715"}],"wp:attachment":[{"href":"https:\/\/www.europesays.com\/no\/wp-json\/wp\/v2\/media?parent=46714"}],"wp:term":[{"taxonomy":"category","embeddable":true,"href":"https:\/\/www.europesays.com\/no\/wp-json\/wp\/v2\/categories?post=46714"},{"taxonomy":"post_tag","embeddable":true,"href":"https:\/\/www.europesays.com\/no\/wp-json\/wp\/v2\/tags?post=46714"}],"curies":[{"name":"wp","href":"https:\/\/api.w.org\/{rel}","templated":true}]}}