{"id":46726,"date":"2025-09-27T17:51:10","date_gmt":"2025-09-27T17:51:10","guid":{"rendered":"https:\/\/www.europesays.com\/no\/46726\/"},"modified":"2025-09-27T17:51:10","modified_gmt":"2025-09-27T17:51:10","slug":"syria-bashar-al-assad-syriske-myndigheter-utsteder-arrestordre-pa-assad","status":"publish","type":"post","link":"https:\/\/www.europesays.com\/no\/46726\/","title":{"rendered":"Syria, Bashar al-assad | Syriske myndigheter utsteder arrestordre p\u00e5 Assad"},"content":{"rendered":"\n<p>Syriske myndigheter har utstedt arrestordre for landets ekspresident Bashar al-Assad. Ordren kan \u00e5pne for at han blir p\u00e5grepet av Interpol, h\u00e5per de.<\/p>\n<p>Assad etterlyses og anklages for overlagt drap og tortur med d\u00f8den til f\u00f8lge, siterer det statlige nyhetsbyr\u00e5et Sana unders\u00f8kelsesdommer Tawfiq al-Ali i Damaskus p\u00e5. Anklagene knytter seg til voldsbruk fra regimets sikkerhetsstyrker i byen Deraa s\u00f8r i landet i 2011. <\/p>\n<p>Regimet slo voldsomt ned p\u00e5 demokratibevegelsen i landet i 2011, og situasjonen utartet til borgerkrig. Assad ble styrtet i desember i fjor, etter 13 \u00e5r med krig. Regimet ble veltet i en lynoffensiv ledet av islamistgruppa Hayat Tahrir al-Sham (HTS).<\/p>\n<p>Hundretusenvis ble drept i borgerkrigen og den f\u00f8rte til massive \u00f8deleggelser. Hundretusenvis endte ogs\u00e5 opp i fengsel, der de if\u00f8lge menneskerettsorganisasjoner ble utsatt for tortur og andre menneskerettsbrudd.<\/p>\n<p>\u2013 Beslutningen \u00e5pner d\u00f8ra for \u00e5 sirkulere ordren gjennom Interpol og \u00e5 f\u00f8lge opp saken internasjonalt, sier Ali. Siktelsen er tatt ut etter at ofrenes familie fremmet et s\u00f8ksm\u00e5l.<\/p>\n<p>Assad flyktet til Russland idet regimet falt.<\/p>\n<p>(\u00a9NTB)<\/p>\n","protected":false},"excerpt":{"rendered":"Syriske myndigheter har utstedt arrestordre for landets ekspresident Bashar al-Assad. Ordren kan \u00e5pne for at han blir p\u00e5grepet&hellip;\n","protected":false},"author":2,"featured_media":46727,"comment_status":"","ping_status":"","sticky":false,"template":"","format":"standard","meta":{"footnotes":""},"categories":[12],"tags":[20,21,24,25,15,22,23,13,30,28,29,14,16,26,27,42,43,44,45],"class_list":{"0":"post-46726","1":"post","2":"type-post","3":"status-publish","4":"format-standard","5":"has-post-thumbnail","7":"category-verden","8":"tag-breaking-news","9":"tag-breakingnews","10":"tag-featured-news","11":"tag-featurednews","12":"tag-headlines","13":"tag-latest-news","14":"tag-latestnews","15":"tag-news","16":"tag-no","17":"tag-norge","18":"tag-norway","19":"tag-nyheter","20":"tag-overskrifter","21":"tag-top-stories","22":"tag-topstories","23":"tag-verden","24":"tag-world","25":"tag-world-news","26":"tag-worldnews"},"share_on_mastodon":{"url":"","error":""},"_links":{"self":[{"href":"https:\/\/www.europesays.com\/no\/wp-json\/wp\/v2\/posts\/46726","targetHints":{"allow":["GET"]}}],"collection":[{"href":"https:\/\/www.europesays.com\/no\/wp-json\/wp\/v2\/posts"}],"about":[{"href":"https:\/\/www.europesays.com\/no\/wp-json\/wp\/v2\/types\/post"}],"author":[{"embeddable":true,"href":"https:\/\/www.europesays.com\/no\/wp-json\/wp\/v2\/users\/2"}],"replies":[{"embeddable":true,"href":"https:\/\/www.europesays.com\/no\/wp-json\/wp\/v2\/comments?post=46726"}],"version-history":[{"count":0,"href":"https:\/\/www.europesays.com\/no\/wp-json\/wp\/v2\/posts\/46726\/revisions"}],"wp:featuredmedia":[{"embeddable":true,"href":"https:\/\/www.europesays.com\/no\/wp-json\/wp\/v2\/media\/46727"}],"wp:attachment":[{"href":"https:\/\/www.europesays.com\/no\/wp-json\/wp\/v2\/media?parent=46726"}],"wp:term":[{"taxonomy":"category","embeddable":true,"href":"https:\/\/www.europesays.com\/no\/wp-json\/wp\/v2\/categories?post=46726"},{"taxonomy":"post_tag","embeddable":true,"href":"https:\/\/www.europesays.com\/no\/wp-json\/wp\/v2\/tags?post=46726"}],"curies":[{"name":"wp","href":"https:\/\/api.w.org\/{rel}","templated":true}]}}