{"id":46750,"date":"2025-09-27T18:19:08","date_gmt":"2025-09-27T18:19:08","guid":{"rendered":"https:\/\/www.europesays.com\/no\/46750\/"},"modified":"2025-09-27T18:19:08","modified_gmt":"2025-09-27T18:19:08","slug":"tallet-pa-drepte-stiger-etter-nye-israelske-angrep-i-gaza","status":"publish","type":"post","link":"https:\/\/www.europesays.com\/no\/46750\/","title":{"rendered":"Tallet p\u00e5 drepte stiger etter nye israelske angrep i Gaza"},"content":{"rendered":"\n<p class=\"_lead_ew2ao_2 _lead_xtcu6_50 layout-component text-serif-m layout-normal text-serif-l layout-component layout-wide layout-padded _wide_17hqh_1 layout-padded\">Minst 91 mennesker er drept og et stort antall er s\u00e5ret i israelske angrep p\u00e5 Gazastripen l\u00f8rdag, opplyser sykehuskilder til Al Jazeera.<\/p>\n<ul class=\"_gallery_1qa3s_23\" tabindex=\"0\">\n<li class=\"_item_1qa3s_37\" data-index=\"0\"><img fetchpriority=\"high\" decoding=\"async\" class=\"_image_foru8_23 _introGallery_foru8_43\" data-fullscreen- width=\"6972\" height=\"4648\" itemprop=\"image\" loading=\"eager\"  src=\"https:\/\/www.europesays.com\/no\/wp-content\/uploads\/2025\/09\/3f67b57e-6ce6-4ea7-bbe1-5cda8496545f\"  style=\"object-position:50% 50%;aspect-ratio:var(--gallery-aspect-ratio, 16 \/ 9)\"\/>Masseflukten fortsetter fra Gaza by, som er under harde israelske angrep. Tallet p\u00e5 drepte stiger time for time.  Foto: Abdel Kareem Hana \/ AP \/ NTB<\/li>\n<li class=\"_item_1qa3s_37\" data-index=\"1\"><img decoding=\"async\" class=\"_image_foru8_23 _introGallery_foru8_43\" data-fullscreen- width=\"3787\" height=\"2525\" itemprop=\"image\" loading=\"lazy\"  src=\"https:\/\/www.europesays.com\/no\/wp-content\/uploads\/2025\/09\/005d3547-c1eb-4ae9-94bb-e0139d0f57bc\"  style=\"object-position:50% 50%;aspect-ratio:var(--gallery-aspect-ratio, 16 \/ 9)\"\/>Minst 66 mennesker er drept i israelske angrep p\u00e5 Gazastripen natt til l\u00f8rdag, if\u00f8lge lokalt helsepersonell. P\u00e5 bildet stiger r\u00f8yk opp etter et angrep mot Gaza by fredag.  Foto: Abdel Kareem Hana \/ AP \/ NTB<\/li>\n<\/ul>\n<p>Masseflukten fortsetter fra Gaza by, som er under harde israelske angrep. Tallet p\u00e5 drepte stiger time for time.  Foto: Abdel Kareem Hana \/ AP \/ NTB<\/p>\n<ul aria-hidden=\"true\" class=\"_images_1y6fe_106\">\n<li><a class=\"_link_1y6fe_111\" href=\"https:\/\/www.vg.no\/forfatter\/ntb\" style=\"z-index:1\" title=\"NTB\" rel=\"nofollow noopener\" target=\"_blank\"><img alt=\"Bilde av NTB\" class=\"_image_1y6fe_88\" fetchpriority=\"low\" loading=\"lazy\" decoding=\"async\" itemprop=\"image\"  src=\"https:\/\/www.europesays.com\/no\/wp-content\/uploads\/2025\/09\/1758997148_839_c33980b0-5d07-4027-84a1-813f90a7c8d6\"  width=\"480\"\/><\/a><\/li>\n<\/ul>\n<p> Oppdatert l\u00f8rdag 27. september kl. 19:39     <\/p>\n<p class=\"_paragraph_ew2ao_4 _paragraph_xtcu6_10 layout-component text-serif-m layout-normal text-serif-m layout-padded\">Mange ble drept i boligene sine, blant dem ni i samme familie i flyktningleiren Nuseirat midt p\u00e5 Gazastripen, if\u00f8lge helsepersonell p\u00e5 al-Awda-sykehuset, som tok imot ofrene.<\/p>\n<p class=\"_paragraph_ew2ao_4 _paragraph_xtcu6_10 layout-component text-serif-m layout-normal text-serif-m layout-padded\"> 48 palestinere ble drept i angrep mot Gaza by, blant dem elleve da en bolig i bydelen Tufah ble rammet, opplyser sykehuset som tok imot de d\u00f8de til <a href=\"https:\/\/www.haaretz.com\/israel-news\/2025-09-27\/ty-article-live\/trump-intensive-gaza-talks-have-been-productive-israel-and-hamas-both-briefed\/00000199-88fc-dbe0-af9d-9efd1c630000?liveBlogItemId=800624975&amp;utm_source=site&amp;utm_medium=button&amp;utm_campaign=live_blog_item#800624975\" class=\"_link_ew2ao_39\" rel=\"nofollow noopener\" target=\"_blank\">Haaretz<\/a>.<\/p>\n<p class=\"_paragraph_ew2ao_4 _paragraph_xtcu6_10 layout-component text-serif-m layout-normal text-serif-m layout-padded\">Seks palestinere ble ogs\u00e5 skutt og drept av israelske styrker da de fors\u00f8kte \u00e5 ta seg fram til utdelingssteder for n\u00f8dhjelp i s\u00f8r og sentralt p\u00e5 Gazastripen, if\u00f8lge Nasser- og al-Awda-sykehusene.<\/p>\n<p class=\"_paragraph_ew2ao_4 _paragraph_xtcu6_10 layout-component text-serif-m layout-normal text-serif-m layout-padded\">Den israelske h\u00e6ren (IDF) har ikke kommentert opplysningene.<\/p>\n<p>Flertallet barn og kvinner<\/p>\n<p class=\"_paragraph_ew2ao_4 _paragraph_xtcu6_10 layout-component text-serif-m layout-normal text-serif-m layout-padded\">N\u00e6rmere 66.000 palestinere er drept og over 167.000 er if\u00f8lge palestinske helsemyndigheter s\u00e5ret i israelske angrep p\u00e5 Gazastripen siden oktober 2023. <\/p>\n<p class=\"_paragraph_ew2ao_4 _paragraph_xtcu6_10 layout-component text-serif-m layout-normal text-serif-m layout-padded\">Navnelister fra sykehusene viser at flertallet av ofrene barn og kvinner. <\/p>\n<p class=\"_paragraph_ew2ao_4 _paragraph_xtcu6_10 layout-component text-serif-m layout-normal text-serif-m layout-padded\">De palestinske helsemyndighetenes tall p\u00e5 drepte inkluderer ikke tusenvis av savnede som fryktes \u00e5 ligge begravd i ruinene av bombede bygninger.<\/p>\n<p class=\"_paragraph_ew2ao_4 _paragraph_xtcu6_10 layout-component text-serif-m layout-normal text-serif-m layout-padded\">Tallene er ikke bekreftet av uavhengige kilder, men anses som troverdige av FN og hjelpeorganisasjoner.<\/p>\n<p>P\u00e5 randen av kollaps<\/p>\n<p class=\"_paragraph_ew2ao_4 _paragraph_xtcu6_10 layout-component text-serif-m layout-normal text-serif-m layout-padded\">Leger Uten Grenser (MSF) opplyste fredag at de s\u00e5 seg n\u00f8dt til \u00e5 evakuere sitt personell fra Gaza by som f\u00f8lge av Israels bakkeinvasjon. <\/p>\n<p class=\"_paragraph_ew2ao_4 _paragraph_xtcu6_10 layout-component text-serif-m layout-normal text-serif-m layout-padded\">Israels statsminister Benjamin Netanyahu sa samme dag fra talerstolen i FNs hovedforsamling at Israel m\u00e5 \u00abgj\u00f8re ferdig jobben\u00bb mot Hamas i Gaza.<\/p>\n<p class=\"_paragraph_ew2ao_4 _paragraph_xtcu6_10 layout-component text-serif-m layout-normal text-serif-m layout-padded\">Sykehus og helsesentre i Gaza by er p\u00e5 randen av kollaps. To uker etter at bakkeinvasjonen startet, er to klinikker \u00f8delagt i luftangrep og to sykehus stengt p\u00e5 grunn av skader. De som stadig er operative, er knapt funksjonelle og har lite medisiner, utstyr, mat og drivstoff.<\/p>\n","protected":false},"excerpt":{"rendered":"Minst 91 mennesker er drept og et stort antall er s\u00e5ret i israelske angrep p\u00e5 Gazastripen l\u00f8rdag, opplyser&hellip;\n","protected":false},"author":2,"featured_media":46751,"comment_status":"","ping_status":"","sticky":false,"template":"","format":"standard","meta":{"footnotes":""},"categories":[12],"tags":[20,21,24,25,15,22,23,13,30,28,29,14,16,26,27,42,43,44,45],"class_list":{"0":"post-46750","1":"post","2":"type-post","3":"status-publish","4":"format-standard","5":"has-post-thumbnail","7":"category-verden","8":"tag-breaking-news","9":"tag-breakingnews","10":"tag-featured-news","11":"tag-featurednews","12":"tag-headlines","13":"tag-latest-news","14":"tag-latestnews","15":"tag-news","16":"tag-no","17":"tag-norge","18":"tag-norway","19":"tag-nyheter","20":"tag-overskrifter","21":"tag-top-stories","22":"tag-topstories","23":"tag-verden","24":"tag-world","25":"tag-world-news","26":"tag-worldnews"},"share_on_mastodon":{"url":"","error":""},"_links":{"self":[{"href":"https:\/\/www.europesays.com\/no\/wp-json\/wp\/v2\/posts\/46750","targetHints":{"allow":["GET"]}}],"collection":[{"href":"https:\/\/www.europesays.com\/no\/wp-json\/wp\/v2\/posts"}],"about":[{"href":"https:\/\/www.europesays.com\/no\/wp-json\/wp\/v2\/types\/post"}],"author":[{"embeddable":true,"href":"https:\/\/www.europesays.com\/no\/wp-json\/wp\/v2\/users\/2"}],"replies":[{"embeddable":true,"href":"https:\/\/www.europesays.com\/no\/wp-json\/wp\/v2\/comments?post=46750"}],"version-history":[{"count":0,"href":"https:\/\/www.europesays.com\/no\/wp-json\/wp\/v2\/posts\/46750\/revisions"}],"wp:featuredmedia":[{"embeddable":true,"href":"https:\/\/www.europesays.com\/no\/wp-json\/wp\/v2\/media\/46751"}],"wp:attachment":[{"href":"https:\/\/www.europesays.com\/no\/wp-json\/wp\/v2\/media?parent=46750"}],"wp:term":[{"taxonomy":"category","embeddable":true,"href":"https:\/\/www.europesays.com\/no\/wp-json\/wp\/v2\/categories?post=46750"},{"taxonomy":"post_tag","embeddable":true,"href":"https:\/\/www.europesays.com\/no\/wp-json\/wp\/v2\/tags?post=46750"}],"curies":[{"name":"wp","href":"https:\/\/api.w.org\/{rel}","templated":true}]}}