{"id":46830,"date":"2025-09-27T21:01:08","date_gmt":"2025-09-27T21:01:08","guid":{"rendered":"https:\/\/www.europesays.com\/no\/46830\/"},"modified":"2025-09-27T21:01:08","modified_gmt":"2025-09-27T21:01:08","slug":"hun-er-trumps-neste-offer","status":"publish","type":"post","link":"https:\/\/www.europesays.com\/no\/46830\/","title":{"rendered":"Hun er Trumps neste offer"},"content":{"rendered":"\n<p class=\"_lead_ew2ao_2 _lead_xtcu6_50 layout-component text-serif-m layout-normal text-serif-l layout-component layout-normal layout-padded layout-padded\">Fredag ble den tidligere FBI-sjefen tiltalt. N\u00e5 krever Donald Trump at en Microsoft-direkt\u00f8r f\u00e5r sparken. Han er p\u00e5 hevntokt.<\/p>\n<p>Skriver om krigen i Ukraina, sjakk, Formel 1, idrettspolitikk, m.m.. Utdannet ved NMBU og Moskvas statsuniversitet. Hobbybonde.<\/p>\n<p><a href=\"https:\/\/www.vg.no\/nyheter\/i\/5E9MLz\/mailto:ole.kristian.strom@vg.no\" class=\"_button_6bkpv_2 button-label-large _filled_6bkpv_106 _button_43ilh_75\" rel=\"nofollow noopener\" target=\"_blank\">E-post<\/a><img alt=\"P\u00c5 KANT: Donald Trump og Microsoft-direkt\u00f8r Lisa Monaco. Foto: Reuters\" class=\"_image_qp4xg_65 layout-component layout-wide\" data-fullscreen- data-track-element-type=\"Article image fullscreen\" data-track-name=\"ImageFullscreen\" fetchpriority=\"high\" decoding=\"sync\" loading=\"eager\" height=\"2106\" itemprop=\"image\"  src=\"https:\/\/www.europesays.com\/no\/wp-content\/uploads\/2025\/09\/75dce772-400a-44bb-b425-f8f8d7212294\"  style=\"object-position:0% 0%\" width=\"3128\"\/>P\u00c5 KANT: Donald Trump og Microsoft-direkt\u00f8r Lisa Monaco. Foto: ReutersL\u00f8rdag 27. september kl. 22:43     <\/p>\n<p class=\"_paragraph_ew2ao_4 _paragraph_xtcu6_10 layout-component text-serif-m layout-normal text-serif-m layout-padded\">Etter at eks-FBI-direkt\u00f8r James Comey f\u00f8r helgen ble tiltalt etter massivt press fra Trump, er Lisa Monaco hans nye offer.<\/p>\n<p class=\"_paragraph_ew2ao_4 _paragraph_xtcu6_10 layout-component text-serif-m layout-normal text-serif-m layout-padded\">Hun var sikkerhetsr\u00e5dgiver for Barack Obama og visejustisminister under Joe Biden.<\/p>\n<p class=\"_paragraph_ew2ao_4 _paragraph_xtcu6_10 layout-component text-serif-m layout-normal text-serif-m layout-padded\">Monaco begynte nylig som \u00abutenriksminister\u00bb for Microsoft. N\u00e5 ber Trump om at hun f\u00e5r sparken.<\/p>\n<p class=\"_paragraph_ew2ao_4 _paragraph_xtcu6_10 layout-component text-serif-m layout-normal text-serif-m layout-padded\">Han sier at Monaco hadde tilgang til \u00absv\u00e6rt sensitive opplysninger\u00bb og kaller henne en \u00abtrussel mot USAs nasjonale sikkerhet\u00bb. Trump har ingen begrunnelse for hvorfor dette skulle gj\u00f8re   henne til en sikkerhetstrussel.<\/p>\n<p class=\"_paragraph_ew2ao_4 _paragraph_xtcu6_10 layout-component text-serif-m layout-normal text-serif-m layout-padded\">Hvorfor Trump n\u00e5 retter skytset mot henne, er uklart. Det n\u00e6rmeste vi kommer er at den h\u00f8yreekstreme influenceren Laura Loomer, en fremtredende stemme i MAGA-bevegelsen, noen timer tidligere skrev p\u00e5 X at \u00aballe regjeringskontrakter med Microsoft b\u00f8r avsluttes umiddelbart\u00bb. Fordi de har ansatt Lisa Monaco.<\/p>\n<p class=\"_paragraph_ew2ao_4 _paragraph_xtcu6_10 layout-component text-serif-m layout-normal text-serif-m layout-padded\">Trumps krav kan ogs\u00e5 ha blitt utl\u00f8st av at Microsoft denne uken stengte det israelske forsvarsdepartementets tilgang til visse tjenester, fordi de skal ha brukt Microsofts tjenester til \u00e5 overv\u00e5ke innbyggerne i Gaza. USAs president st\u00e5r fortsatt last og brast med Israels statsminister Benjamin Netanyahu.<\/p>\n<p class=\"_paragraph_ew2ao_4 _paragraph_xtcu6_10 layout-component text-serif-m layout-normal text-serif-m layout-padded\">Vi har en demokratisk valgt president som g\u00e5r p\u00e5 hevntokt etter sine politiske motstandere. Han gj\u00f8r ingen fors\u00f8k p\u00e5 \u00e5 skjule at det er flere p\u00e5 gang \u2013 \u00abkorrupte demokrater fra ytterste venstrefl\u00f8y\u00bb, som presidenten kaller dem til CNN.<\/p>\n<p class=\"_paragraph_ew2ao_4 _paragraph_xtcu6_10 layout-component text-serif-m layout-normal text-serif-m layout-padded\">Tidligere FBI-direkt\u00f8r James Comey er tiltalt for \u00e5 ha l\u00f8yet om lekket informasjon til New York Times da han ble utspurt i Kongressen i september 2020.<\/p>\n<p><img alt=\"BITTER STRID: James Comey (t.v.) og Donald Trump.   Foto: J. Scott Applewhite, Alex Brandon, Richard Drew \/ AP \/ NTB\" class=\"_image_qp4xg_65 layout-component layout-normal\" data-fullscreen- data-track-element-type=\"Article image fullscreen\" data-track-name=\"ImageFullscreen\" decoding=\"async\" loading=\"lazy\" height=\"1259\" itemprop=\"image\"  src=\"https:\/\/www.europesays.com\/no\/wp-content\/uploads\/2025\/09\/48b0c69c-b1ed-4180-9d6b-baa50e50a940\"  style=\"object-position:0% 0%\" width=\"1997\"\/>BITTER STRID: James Comey (t.v.) og Donald Trump.   Foto: J. Scott Applewhite, Alex Brandon, Richard Drew \/ AP \/ NTB<\/p>\n<p class=\"_paragraph_ew2ao_4 _paragraph_xtcu6_10 layout-component text-serif-m layout-normal text-serif-m layout-padded\"><a href=\"https:\/\/www.vg.no\/tag\/donald-trump-2?utm_source=vg-article&amp;utm_medium=auto-tagger&amp;utm_campaign=5E9MLz\" class=\"_link_ew2ao_39\" rel=\"nofollow noopener\" target=\"_blank\">Donald Trump<\/a> \u2013 tidlig i sin f\u00f8rste presidentperiode \u2013 sparket James Comey i 2017. Som FBI-sjef sto Comey bak etterforskningen av anklager om kontakt mellom Russland og Trump-leiren under valget i 2016.<\/p>\n<p class=\"_paragraph_ew2ao_4 _paragraph_xtcu6_10 layout-component text-serif-m layout-normal text-serif-m layout-padded\">Det har Trump aldri tilgitt Comey.<\/p>\n<p class=\"_paragraph_ew2ao_4 _paragraph_xtcu6_10 layout-component text-serif-m layout-normal text-serif-m layout-padded\">N\u00e5 kulminerer dette med at Comey blir tiltalt \u2013 etter press fra Trump.<\/p>\n<p class=\"_paragraph_ew2ao_4 _paragraph_xtcu6_10 layout-component text-serif-m layout-normal text-serif-m layout-padded\">Men nettopp Trumps personlige hat mot Comey kan bli et problem for aktoratetaktoratetGruppen av advokater som representerer staten i en straffesak og pr\u00f8ver \u00e5 bevise at den tiltalte er skyldig., n\u00e5r de skal pr\u00f8ve \u00e5 overbevise retten i Virginia om at dette ikke er en politisk betinget sak.<\/p>\n<p class=\"_paragraph_ew2ao_4 _paragraph_xtcu6_10 layout-component text-serif-m layout-normal text-serif-m layout-padded\">Det pussige er at Comey kan ha bidratt sterkt til Trumps knepne seier over Hillary Clinton i 2016, fordi FBI gjen\u00e5pnet en etterforskning av Clintons bruk av en privat e-postserver bare 11 dager f\u00f8r valgdagen. Etter som Clinton tapte flere stater med sv\u00e6rt knapp margin, kan det ha blitt helt avgj\u00f8rende. Comey selv har uttalt at han h\u00e5per at han ikke hadde noen innvirkning.<\/p>\n<p class=\"_paragraph_ew2ao_4 _paragraph_xtcu6_10 layout-component text-serif-m layout-normal text-serif-m layout-padded\">Tiltalen mot ham kommer bare noen dager etter at Donald Trump offentlig oppfordret justisminister Pam Bondi til \u00e5 iverksette tiltak mot blant andre Comey. Tiltalen kommer etter initiativ fra en ny statsadvokat som Trump nylig pekte ut, Lindsey Halligan. Hun var tidligere Trumps personlige advokat, noe som f\u00e5r det til \u00e5 lukte vondt.<\/p>\n<p class=\"_paragraph_ew2ao_4 _paragraph_xtcu6_10 layout-component text-serif-m layout-normal text-serif-m layout-padded\">P\u00e5 den annen side: Halligan kunne ikke avgj\u00f8re tiltalen mot Comey p\u00e5 egen h\u00e5nd. En s\u00e5kalt storjurystorjuryEn gruppe borgere som vurderer bevisene i en sak for \u00e5 avgj\u00f8re om det er grunnlag for \u00e5 reise tiltale. har godkjent at det var beviser nok til \u00e5 reise tiltale. S\u00e5nn sett kan Trump hevde at tiltalen ble avgjort av en uavhengig jury.<\/p>\n<p class=\"_paragraph_ew2ao_4 _paragraph_xtcu6_10 layout-component text-serif-m layout-normal text-serif-m layout-padded\">Men det er ogs\u00e5 mange jurister som mener at saken handler mer om at Donald Trump \u00f8nsker \u00e5 se Comey p\u00e5 tiltalebenken og <a href=\"https:\/\/www.bostonglobe.com\/2025\/09\/26\/nation\/trump-comey-indictment\/\" class=\"_link_ew2ao_39\" rel=\"nofollow noopener\" target=\"_blank\">ydmyke den tidligere FBI-direkt\u00f8ren<\/a> \u2013 mer enn at han virkelig blir d\u00f8mt.<\/p>\n<p class=\"_paragraph_ew2ao_4 _paragraph_xtcu6_10 layout-component text-serif-m layout-normal text-serif-m layout-padded\">Uansett om Comey er skyldig eller ikke, s\u00e5 er problemet at vi nok en gang ser at Trump g\u00e5r mot sine \u00abfiender\u00bb p\u00e5 en lite demokratisk m\u00e5te. <\/p>\n<p class=\"_paragraph_ew2ao_4 _paragraph_xtcu6_10 layout-component text-serif-m layout-normal text-serif-m layout-padded\">Vi har sett at han g\u00e5r til enorme s\u00f8ksm\u00e5l mot medier han ikke liker, som New York Times og Wall Street Journal. Tidligere har vi sett ham g\u00e5 mot tidligere rivaler i Demokratene som Hillary Clinton, Joe Biden og spredt konspirasjoner om Barack Obama. Robert Mueller, som var spesialetterforsker i \u00abRussiagate\u00bb, ble siden beskyldt for \u00e5 v\u00e6re \u00abpolitisk motstander\u00bb og \u00abfiende av folket\u00bb.<\/p>\n<p class=\"_paragraph_ew2ao_4 _paragraph_xtcu6_10 layout-component text-serif-m layout-normal text-serif-m layout-padded\">Dette er selvf\u00f8lgelig problematisk, ikke minst for rettsvesenet i et demokrati skal v\u00e6re uavhengig. Hvis en president fors\u00f8ker \u00e5 bruke rettssystemet som et politisk v\u00e5pen, undergraves denne maktfordelingenmaktfordelingenPrinsippet om at makten i en stat skal fordeles mellom ulike organer for \u00e5 unng\u00e5 maktmisbruk, ofte mellom den ut\u00f8vende, lovgivende og d\u00f8mmende makt..<\/p>\n<p><img alt=\"Lisa Monaco da hun var sikkerhetsr\u00e5dgiver for Barack Obama i 2016.  Foto: Susan Walsh \/ AP \/ NTB\" class=\"_image_qp4xg_65 layout-component layout-normal\" data-fullscreen- data-track-element-type=\"Article image fullscreen\" data-track-name=\"ImageFullscreen\" decoding=\"async\" loading=\"lazy\" height=\"2254\" itemprop=\"image\"  src=\"https:\/\/www.europesays.com\/no\/wp-content\/uploads\/2025\/09\/1a2b8c7b-9745-49e1-ab07-316d30cd4a39\"  style=\"object-position:0% 0%\" width=\"4481\"\/>Lisa Monaco da hun var sikkerhetsr\u00e5dgiver for Barack Obama i 2016.  Foto: Susan Walsh \/ AP \/ NTB<\/p>\n<p class=\"_paragraph_ew2ao_4 _paragraph_xtcu6_10 layout-component text-serif-m layout-normal text-serif-m layout-padded\">N\u00e5r det gjelder Lisa Monaco viser Trump at han kan trykke p\u00e5 mange knapper for \u00e5 straffe sine motstandere. Risikerer Microsoft f\u00e6rre statlige kontrakter? Vil selskapet bli motarbeidet p\u00e5 annen m\u00e5te? <\/p>\n<p class=\"_paragraph_ew2ao_4 _paragraph_xtcu6_10 layout-component text-serif-m layout-normal text-serif-m layout-padded\">S\u00e5 lenge Donald Trump er president i USA, er det umulig \u00e5 vite hvem som blir neste offer for hans hevn.<\/p>\n<p>      Dette er en kommentar. Kommentaren gir uttrykk for skribentens holdning. <\/p>\n","protected":false},"excerpt":{"rendered":"Fredag ble den tidligere FBI-sjefen tiltalt. N\u00e5 krever Donald Trump at en Microsoft-direkt\u00f8r f\u00e5r sparken. Han er p\u00e5&hellip;\n","protected":false},"author":2,"featured_media":46831,"comment_status":"","ping_status":"","sticky":false,"template":"","format":"standard","meta":{"footnotes":""},"categories":[12],"tags":[20,21,55,24,25,15,7307,22,23,13,30,28,29,14,16,26,27,50,42,103,43,44,45],"class_list":{"0":"post-46830","1":"post","2":"type-post","3":"status-publish","4":"format-standard","5":"has-post-thumbnail","7":"category-verden","8":"tag-breaking-news","9":"tag-breakingnews","10":"tag-donald-trump","11":"tag-featured-news","12":"tag-featurednews","13":"tag-headlines","14":"tag-hillary-clinton","15":"tag-latest-news","16":"tag-latestnews","17":"tag-news","18":"tag-no","19":"tag-norge","20":"tag-norway","21":"tag-nyheter","22":"tag-overskrifter","23":"tag-top-stories","24":"tag-topstories","25":"tag-usa","26":"tag-verden","27":"tag-vgmeninger","28":"tag-world","29":"tag-world-news","30":"tag-worldnews"},"share_on_mastodon":{"url":"","error":""},"_links":{"self":[{"href":"https:\/\/www.europesays.com\/no\/wp-json\/wp\/v2\/posts\/46830","targetHints":{"allow":["GET"]}}],"collection":[{"href":"https:\/\/www.europesays.com\/no\/wp-json\/wp\/v2\/posts"}],"about":[{"href":"https:\/\/www.europesays.com\/no\/wp-json\/wp\/v2\/types\/post"}],"author":[{"embeddable":true,"href":"https:\/\/www.europesays.com\/no\/wp-json\/wp\/v2\/users\/2"}],"replies":[{"embeddable":true,"href":"https:\/\/www.europesays.com\/no\/wp-json\/wp\/v2\/comments?post=46830"}],"version-history":[{"count":0,"href":"https:\/\/www.europesays.com\/no\/wp-json\/wp\/v2\/posts\/46830\/revisions"}],"wp:featuredmedia":[{"embeddable":true,"href":"https:\/\/www.europesays.com\/no\/wp-json\/wp\/v2\/media\/46831"}],"wp:attachment":[{"href":"https:\/\/www.europesays.com\/no\/wp-json\/wp\/v2\/media?parent=46830"}],"wp:term":[{"taxonomy":"category","embeddable":true,"href":"https:\/\/www.europesays.com\/no\/wp-json\/wp\/v2\/categories?post=46830"},{"taxonomy":"post_tag","embeddable":true,"href":"https:\/\/www.europesays.com\/no\/wp-json\/wp\/v2\/tags?post=46830"}],"curies":[{"name":"wp","href":"https:\/\/api.w.org\/{rel}","templated":true}]}}