{"id":46854,"date":"2025-09-27T21:25:10","date_gmt":"2025-09-27T21:25:10","guid":{"rendered":"https:\/\/www.europesays.com\/no\/46854\/"},"modified":"2025-09-27T21:25:10","modified_gmt":"2025-09-27T21:25:10","slug":"tottenham-wolverhampton-1-1-na-venter-bodo-glimt","status":"publish","type":"post","link":"https:\/\/www.europesays.com\/no\/46854\/","title":{"rendered":"Tottenham \u2013 Wolverhampton 1\u20131. N\u00e5 venter Bod\u00f8\/Glimt"},"content":{"rendered":"\n<p class=\"_lead_ew2ao_2 _lead_xtcu6_50 layout-component text-serif-m layout-normal text-serif-l layout-component layout-wide layout-padded _wide_17hqh_1 layout-padded\">\u00abNorske\u00bb Wolves s\u00e5 ut til \u00e5 ta sin f\u00f8rste seier for sesongen, men m\u00e5tte ta til takke med sesongens f\u00f8rste poeng.<\/p>\n<p> <img class=\"_image_qp4xg_65 layout-component layout-wide\" data-fullscreen- data-track-element-type=\"Article image fullscreen\" data-track-name=\"ImageFullscreen\" fetchpriority=\"high\" decoding=\"sync\" loading=\"eager\" height=\"102\" itemprop=\"image\"  src=\"https:\/\/www.europesays.com\/no\/wp-content\/uploads\/2025\/09\/d3ca52b1ba073aaea28de23fc6aa0a60.jpg\"  style=\"object-position:50% 50%;aspect-ratio:1.75;height:auto;object-fit:cover;width:100%\" width=\"102\"\/>  <\/p>\n<ul aria-hidden=\"true\" class=\"_images_1y6fe_106\">\n<li><a class=\"_link_1y6fe_111\" href=\"https:\/\/www.vg.no\/forfatter\/mats-arntzen\" style=\"z-index:1\" title=\"Mats Arntzen\" rel=\"nofollow noopener\" target=\"_blank\"><img alt=\"Bilde av Mats Arntzen\" class=\"_image_1y6fe_88\" fetchpriority=\"low\" loading=\"lazy\" decoding=\"async\" itemprop=\"image\"  src=\"https:\/\/www.europesays.com\/no\/wp-content\/uploads\/2025\/09\/1759008309_502_29b4beac-bbee-4d70-98b8-fb24e4b95afc\"  width=\"480\"\/><\/a><\/li>\n<\/ul>\n<p>London Oppdatert l\u00f8rdag 27. september kl. 23:14    <\/p>\n<ul class=\"_list_ew2ao_3 _list_64s2r_85 _unordered_ew2ao_99 text-sans-m\">\n<li class=\"_item_ew2ao_30\">Wolves tok ledelsen ved Santiago Bueno, men Jo\u00e3o Palhinha utlignet p\u00e5 overtid og kampen endte 1\u20131.<\/li>\n<li class=\"_item_ew2ao_30\">Det ga sesongens f\u00f8rste poeng etter fem strake tap.<\/li>\n<li class=\"_item_ew2ao_30\">Tottenham har bare tre seirer p\u00e5 sine 17 siste hjemmekamper i Premier League, og m\u00f8ter Bod\u00f8\/Glimt p\u00e5 Aspmyra tirsdag i Champions League.<\/li>\n<\/ul>\n<p>Vis mer <\/p>\n<p class=\"_paragraph_ew2ao_4 _paragraph_xtcu6_10 layout-component text-serif-m layout-normal text-serif-m layout-padded\">For p\u00e5 overtid s\u00f8rget Jo\u00e3o Palhinha for at jubelen steg blant den st\u00f8rste delen av de 60 000 tilskuerne p\u00e5 Tottenham Hotspur Stadium.<\/p>\n<p class=\"_paragraph_ew2ao_4 _paragraph_xtcu6_10 layout-component text-serif-m layout-normal text-serif-m layout-padded\">Selv var han ikke s\u00e6rlig forn\u00f8yd etter kampen.<\/p>\n<p class=\"_paragraph_ew2ao_4 _paragraph_xtcu6_10 layout-component text-serif-m layout-normal text-serif-m layout-padded\">\u2013 Jeg er ikke forn\u00f8yd i det hele tatt, sier Palinha til Sky Sports og fortsetter:<\/p>\n<p class=\"_paragraph_ew2ao_4 _paragraph_xtcu6_10 layout-component text-serif-m layout-normal text-serif-m layout-padded\">\u2013 Jeg er skikkelig lei meg. Det gjelder meg, lagkameratene og staben, fordi det er obligatorisk for oss \u00e5 vinne disse kampene. Det f\u00f8les som et tap.<\/p>\n<p class=\"_paragraph_ew2ao_4 _paragraph_xtcu6_10 layout-component text-serif-m layout-normal text-serif-m layout-padded\">I bortesvingen sank Wolves\u2013supporterne sammen og m\u00e5tte innse at det ikke ble seier denne gangen heller.<\/p>\n<p><img alt=\"EKSTASE: Jo\u00e3o Palhinha s\u00f8rget for at Tottenham tok ett poeng.  Foto: Andrew Couldridge \/ Reuters \/ NTB\" class=\"_image_qp4xg_65 layout-component layout-normal\" data-fullscreen- data-track-element-type=\"Article image fullscreen\" data-track-name=\"ImageFullscreen\" decoding=\"async\" loading=\"lazy\" height=\"2860\" itemprop=\"image\"  src=\"https:\/\/www.europesays.com\/no\/wp-content\/uploads\/2025\/09\/42b990b5-cd5e-48ad-bcfe-92cb65d5c8de\"  style=\"object-position:0% 0%\" width=\"4290\"\/>EKSTASE: Jo\u00e3o Palhinha s\u00f8rget for at Tottenham tok ett poeng.  Foto: Andrew Couldridge \/ Reuters \/ NTB<\/p>\n<p class=\"_paragraph_ew2ao_4 _paragraph_xtcu6_10 layout-component text-serif-m layout-normal text-serif-m layout-padded\">Ulvene fra Wolverhampton hadde \u00e5pnet sesongen med fem strake tap f\u00f8r l\u00f8rdagens triumf i Nord-London.<\/p>\n<p class=\"_paragraph_ew2ao_4 _paragraph_xtcu6_10 layout-component text-serif-m layout-normal text-serif-m layout-padded\">Med en friskmeldt J\u00f8rgen Strand Larsen tilbake i elleveren avanserte Wolverhampton med 2\u20130-seier mot Everton i midtuken.<\/p>\n<p><img alt=\"KRIGEKAMP: J\u00f8rgen Strand Larsen var i mange t\u00f8ffe dueller med Tottenham-stopper Micky van de Ven.  Foto: DANIEL HAMBURY \/ EPA \/ NTB\" class=\"_image_qp4xg_65 layout-component layout-normal\" data-fullscreen- data-track-element-type=\"Article image fullscreen\" data-track-name=\"ImageFullscreen\" decoding=\"async\" loading=\"lazy\" height=\"4783\" itemprop=\"image\"  src=\"https:\/\/www.europesays.com\/no\/wp-content\/uploads\/2025\/09\/c1c865ab-bf23-40c4-9930-a391f5a89eff\"  style=\"object-position:0% 0%\" width=\"6952\"\/>KRIGEKAMP: J\u00f8rgen Strand Larsen var i mange t\u00f8ffe dueller med Tottenham-stopper Micky van de Ven.  Foto: DANIEL HAMBURY \/ EPA \/ NTB<\/p>\n<p class=\"_paragraph_ew2ao_4 _paragraph_xtcu6_10 layout-component text-serif-m layout-normal text-serif-m layout-padded\">F\u00f8lgelig fikk ti av elleve spillere fornyet tillit i <a href=\"https:\/\/www.vg.no\/tag\/premier-league?utm_source=vg-article&amp;utm_medium=auto-tagger&amp;utm_campaign=Avj54n\" class=\"_link_ew2ao_39\" rel=\"nofollow noopener\" target=\"_blank\">Premier League<\/a>. Det viste seg \u00e5 v\u00e6re en genistrek av V\u00edtor Pereira.<\/p>\n<p class=\"_paragraph_ew2ao_4 _paragraph_xtcu6_10 layout-component text-serif-m layout-normal text-serif-m layout-padded\">Den portugisiske manageren valgte riktignok \u00e5 legge om fra 4\u20132\u20133\u20131 til Wolves\u2019 mer kjente 3\u20134\u20132\u20131-formasjon i pausen. Han gjorde ogs\u00e5 to bytter p\u00e5 laget.<\/p>\n<p class=\"_paragraph_ew2ao_4 _paragraph_xtcu6_10 layout-component text-serif-m layout-normal text-serif-m layout-padded\">Og kun ni minutter ut i andre omgang kom scoringen. Et oppofrende Wolverhampton fikk bel\u00f8nning for innsatsen da midtstopper Santiago Bueno kriget ballen i m\u00e5l etter en d\u00f8dball.<\/p>\n<p class=\"_paragraph_ew2ao_4 _paragraph_xtcu6_10 layout-component text-serif-m layout-normal text-serif-m layout-padded\">Men Tottenham slo tilbake. P\u00e5 overtid satte Jo\u00e3o Palhinha inn 1\u20131-m\u00e5let.<\/p>\n<p class=\"_paragraph_ew2ao_4 _paragraph_xtcu6_10 layout-component text-serif-m layout-normal text-serif-m layout-padded\">\u2013 Vi fortjente tre poeng, men noen ganger er ikke fotball rettferdig, sier Pereira til Sky Sports.<\/p>\n<p class=\"_paragraph_ew2ao_4 _paragraph_xtcu6_10 layout-component text-serif-m layout-normal text-serif-m layout-padded\">Tottenham har kun vunnet tre av de siste 17 siste hjemmekampene17 siste hjemmekampeneTre seirer, fire uavgjort og ti tap i Premier League.<\/p>\n<p class=\"_paragraph_ew2ao_4 _paragraph_xtcu6_10 layout-component text-serif-m layout-normal text-serif-m layout-padded\">Allerede om tre dager skal Tottenham tilbake til stedet der de sikret finalebillett i Europa League. Bod\u00f8\/Glimt venter nok en gang p\u00e5 Aspmyra, men denne gangen i Champions League.<\/p>\n<p class=\"_paragraph_ew2ao_4 _paragraph_xtcu6_10 layout-component text-serif-m layout-normal text-serif-m layout-padded\">Tottenham vant 2\u20130 i Bod\u00f8 forrige gang de var p\u00e5 bes\u00f8k.<\/p>\n<p class=\"_paragraph_ew2ao_4 _paragraph_xtcu6_10 layout-component text-serif-m layout-normal text-serif-m layout-padded\">Tirsdagens kamp er den andre runden i Champions League. Mens Bod\u00f8\/Glimt spilte 2\u20132 borte mot Slavia Praha, vant Tottenham 1\u20130 mot Villarreal.<\/p>\n<p class=\"_paragraph_ew2ao_4 _paragraph_xtcu6_10 layout-component text-serif-m layout-normal text-serif-m layout-padded\">Det er den f\u00f8rste Champions League-kampen for herrer p\u00e5 norsk jord siden Chelsea vant 4\u20130 mot Rosenborg p\u00e5 Lerkendal i november 2007.<\/p>\n<p class=\"_paragraph_ew2ao_4 _paragraph_xtcu6_10 layout-component text-serif-m layout-normal text-serif-m layout-padded\">PS! David M\u00f8ller Wolfe satt hele kampen p\u00e5 benken for Wolverhampton.<\/p>\n","protected":false},"excerpt":{"rendered":"\u00abNorske\u00bb Wolves s\u00e5 ut til \u00e5 ta sin f\u00f8rste seier for sesongen, men m\u00e5tte ta til takke med&hellip;\n","protected":false},"author":2,"featured_media":46855,"comment_status":"","ping_status":"","sticky":false,"template":"","format":"standard","meta":{"footnotes":""},"categories":[59],"tags":[517,706,92,2066,30,28,29,161,83,82,1638,2068],"class_list":{"0":"post-46854","1":"post","2":"type-post","3":"status-publish","4":"format-standard","5":"has-post-thumbnail","7":"category-sport","8":"tag-bodo-glimt","9":"tag-champions-league","10":"tag-fotball","11":"tag-jorgen-strand-larsen","12":"tag-no","13":"tag-norge","14":"tag-norway","15":"tag-premier-league","16":"tag-sport","17":"tag-sports","18":"tag-tottenham-hotspur-fc","19":"tag-wolverhampton-wanderers-fc"},"share_on_mastodon":{"url":"","error":""},"_links":{"self":[{"href":"https:\/\/www.europesays.com\/no\/wp-json\/wp\/v2\/posts\/46854","targetHints":{"allow":["GET"]}}],"collection":[{"href":"https:\/\/www.europesays.com\/no\/wp-json\/wp\/v2\/posts"}],"about":[{"href":"https:\/\/www.europesays.com\/no\/wp-json\/wp\/v2\/types\/post"}],"author":[{"embeddable":true,"href":"https:\/\/www.europesays.com\/no\/wp-json\/wp\/v2\/users\/2"}],"replies":[{"embeddable":true,"href":"https:\/\/www.europesays.com\/no\/wp-json\/wp\/v2\/comments?post=46854"}],"version-history":[{"count":0,"href":"https:\/\/www.europesays.com\/no\/wp-json\/wp\/v2\/posts\/46854\/revisions"}],"wp:featuredmedia":[{"embeddable":true,"href":"https:\/\/www.europesays.com\/no\/wp-json\/wp\/v2\/media\/46855"}],"wp:attachment":[{"href":"https:\/\/www.europesays.com\/no\/wp-json\/wp\/v2\/media?parent=46854"}],"wp:term":[{"taxonomy":"category","embeddable":true,"href":"https:\/\/www.europesays.com\/no\/wp-json\/wp\/v2\/categories?post=46854"},{"taxonomy":"post_tag","embeddable":true,"href":"https:\/\/www.europesays.com\/no\/wp-json\/wp\/v2\/tags?post=46854"}],"curies":[{"name":"wp","href":"https:\/\/api.w.org\/{rel}","templated":true}]}}