{"id":46921,"date":"2025-09-28T02:08:09","date_gmt":"2025-09-28T02:08:09","guid":{"rendered":"https:\/\/www.europesays.com\/no\/46921\/"},"modified":"2025-09-28T02:08:09","modified_gmt":"2025-09-28T02:08:09","slug":"putin-og-europa-barker-sammen-i-ukrainas-naboland","status":"publish","type":"post","link":"https:\/\/www.europesays.com\/no\/46921\/","title":{"rendered":"Putin og Europa barker sammen i Ukrainas naboland"},"content":{"rendered":"\n<p class=\"_lead_ew2ao_2 _lead_xtcu6_50 layout-component text-serif-m layout-normal text-serif-l layout-component layout-normal layout-padded layout-padded\">P\u00e5 samme m\u00e5te som i Ukraina st\u00e5r det mellom dem som vil knytte seg til Europa og dem som ser mot Moskva. Moldova g\u00e5r til valg s\u00f8ndag.<\/p>\n<p>Skriver om krigen i Ukraina, sjakk, Formel 1, idrettspolitikk, m.m.. Utdannet ved NMBU og Moskvas statsuniversitet. Hobbybonde.<\/p>\n<p><a href=\"https:\/\/www.vg.no\/nyheter\/i\/xmK9wp\/mailto:ole.kristian.strom@vg.no\" class=\"_button_6bkpv_2 button-label-large _filled_6bkpv_106 _button_43ilh_75\" rel=\"nofollow noopener\" target=\"_blank\">E-post<\/a><img alt=\"Vladimir Putin hilser p\u00e5 Igor Dodon, som er leder for den Russland-vennlige delen av politikken i Moldova. Foto: Mikhail Klimentyev \/ AP \/ NTB\" class=\"_image_qp4xg_65 layout-component layout-wide\" data-fullscreen- data-track-element-type=\"Article image fullscreen\" data-track-name=\"ImageFullscreen\" fetchpriority=\"high\" decoding=\"sync\" loading=\"eager\" height=\"1963\" itemprop=\"image\"  src=\"https:\/\/www.europesays.com\/no\/wp-content\/uploads\/2025\/09\/7f8d2e64-2c81-4864-a2b2-110c67c44d83\"  style=\"object-position:0% 0%\" width=\"2893\"\/>Vladimir Putin hilser p\u00e5 Igor Dodon, som er leder for den Russland-vennlige delen av politikken i Moldova. Foto: Mikhail Klimentyev \/ AP \/ NTBS\u00f8ndag 28. september kl. 03:35     <\/p>\n<p class=\"_paragraph_ew2ao_4 _paragraph_xtcu6_10 layout-component text-serif-m layout-normal text-serif-m layout-padded\">\u2013 Europa har ikke r\u00e5d til \u00e5 miste ogs\u00e5 <a href=\"https:\/\/www.vg.no\/tag\/moldova?utm_source=vg-article&amp;utm_medium=auto-tagger&amp;utm_campaign=xmK9wp\" class=\"_link_ew2ao_39\" rel=\"nofollow noopener\" target=\"_blank\">Moldova<\/a>, sa Volodymyr Zelenskyj i FN denne uken.<\/p>\n<p class=\"_paragraph_ew2ao_4 _paragraph_xtcu6_10 layout-component text-serif-m layout-normal text-serif-m layout-padded\">Presidenten i nabolandet Ukraina vet hva han snakker om etter mer enn ti \u00e5r med russisk invasjon.<\/p>\n<p class=\"_paragraph_ew2ao_4 _paragraph_xtcu6_10 layout-component text-serif-m layout-normal text-serif-m layout-padded\">I Norge er Moldova trolig mest kjent fordi fotballaget deres nylig tapte 11\u20131 for Norge i VM-kvalifisering, men s\u00f8ndag er det parlamentsvalg i et av Europas fattigste land, med mindre enn \u00e9n tidel av Norges BNP per capitaBNP per capitaBrutto nasjonalprodukt. BNP er verdien av alle varer og tjenester som produseres i et land i l\u00f8pet av en bestemt periode (vanligvis et \u00e5r), minus verdien av innsatsvarer som brukes i produksjonen.. <\/p>\n<p class=\"_paragraph_ew2ao_4 _paragraph_xtcu6_10 layout-component text-serif-m layout-normal text-serif-m layout-padded\">Moldova er en slags strategisk frontlinje i den hybride krigenden hybride krigenEn type krigf\u00f8ring som kombinerer tradisjonelle milit\u00e6re metoder med ikke-milit\u00e6re taktikker som desinformasjon og propaganda.<br \/>\n Vladimir Putin f\u00f8rer mot Europa. Frykten for krig er naturlig nok stor. Og Moldova har nok enda st\u00f8rre grunn til \u00e5 f\u00f8le seg truet enn for eksempel Polen og de baltiske landene Estland, Latvia og Litauen, som alle fire er medlemmer av NATO. Det er ikke Moldova.<\/p>\n<p class=\"_paragraph_ew2ao_4 _paragraph_xtcu6_10 layout-component text-serif-m layout-normal text-serif-m layout-padded\">Putin vet \u00e5 utnytte de spenningene som allerede finnes i landet, mellom rumensktalende og russiskspr\u00e5klige, mellom EU-tilhengere og sovjetnostalgikeresovjetnostalgikerePersoner som lengter tilbake til eller idealiserer tiden da Sovjetunionen eksisterte., mellom den EU-vennlige hovedstaden Chisinau og resten av landet, der levestandarden er blant de laveste i Europa og der mange st\u00f8tter Russland. Prissjokk p\u00e5 energi og \u00f8kt skepsis til EU har preget de siste par \u00e5rene.<\/p>\n<p class=\"_paragraph_ew2ao_4 _paragraph_xtcu6_10 layout-component text-serif-m layout-normal text-serif-m layout-padded\">Helt siden tidlig 1990-tall har russiske soldater okkupert \u2013 offisielt en fredsstyrke \u2013 den \u00f8stlige delen av landet, TransnistriaTransnistriaEn region i Moldova som er kontrollert av pro-russiske separatister og har v\u00e6rt okkupert av russiske styrker siden tidlig 1990-tall.. Det er et popul\u00e6rt turistm\u00e5l, ettersom den smale landstripen n\u00e6rmest er som et sovjetmuseum \u00e5 regne med Lenin-statuer, veier som er oppkalt etter sovjetiske ledere og et eget flagg med hammer, sigd og r\u00f8d stjerne, som det gamle sovjetiske flagget.<\/p>\n<p class=\"_paragraph_ew2ao_4 _paragraph_xtcu6_10 layout-component text-serif-m layout-normal text-serif-m layout-padded\">Det er som \u00e5 reise mange ti\u00e5r tilbake i tid.<\/p>\n<p class=\"_paragraph_ew2ao_4 _paragraph_xtcu6_10 layout-component text-serif-m layout-normal text-serif-m layout-padded\">Haaland herjet mot Moldova: <\/p>\n<p class=\"_paragraph_ew2ao_4 _paragraph_xtcu6_10 layout-component text-serif-m layout-normal text-serif-m layout-padded\">Men russerne markerer seg ogs\u00e5 i resten av landet. Russiske penger str\u00f8mmer inn. De blir brukt til \u00e5 finansiere desinformasjon og propaganda, som vi ser s\u00e5 mange andre steder. If\u00f8lge de vestvennlige myndighetene blir ogs\u00e5 vanlige borgere betalt for \u00e5 g\u00e5 i protesttog mot den sittende regjeringen og for \u00e5 stemme p\u00e5 en prorussisk kandidat ved valget 28. september.<\/p>\n<p class=\"_paragraph_ew2ao_4 _paragraph_xtcu6_10 layout-component text-serif-m layout-normal text-serif-m layout-padded\">Derfor er to prorussiske partier utestengt av valgkommisjonen \u2013 og det kan bli en sv\u00e6rt het valgdag. Et av disse partiene har helt \u00e5pent tilbudt folk 30.000 kroner i m\u00e5neden for \u00e5 delta i protester mot regjeringen. Det er bare \u00e5 h\u00e5pe at valget kommer til \u00e5 g\u00e5 rolig for seg.<\/p>\n<p><img alt=\"STERKE DAMER: Moldovas president Maia Sandu hilser p\u00e5 Italias statsminister Giorgia Meloni.  Foto: Roberto Monaldo \/ AP \/ NTB\" class=\"_image_qp4xg_65 layout-component layout-normal\" data-fullscreen- data-track-element-type=\"Article image fullscreen\" data-track-name=\"ImageFullscreen\" decoding=\"async\" loading=\"lazy\" height=\"3158\" itemprop=\"image\"  src=\"https:\/\/www.europesays.com\/no\/wp-content\/uploads\/2025\/09\/1efb625e-788f-4ef3-b25c-1de0c3a57003\"  style=\"object-position:0% 0%\" width=\"4517\"\/>STERKE DAMER: Moldovas president Maia Sandu hilser p\u00e5 Italias statsminister Giorgia Meloni.  Foto: Roberto Monaldo \/ AP \/ NTB<\/p>\n<p class=\"_paragraph_ew2ao_4 _paragraph_xtcu6_10 layout-component text-serif-m layout-normal text-serif-m layout-padded\">Moldovas proeuropeiske president Maia Sandu advarer mot den russiske innblandingen. Hun hevder at Kreml bruker hundrevis av millioner amerikanske dollar for \u00e5 f\u00e5 \u00abriktig\u00bb resultat i valget.<\/p>\n<p class=\"_paragraph_ew2ao_4 _paragraph_xtcu6_10 layout-component text-serif-m layout-normal text-serif-m layout-padded\">Tidligere denne uken var det landsomfattende razziaer der 74 personer ble p\u00e5grepet, anklaget for \u00e5 ha planlagt masseoppt\u00f8yer i landet. Myndighetene hevder at Russland skulle destabilisere landet ved hjelp av kriminelle grupper. Lederen for den prorussiske Patriotisk valgblokk hevder at det er et fors\u00f8k p\u00e5 \u00e5 skremme folk fra \u00e5 stemme p\u00e5 dem.<\/p>\n<p class=\"_paragraph_ew2ao_4 _paragraph_xtcu6_10 layout-component text-serif-m layout-normal text-serif-m layout-padded\">Ved presidentvalget i fjor mislyktes russerne, og Sandu ble valgt til president. N\u00e5 skal Moskva v\u00e6re enda mer aktive, skal vi tro Sandu og hennes folk.<\/p>\n<p class=\"_paragraph_ew2ao_4 _paragraph_xtcu6_10 layout-component text-serif-m layout-normal text-serif-m layout-padded\">\u2013 Kreml tror at vi alle er til salgs, sier hun.<\/p>\n<p><img alt=\"SKJEBNEVALG: \u00abFrihet \u2013 n\u00e5 eller aldri\u00bb st\u00e5r det p\u00e5 plakaten til denne mannen, som st\u00f8tter det proeuropeiske regjeringspartiet.  Foto: DUMITRU DORU \/ EPA \/ NTB\" class=\"_image_qp4xg_65 layout-component layout-normal\" data-fullscreen- data-track-element-type=\"Article image fullscreen\" data-track-name=\"ImageFullscreen\" decoding=\"async\" loading=\"lazy\" height=\"3456\" itemprop=\"image\"  src=\"https:\/\/www.europesays.com\/no\/wp-content\/uploads\/2025\/09\/9a4bead4-f36e-4db3-ae37-43e4cd547c1c\"  style=\"object-position:0% 0%\" width=\"5184\"\/>SKJEBNEVALG: \u00abFrihet \u2013 n\u00e5 eller aldri\u00bb st\u00e5r det p\u00e5 plakaten til denne mannen, som st\u00f8tter det proeuropeiske regjeringspartiet.  Foto: DUMITRU DORU \/ EPA \/ NTB<\/p>\n<p class=\"_paragraph_ew2ao_4 _paragraph_xtcu6_10 layout-component text-serif-m layout-normal text-serif-m layout-padded\">N\u00f8kkelen kan bli de mange moldovernemoldoverneMange moldovere identifiserer seg som rumenere. som bor utenlands. Men ogs\u00e5 Moskva har skj\u00f8nt det og jakter p\u00e5 de 25\u201350 prosent som oppholder seg utenfor Moldovas grenser for \u00e5 f\u00e5 dem til \u00e5 stemme \u00abriktig\u00bb. Totalt har landet 3,6 millioner innbyggere.<\/p>\n<p class=\"_paragraph_ew2ao_4 _paragraph_xtcu6_10 layout-component text-serif-m layout-normal text-serif-m layout-padded\">En stor del av det n\u00e5v\u00e6rende Moldova var en provins i det russiske imperiet fra 1812 og ble deretter forent med Romania i 1918 etter f\u00f8rste verdenskrig. Dette omr\u00e5det ble s\u00e5 innlemmet i Sovjetunionen ved slutten av andre verdenskrig. Moldova har v\u00e6rt uavhengig fra Sovjetunionen siden 1991.<\/p>\n<p class=\"_paragraph_ew2ao_4 _paragraph_xtcu6_10 layout-component text-serif-m layout-normal text-serif-m layout-padded\">Vladimir Putin har kalt Sovjetunionens sammenbrudd \u00abdet 20. \u00e5rhundres st\u00f8rste geopolitiskegeopolitiskeEn hendelse som har store negative konsekvenser for den politiske og geografiske balansen mellom land. katastrofe\u00bb, Invasjonene i Georgia og Ukraina har v\u00e6rt fors\u00f8k p\u00e5 \u00e5 f\u00e5 noe av omr\u00e5det tilbake i folden.<\/p>\n<p class=\"_paragraph_ew2ao_4 _paragraph_xtcu6_10 layout-component text-serif-m layout-normal text-serif-m layout-padded\">Zelenskyj mener at det kan bli dyrt i fremtiden om ikke EU n\u00e5 st\u00f8tter Moldova og skaper stabilitet i landet.<\/p>\n<p class=\"_paragraph_ew2ao_4 _paragraph_xtcu6_10 layout-component text-serif-m layout-normal text-serif-m layout-padded\">Valget i Moldova er en kamp mellom dem som vil knytte landet n\u00e6rmere Europa og bli EU-medlem, og dem som vil ha russisk innflytelse.<\/p>\n<p><img alt=\"Foto: DUMITRU DORU \/ EPA \/ NTB\" class=\"_image_qp4xg_65 layout-component layout-normal\" data-fullscreen- data-track-element-type=\"Article image fullscreen\" data-track-name=\"ImageFullscreen\" decoding=\"async\" loading=\"lazy\" height=\"3456\" itemprop=\"image\"  src=\"https:\/\/www.europesays.com\/no\/wp-content\/uploads\/2025\/09\/26225a6e-b80f-4bf9-a0e9-8b6f12d84410\"  style=\"object-position:0% 0%\" width=\"5184\"\/>Foto: DUMITRU DORU \/ EPA \/ NTB   Dette er en kommentar. Kommentaren gir uttrykk for skribentens holdning. <\/p>\n","protected":false},"excerpt":{"rendered":"P\u00e5 samme m\u00e5te som i Ukraina st\u00e5r det mellom dem som vil knytte seg til Europa og dem&hellip;\n","protected":false},"author":2,"featured_media":46922,"comment_status":"","ping_status":"","sticky":false,"template":"","format":"standard","meta":{"footnotes":""},"categories":[5],"tags":[20,21,279,24,25,15,19,22,23,17,18,4843,13,30,28,29,14,16,26,27,103,186],"class_list":{"0":"post-46921","1":"post","2":"type-post","3":"status-publish","4":"format-standard","5":"has-post-thumbnail","7":"category-overskrifter","8":"tag-breaking-news","9":"tag-breakingnews","10":"tag-eu","11":"tag-featured-news","12":"tag-featurednews","13":"tag-headlines","14":"tag-hovedoppslag","15":"tag-latest-news","16":"tag-latestnews","17":"tag-main-news","18":"tag-mainnews","19":"tag-moldova","20":"tag-news","21":"tag-no","22":"tag-norge","23":"tag-norway","24":"tag-nyheter","25":"tag-overskrifter","26":"tag-top-stories","27":"tag-topstories","28":"tag-vgmeninger","29":"tag-vladimir-putin"},"share_on_mastodon":{"url":"","error":""},"_links":{"self":[{"href":"https:\/\/www.europesays.com\/no\/wp-json\/wp\/v2\/posts\/46921","targetHints":{"allow":["GET"]}}],"collection":[{"href":"https:\/\/www.europesays.com\/no\/wp-json\/wp\/v2\/posts"}],"about":[{"href":"https:\/\/www.europesays.com\/no\/wp-json\/wp\/v2\/types\/post"}],"author":[{"embeddable":true,"href":"https:\/\/www.europesays.com\/no\/wp-json\/wp\/v2\/users\/2"}],"replies":[{"embeddable":true,"href":"https:\/\/www.europesays.com\/no\/wp-json\/wp\/v2\/comments?post=46921"}],"version-history":[{"count":0,"href":"https:\/\/www.europesays.com\/no\/wp-json\/wp\/v2\/posts\/46921\/revisions"}],"wp:featuredmedia":[{"embeddable":true,"href":"https:\/\/www.europesays.com\/no\/wp-json\/wp\/v2\/media\/46922"}],"wp:attachment":[{"href":"https:\/\/www.europesays.com\/no\/wp-json\/wp\/v2\/media?parent=46921"}],"wp:term":[{"taxonomy":"category","embeddable":true,"href":"https:\/\/www.europesays.com\/no\/wp-json\/wp\/v2\/categories?post=46921"},{"taxonomy":"post_tag","embeddable":true,"href":"https:\/\/www.europesays.com\/no\/wp-json\/wp\/v2\/tags?post=46921"}],"curies":[{"name":"wp","href":"https:\/\/api.w.org\/{rel}","templated":true}]}}