{"id":46936,"date":"2025-09-28T05:15:07","date_gmt":"2025-09-28T05:15:07","guid":{"rendered":"https:\/\/www.europesays.com\/no\/46936\/"},"modified":"2025-09-28T05:15:07","modified_gmt":"2025-09-28T05:15:07","slug":"nye-angrep-flere-steder-i-ukraina-nrk-norge-oversikt-over-nyheter-fra-ulike-deler-av-landet","status":"publish","type":"post","link":"https:\/\/www.europesays.com\/no\/46936\/","title":{"rendered":"Nye angrep flere steder i Ukraina \u2013 NRK Norge \u2013 Oversikt over nyheter fra ulike deler av landet"},"content":{"rendered":"<p>Droner fl\u00f8y over byen og regionen rundt hovedstaden, og luftvernet kunne h\u00f8res i natten.<\/p>\n<p>Ved 6.20-tiden s\u00f8ndag morgen, norsk tid, p\u00e5g\u00e5r angrepet fortsatt.<\/p>\n<p><strong>Uavhengige observat\u00f8rer sier nattens angrep er et av de kraftigste mot Kyiv siden Russlands fullskalainvasjon for dr\u00f8yt tre og et halvt \u00e5r siden, skriver Reuters.<\/strong><\/p>\n<p>Hovedm\u00e5let for nattens angrep ser ut til \u00e5 ha v\u00e6rt Kyiv, der det rapporteres om flere skadde og skader p\u00e5 bolighus.<\/p>\n<p>Seks personer skadet, melder borgermester Vitalij Klytsjko.<\/p>\n<p>Byen Zaporizjzja ble ogs\u00e5 angrepet.\n<\/p>\n<p><img decoding=\"async\"   src=\"data:image\/gif;base64,R0lGODlhAQABAIAAAAAAAP\/\/\/yH5BAEAAAAALAAAAAABAAEAAAIBRAA7\" loading=\"eager\" alt=\"flere personer sitter p\u00e5 campingstoler i en gang. Bak dem er terminaler for \u00e5 kj\u00f8pe kollektivbilletter. \" title=\"Foto: Thomas Peter \/ Reuters \/ NTB\"\/><\/p>\n<p class=\"\">Innbyggerne i Kyiv ble bedt om \u00e5 s\u00f8ke tilflukt i tilfluktsrom. <\/p>\n<p>Foto: Thomas Peter \/ Reuters \/ NTB<\/p>\n<p>Alarmen gikk for \u00e5 varsle flyangrep over hele Ukraina, melder Reuters og viser til data fra det ukrainske luftforsvaret.<\/p>\n<p>\u2013 Det p\u00e5g\u00e5r et massivt angrep p\u00e5 Kyiv, hold dere i tilfluktsrommene, det skriver ordf\u00f8reren i Kyiv Vitalij Klitsjko p\u00e5 Telegram like etter klokka 05.<\/p>\n<p>Avisa Kyiv Independent skriver at det p\u00e5g\u00e5r kraftig bombing av Kyiv, og at andre byer ogs\u00e5 angripes med droner og raketter.<\/p>\n<p>Polske og allierte fly p\u00e5 vingene<\/p>\n<p>Polen har sammen med flere allierte sendt fly p\u00e5 vingene natt til s\u00f8ndag i forbindelse med et russisk angrep mot Ukraina, opplyser det polske forsvaret.<\/p>\n<p>Luftrommet over to byer \u00f8st i Polen, Lublin og Rzesz\u00f3w \u00f8st i Polen er stengt. \u00c5rsaken beskrives som uplanlagt milit\u00e6raktivitet for \u00e5 sikre rikets sikkerhet, if\u00f8lge Flightradar.<\/p>\n<p>Det polske forsvaret sier at m\u00e5let med \u00e5 sende fly p\u00e5 vingene er forebyggende og skal sikre luftrommet i omr\u00e5der som grenser opp mot omr\u00e5det som trues.<\/p>\n<p>Det er ikke kommet meldinger om krenkelser av polsk luftrom under angrepet natt til s\u00f8ndag.<\/p>\n<p>Publisert<\/p>\n<p>28.09.2025, kl. 06.32<\/p>\n<p>Oppdatert<\/p>\n<p>28.09.2025, kl. 07.04<\/p>\n","protected":false},"excerpt":{"rendered":"Droner fl\u00f8y over byen og regionen rundt hovedstaden, og luftvernet kunne h\u00f8res i natten. Ved 6.20-tiden s\u00f8ndag morgen,&hellip;\n","protected":false},"author":2,"featured_media":46937,"comment_status":"","ping_status":"","sticky":false,"template":"","format":"standard","meta":{"footnotes":""},"categories":[12],"tags":[20,21,24,25,15,22,23,13,30,28,29,14,16,26,27,42,43,44,45],"class_list":{"0":"post-46936","1":"post","2":"type-post","3":"status-publish","4":"format-standard","5":"has-post-thumbnail","7":"category-verden","8":"tag-breaking-news","9":"tag-breakingnews","10":"tag-featured-news","11":"tag-featurednews","12":"tag-headlines","13":"tag-latest-news","14":"tag-latestnews","15":"tag-news","16":"tag-no","17":"tag-norge","18":"tag-norway","19":"tag-nyheter","20":"tag-overskrifter","21":"tag-top-stories","22":"tag-topstories","23":"tag-verden","24":"tag-world","25":"tag-world-news","26":"tag-worldnews"},"share_on_mastodon":{"url":"","error":""},"_links":{"self":[{"href":"https:\/\/www.europesays.com\/no\/wp-json\/wp\/v2\/posts\/46936","targetHints":{"allow":["GET"]}}],"collection":[{"href":"https:\/\/www.europesays.com\/no\/wp-json\/wp\/v2\/posts"}],"about":[{"href":"https:\/\/www.europesays.com\/no\/wp-json\/wp\/v2\/types\/post"}],"author":[{"embeddable":true,"href":"https:\/\/www.europesays.com\/no\/wp-json\/wp\/v2\/users\/2"}],"replies":[{"embeddable":true,"href":"https:\/\/www.europesays.com\/no\/wp-json\/wp\/v2\/comments?post=46936"}],"version-history":[{"count":0,"href":"https:\/\/www.europesays.com\/no\/wp-json\/wp\/v2\/posts\/46936\/revisions"}],"wp:featuredmedia":[{"embeddable":true,"href":"https:\/\/www.europesays.com\/no\/wp-json\/wp\/v2\/media\/46937"}],"wp:attachment":[{"href":"https:\/\/www.europesays.com\/no\/wp-json\/wp\/v2\/media?parent=46936"}],"wp:term":[{"taxonomy":"category","embeddable":true,"href":"https:\/\/www.europesays.com\/no\/wp-json\/wp\/v2\/categories?post=46936"},{"taxonomy":"post_tag","embeddable":true,"href":"https:\/\/www.europesays.com\/no\/wp-json\/wp\/v2\/tags?post=46936"}],"curies":[{"name":"wp","href":"https:\/\/api.w.org\/{rel}","templated":true}]}}