{"id":46957,"date":"2025-09-28T06:07:11","date_gmt":"2025-09-28T06:07:11","guid":{"rendered":"https:\/\/www.europesays.com\/no\/46957\/"},"modified":"2025-09-28T06:07:11","modified_gmt":"2025-09-28T06:07:11","slug":"hendelser-porsgrunn-slasskamp-mellom-flere-ungdommer","status":"publish","type":"post","link":"https:\/\/www.europesays.com\/no\/46957\/","title":{"rendered":"Hendelser, Porsgrunn | Sl\u00e5sskamp mellom flere ungdommer"},"content":{"rendered":"\n<p>Klokken 20.57, l\u00f8rdag kveld, mottok politiet en melding om en sl\u00e5sskamp i Deichmanns gate i Porsgrunn.<\/p>\n<p>Operasjonsleder Ottar Steinst\u00f8 hos S\u00f8r-\u00d8st politidistrikt opplyser at det skal v\u00e6re en gjeng ungdommer som er involvert i sl\u00e5sskampen.<\/p>\n<p>Da politiet kom frem til stedet l\u00f8p det ungdommer i alle retninger. Noen ble st\u00e5ende igjen p\u00e5 stedet. De kunne opplyse til politiet at personene som l\u00f8p var dem som hadde deltatt i sl\u00e5sskampen.<\/p>\n<p>(Artikkelen fortsetter under bildet)<\/p>\n<p>   <img decoding=\"async\" width=\"4032\" height=\"3024\" fetchpriority=\"low\"  loading=\"lazy\"  src=\"https:\/\/www.europesays.com\/no\/wp-content\/uploads\/2025\/09\/deich2.jpg\" alt=\"\" class=\"brick-c-cFOWSL\" style=\"--brick-image-ratio: 4032 \/ 3024;\"\/><\/p>\n<p>    sl\u00e5ssing<br \/>\n    Foto: Rolf Hansen\n  <\/p>\n<p>  Stor utrykning<\/p>\n<p>TAs fotograf p\u00e5 stedet melder at politi rykket ut med flere patruljer. Det var ogs\u00e5 flere ambulanser p\u00e5 plass p\u00e5 stedet.<\/p>\n<p>Patruljen p\u00e5 stedet melder at det er snakk om ungdommer i alderstrinn 10. klasse. Politiet ber om at foreldre i omr\u00e5det som har ungdommer i dette alderstrinnet, ringer sin og f\u00e5r de hjem.<\/p>\n<p>Flere ubudne gjester<\/p>\n<p>I en oppdatert melding senere p\u00e5 kvelden melder operasjonsleder Steinst\u00f8 at ungdommene kom fra en fest i omr\u00e5det. P\u00e5 denne festen hadde det kommet flere ubudne gjester, noe som f\u00f8rte til sl\u00e5ssing.<\/p>\n<p>&#8211; Ingen er alvorlig skadet, men en del ungdommer har f\u00e5tt noen slag og spark. En patrulje kj\u00f8rte hjem to fulle jenter som spydde i politibilen, melder Steinst\u00f8.<\/p>\n","protected":false},"excerpt":{"rendered":"Klokken 20.57, l\u00f8rdag kveld, mottok politiet en melding om en sl\u00e5sskamp i Deichmanns gate i Porsgrunn. Operasjonsleder Ottar&hellip;\n","protected":false},"author":2,"featured_media":46958,"comment_status":"","ping_status":"","sticky":false,"template":"","format":"standard","meta":{"footnotes":""},"categories":[5],"tags":[36,20,21,24,25,15,168,19,22,23,17,18,13,30,28,29,14,16,254,1370,2126,1510,26,27],"class_list":{"0":"post-46957","1":"post","2":"type-post","3":"status-publish","4":"format-standard","5":"has-post-thumbnail","7":"category-overskrifter","8":"tag-art","9":"tag-breaking-news","10":"tag-breakingnews","11":"tag-featured-news","12":"tag-featurednews","13":"tag-headlines","14":"tag-hendelser","15":"tag-hovedoppslag","16":"tag-latest-news","17":"tag-latestnews","18":"tag-main-news","19":"tag-mainnews","20":"tag-news","21":"tag-no","22":"tag-norge","23":"tag-norway","24":"tag-nyheter","25":"tag-overskrifter","26":"tag-politi","27":"tag-porsgrunn","28":"tag-slasskamp","29":"tag-story","30":"tag-top-stories","31":"tag-topstories"},"share_on_mastodon":{"url":"","error":""},"_links":{"self":[{"href":"https:\/\/www.europesays.com\/no\/wp-json\/wp\/v2\/posts\/46957","targetHints":{"allow":["GET"]}}],"collection":[{"href":"https:\/\/www.europesays.com\/no\/wp-json\/wp\/v2\/posts"}],"about":[{"href":"https:\/\/www.europesays.com\/no\/wp-json\/wp\/v2\/types\/post"}],"author":[{"embeddable":true,"href":"https:\/\/www.europesays.com\/no\/wp-json\/wp\/v2\/users\/2"}],"replies":[{"embeddable":true,"href":"https:\/\/www.europesays.com\/no\/wp-json\/wp\/v2\/comments?post=46957"}],"version-history":[{"count":0,"href":"https:\/\/www.europesays.com\/no\/wp-json\/wp\/v2\/posts\/46957\/revisions"}],"wp:featuredmedia":[{"embeddable":true,"href":"https:\/\/www.europesays.com\/no\/wp-json\/wp\/v2\/media\/46958"}],"wp:attachment":[{"href":"https:\/\/www.europesays.com\/no\/wp-json\/wp\/v2\/media?parent=46957"}],"wp:term":[{"taxonomy":"category","embeddable":true,"href":"https:\/\/www.europesays.com\/no\/wp-json\/wp\/v2\/categories?post=46957"},{"taxonomy":"post_tag","embeddable":true,"href":"https:\/\/www.europesays.com\/no\/wp-json\/wp\/v2\/tags?post=46957"}],"curies":[{"name":"wp","href":"https:\/\/api.w.org\/{rel}","templated":true}]}}