{"id":46961,"date":"2025-09-28T06:17:07","date_gmt":"2025-09-28T06:17:07","guid":{"rendered":"https:\/\/www.europesays.com\/no\/46961\/"},"modified":"2025-09-28T06:17:07","modified_gmt":"2025-09-28T06:17:07","slug":"14-oktober-2025-darlige-nyheter-for-windows-10-brukere","status":"publish","type":"post","link":"https:\/\/www.europesays.com\/no\/46961\/","title":{"rendered":"14. oktober 2025: D\u00e5rlige nyheter for Windows 10-brukere"},"content":{"rendered":"<p>Microsoft har besluttet \u00e5 slutte med sikkerhetsoppdateringer og feilrettinger til Windows 10 fra 14. oktober 2025. Det markerer et viktig skille for brukere av det popul\u00e6re operativsystemet.<\/p>\n<p>Endringen betyr at millioner av brukere st\u00e5r uten offisiell st\u00f8tte, noe som gj\u00f8r systemene deres s\u00e5rbare for sikkerhetstrusler og tekniske problemer.<\/p>\n<p>Slutten p\u00e5 en \u00e6ra<\/p>\n<p>Windows 10 ble lansert i 2015 og har v\u00e6rt ett av Microsofts mest brukte operativsystemer.<\/p>\n<p>Men n\u00e5 n\u00e6rmer det seg slutten.<\/p>\n<p>Microsoft har offisielt bekreftet at st\u00f8tten avsluttes i 2025, noe som kan tvinge mange til \u00e5 oppgradere til Windows 11 \u2013 eller vurdere andre l\u00f8sninger.<\/p>\n<p>En talsperson for Microsoft understreker at det er viktig at brukerne er oppmerksomme p\u00e5 denne endringen, da den kan f\u00e5 store konsekvenser for b\u00e5de sikkerheten og funksjonaliteten p\u00e5 enhetene deres. Det melder ITavisen.<\/p>\n<p>Strenge krav skaper frustrasjon<\/p>\n<p>Windows 11 stiller strenge krav til maskinvare \u2013 blant annet krav om TPM 2.0 (Trusted Platform Module). Dette har allerede f\u00f8rt til frustrasjon hos mange brukere.<\/p>\n<p>Mange eldre datamaskiner oppfyller ikke disse kravene, noe som gj\u00f8r det umulig \u00e5 oppgradere uten f\u00f8rst \u00e5 investere i ny maskinvare.<\/p>\n<p>Kritikken har ikke latt vente p\u00e5 seg, spesielt blant dem som f\u00f8ler seg utelatt fra muligheten til \u00e5 holde systemene sine sikre og oppdaterte.<\/p>\n<p>En Reddit-bruker med navnet &laquo;Man_of_Microwaves&raquo; uttrykker sin misn\u00f8ye og kaller kravene en \u00abun\u00f8dvendig barriere\u00bb for de som \u00f8nsker \u00e5 ivareta sikkerheten p\u00e5 datamaskinen sin.<\/p>\n<p>Hva kan brukerne gj\u00f8re?<\/p>\n<p>Brukere som fortsatt har Windows 10, st\u00e5r n\u00e5 overfor et viktig valg: oppgradere maskinvaren for \u00e5 m\u00f8te kravene til Windows 11, eller vurdere alternative operativsystemer som fortsatt f\u00e5r st\u00f8tte.<\/p>\n<p>Eksperter anbefaler \u00e5 vurdere mulighetene n\u00f8ye \u2013 enten det er snakk om \u00e5 oppgradere utstyret eller bytte til et annet system.<\/p>\n<p>N\u00e5r sikkerheten st\u00e5r p\u00e5 spill, er det avgj\u00f8rende \u00e5 planlegge neste steg allerede n\u00e5 \u2013 for \u00e5 unng\u00e5 problemer i fremtiden.<\/p>\n<p>Dette er en p\u00e5minnelse om at teknologiske avgj\u00f8relser b\u00f8r tas i tide \u2013 spesielt n\u00e5r st\u00f8tten for dagens system g\u00e5r mot slutten.<\/p>\n","protected":false},"excerpt":{"rendered":"Microsoft har besluttet \u00e5 slutte med sikkerhetsoppdateringer og feilrettinger til Windows 10 fra 14. oktober 2025. Det markerer&hellip;\n","protected":false},"author":2,"featured_media":46962,"comment_status":"","ping_status":"","sticky":false,"template":"","format":"standard","meta":{"footnotes":""},"categories":[57],"tags":[30,28,29,65,63,64,66,70,69,67,68],"class_list":{"0":"post-46961","1":"post","2":"type-post","3":"status-publish","4":"format-standard","5":"has-post-thumbnail","7":"category-vitenskap-og-teknologi","8":"tag-no","9":"tag-norge","10":"tag-norway","11":"tag-science","12":"tag-science-and-technology","13":"tag-scienceandtechnology","14":"tag-technology","15":"tag-teknologi","16":"tag-vitenskap","17":"tag-vitenskap-og-teknologi","18":"tag-vitenskapteknologi"},"share_on_mastodon":{"url":"","error":""},"_links":{"self":[{"href":"https:\/\/www.europesays.com\/no\/wp-json\/wp\/v2\/posts\/46961","targetHints":{"allow":["GET"]}}],"collection":[{"href":"https:\/\/www.europesays.com\/no\/wp-json\/wp\/v2\/posts"}],"about":[{"href":"https:\/\/www.europesays.com\/no\/wp-json\/wp\/v2\/types\/post"}],"author":[{"embeddable":true,"href":"https:\/\/www.europesays.com\/no\/wp-json\/wp\/v2\/users\/2"}],"replies":[{"embeddable":true,"href":"https:\/\/www.europesays.com\/no\/wp-json\/wp\/v2\/comments?post=46961"}],"version-history":[{"count":0,"href":"https:\/\/www.europesays.com\/no\/wp-json\/wp\/v2\/posts\/46961\/revisions"}],"wp:featuredmedia":[{"embeddable":true,"href":"https:\/\/www.europesays.com\/no\/wp-json\/wp\/v2\/media\/46962"}],"wp:attachment":[{"href":"https:\/\/www.europesays.com\/no\/wp-json\/wp\/v2\/media?parent=46961"}],"wp:term":[{"taxonomy":"category","embeddable":true,"href":"https:\/\/www.europesays.com\/no\/wp-json\/wp\/v2\/categories?post=46961"},{"taxonomy":"post_tag","embeddable":true,"href":"https:\/\/www.europesays.com\/no\/wp-json\/wp\/v2\/tags?post=46961"}],"curies":[{"name":"wp","href":"https:\/\/api.w.org\/{rel}","templated":true}]}}