{"id":47011,"date":"2025-09-28T07:33:29","date_gmt":"2025-09-28T07:33:29","guid":{"rendered":"https:\/\/www.europesays.com\/no\/47011\/"},"modified":"2025-09-28T07:33:29","modified_gmt":"2025-09-28T07:33:29","slug":"dagens-horoskop-for-sondag-28-september","status":"publish","type":"post","link":"https:\/\/www.europesays.com\/no\/47011\/","title":{"rendered":"Dagens horoskop for s\u00f8ndag 28. september"},"content":{"rendered":"<p>Hver dag vil v\u00e5r astrolog Sol gi deg et innblikk i fremtiden. Er du nysgjerrig p\u00e5 kj\u00e6rlighet, jobb, \u00f8konomi, venner eller kanskje familie? La stjernetegnet ditt vise vei. Pssst, <a href=\"https:\/\/www.kk.no\/horoskop\" rel=\"nofollow noopener\" target=\"_blank\">her finner du v\u00e5rt ukeshoroskop<\/a>.<\/p>\n<p class=\"font-weight-bold m-font-weight-bold\" data-lab-font_weight=\"font-weight-bold\">Nedenfor finner du horoskopet for s\u00f8ndag 28. september.<\/p>\n<p>    KKs Astrolog<\/p>\n<ul>\n<li>Sol W. Jonassen (46).<\/li>\n<li>Utdannet Evolusjon\u00e6r Astrolog, Soulflow terapeut og meditasjonsinstrukt\u00f8r.<\/li>\n<li>Har jobbet internasjonalt med \u00e5 holde foredrag og undervise i 20 \u00e5r.<\/li>\n<\/ul>\n<p>      Vis mer<br \/>\n      Vis mindre<\/p>\n<p>V\u00c6REN\t<\/p>\n<p>F\u00f8dt: 21. mars\u201320. april<\/p>\n<p> Hvis<br \/>\ndet i det siste har v\u00e6rt vanskelig \u00e5 se klart \u2013 der kompliserte omstendigheter,<br \/>\nandres behov og dine egne tanker og f\u00f8lelser har gjort det umulig \u00e5 ta tydelige<br \/>\nvalg, kan du n\u00e5 merke at t\u00e5ken er i ferd med \u00e5 lette. Plutselig ser du gjennom<br \/>\ndet som bare var illusjoner. Du oppdager at du har flere muligheter enn du<br \/>\ntrodde, og det gir deg en dypere f\u00f8lelse av trygghet og ro. N\u00e5 beh\u00f8ver du ikke<br \/>\nlenger \u00e5 stresse med at \u00e9n bestemt ting m\u00e5 falle p\u00e5 plass. Ha tillit til at det<br \/>\nsom skjer, er det som b\u00f8r skje. Du vil heller ha sannhet enn illusjon. <\/p>\n<p>    <a itemprop=\"url\" href=\"https:\/\/www.kk.no\/horoskop\/dette-stjernetegnet-er-oftest-singel-og-dette-er-alltid-i-et-forhold\/83612210\" rel=\"nofollow noopener\" target=\"_blank\"><\/p>\n<p>      <img loading=\"lazy\" decoding=\"async\" src=\"https:\/\/www.europesays.com\/no\/wp-content\/uploads\/2025\/09\/1759044797_417_83612301.webp\" width=\"980\" height=\"441\" title=\"Dette stjernetegnet er oftest singel\" alt=\"\" class=\"lazyload\" style=\"--aspect-ratio-image: 2.22; \"\/><\/p>\n<p>        Dette stjernetegnet er oftest singel<\/p>\n<p>    <\/a><\/p>\n<p>    <a itemprop=\"url\" href=\"https:\/\/www.kk.no\/livet\/ingen-gledens-dag-da-pappa-slapp-ut-av-fengsel-2\/83605258\" rel=\"nofollow noopener\" target=\"_blank\"><\/p>\n<p>      <img loading=\"lazy\" decoding=\"async\" src=\"https:\/\/www.europesays.com\/no\/wp-content\/uploads\/2025\/09\/83606720.webp\" width=\"980\" height=\"441\" title=\"\u2013 Ingen gledens dag da pappa slapp ut av fengsel\" alt=\"\" class=\"lazyload\" style=\"--aspect-ratio-image: 2.22; \"\/><\/p>\n<p>        \u2013 Ingen gledens dag da pappa slapp ut av fengsel<\/p>\n<p>    <\/a><\/p>\n<p>TYREN\t<\/p>\n<p>F\u00f8dt: 21. april\u201321. mai<\/p>\n<p> En<br \/>\ngod id\u00e9 kan vekke mye entusiasme, men til syvende og sist er det fortsatt bare<br \/>\nen id\u00e9. Siden du fra naturens side er b\u00e5de fornuftig og pragmatisk, m\u00e5 du g\u00e5<br \/>\nnoen runder med deg selv f\u00f8r du hiver deg p\u00e5. Har du tid, penger og energi nok<br \/>\ntil \u00e5 fullf\u00f8re? Er du allerede opptatt med mye annet, trenger du kanskje ikke<br \/>\nenda mer \u00e5 holde styr p\u00e5. Likevel er dette en virkelig god id\u00e9, en som, hvis du<br \/>\nf\u00e5r den til, kan gj\u00f8re livet ditt langt enklere. Ta den p\u00e5 alvor, men la den<br \/>\nsynke inn f\u00f8rst. Dette er en visjon det er verdt \u00e5 suge til seg og vurdere<br \/>\nn\u00f8ye. <\/p>\n<p>    <a itemprop=\"url\" href=\"https:\/\/www.kk.no\/mamma\/na-far-flere-barn-denne-typen-navn\/83600270\" rel=\"nofollow noopener\" target=\"_blank\"><\/p>\n<p>      <img loading=\"lazy\" decoding=\"async\" src=\"https:\/\/www.europesays.com\/no\/wp-content\/uploads\/2025\/09\/83600539.webp\" width=\"980\" height=\"441\" title=\"N\u00e5 f\u00e5r flere barn navn relatert til dette\" alt=\"\" class=\"lazyload\" style=\"--aspect-ratio-image: 2.22; \"\/><\/p>\n<p>        N\u00e5 f\u00e5r flere barn navn relatert til dette<\/p>\n<p>    <\/a><\/p>\n<p>TVILLINGENE\t<\/p>\n<p>F\u00f8dt: 22. mai\u201321. juni<\/p>\n<p> Kroppen<br \/>\ner et samspill av hormoner, nervesystem, f\u00f8lelser og tanker. N\u00e5r dette<br \/>\nsamspillet ikke flyter som det skal, kan det oppst\u00e5 en f\u00f8lelse av blokkering.<br \/>\nEnergien blir tung, inspirasjonen uteblir, og tankene preges av negativitet.<br \/>\nDet er ingen god opplevelse, men det skjer n\u00e5r ubalanser og forstyrrelser f\u00e5r<br \/>\novertaket. Det du ikke v\u00e5ger eller velger \u00e5 uttrykke, blir liggende p\u00e5 innsiden<br \/>\nog begynner \u00e5 hindre fri flyt. N\u00e5 er tiden inne til \u00e5 l\u00f8sne p\u00e5 slusene. Gi<br \/>\nslipp, la energien puste, og kjenn hvordan str\u00f8mmen igjen finner sitt frie l\u00f8p. <\/p>\n<p>    <a itemprop=\"url\" href=\"https:\/\/www.kk.no\/samliv\/maria-34-er-i-ferd-med-a-gi-opp-kjaerestejakten-nar-er-de-egentlig-klare\/82634142\" rel=\"nofollow noopener\" target=\"_blank\"><\/p>\n<p>      <img loading=\"lazy\" decoding=\"async\" src=\"https:\/\/www.europesays.com\/no\/wp-content\/uploads\/2025\/09\/82642667.webp\" width=\"980\" height=\"441\" title=\"Maria (34) er i ferd med \u00e5 gi opp kj\u00e6restejakten: - N\u00e5r er de egentlig \u00abklare\u00bb?\" alt=\"\" class=\"lazyload\" style=\"--aspect-ratio-image: 2.22; \"\/><\/p>\n<p>        Maria (34) er i ferd med \u00e5 gi opp kj\u00e6restejakten: &#8211; N\u00e5r er de egentlig \u00abklare\u00bb?<\/p>\n<p>    <\/a><\/p>\n<p>KREPSEN\t<\/p>\n<p>F\u00f8dt: 22. juni\u201322. juli<\/p>\n<p> Du<br \/>\ntrenger \u00e5 f\u00e5 kroppen i bedre flyt, og har du allerede begynt \u00e5 pleie den med<br \/>\nmer omsorg, vil du n\u00e5 kjenne deg motivert til \u00e5 pr\u00f8ve noe nytt som kan styrke<br \/>\ndenne utviklingen. Selv om du helst holder deg innenfor komfortsonen, ligger<br \/>\nveksten nettopp i \u00e5 g\u00e5 litt imot motstanden og gj\u00f8re det likevel. Da vil du<br \/>\noppdage at b\u00e5de selvtilliten og mestringsf\u00f8lelsen vokser. Alle store<br \/>\nforandringer starter med et lite skritt, og har du lenge n\u00f8lt med \u00e5 sette i<br \/>\ngang med noe du har hatt lyst til, er denne s\u00f8ndagen det perfekte tidspunktet. <\/p>\n<p>    <a itemprop=\"url\" href=\"https:\/\/www.kk.no\/kultur\/disse-stjernetegnene-passer-best-sammen\/67984373\" rel=\"nofollow noopener\" target=\"_blank\"><\/p>\n<p>      <img loading=\"lazy\" decoding=\"async\" src=\"https:\/\/www.europesays.com\/no\/wp-content\/uploads\/2025\/09\/1759044802_246_67984383.webp\" width=\"980\" height=\"441\" title=\"Disse stjernetegnene passer best sammen\" alt=\"\" class=\"lazyload\" style=\"--aspect-ratio-image: 2.22; \"\/><\/p>\n<p>        Disse stjernetegnene passer best sammen<\/p>\n<p>    <\/a><\/p>\n<p>L\u00d8VEN\t<\/p>\n<p>F\u00f8dt: 23. juli\u201323. august<\/p>\n<p> N\u00e5<br \/>\nhar noe l\u00f8snet, og det kan f\u00f8les enormt befriende. M\u00e5nen har beveget seg inn i<br \/>\ndin sektor for kreativitet, og selvtilliten er p\u00e5 vei opp igjen. Det gir deg<br \/>\nmot til \u00e5 ta initiativ og bruke tiden p\u00e5 det som virkelig gir mening. Du er<br \/>\nikke f\u00f8dt til \u00e5 kjede deg, men ingen kan v\u00e6re kreativ og inspirert hele tiden.<br \/>\nDu kan dr\u00f8mme om \u00e5 brenne lyset i begge ender og presse deg selv til nye<br \/>\nh\u00f8yder, men det er ikke alltid b\u00e6rekraftig. N\u00e5r du gir deg selv rom til hvile<br \/>\nog p\u00e5fyll, kommer inspirasjonen tilbake f\u00f8r du aner det. <\/p>\n<p>    <a itemprop=\"url\" href=\"https:\/\/www.kk.no\/helse\/hanne-kan-sitte-ved-siden-av-mannen-sin-og-lengte-etter-eksen\/82711345\" rel=\"nofollow noopener\" target=\"_blank\"><\/p>\n<p>      <img loading=\"lazy\" decoding=\"async\" src=\"https:\/\/www.europesays.com\/no\/wp-content\/uploads\/2025\/09\/82851566.webp\" width=\"980\" height=\"441\" title=\"Hanne kan sitte ved siden av mannen sin - og lengte etter eksen\" alt=\"\" class=\"lazyload\" style=\"--aspect-ratio-image: 2.22; \"\/><\/p>\n<p>        Hanne kan sitte ved siden av mannen sin &#8211; og lengte etter eksen <\/p>\n<p>    <\/a><\/p>\n<p>JOMFRUEN\t<\/p>\n<p>F\u00f8dt: 24. august\u201323. september<\/p>\n<p> En<br \/>\nb\u00f8lge av selvtillit skyller over deg og gir deg mot til \u00e5 starte p\u00e5 noe du<br \/>\ntidligere ikke trodde var mulig. Kanskje har du endelig innsett at n\u00f8kkelen<br \/>\nligger i \u00e5 m\u00f8te utfordringer med nysgjerrighet, villig til \u00e5 l\u00e6re underveis og<br \/>\nakseptere at du ikke vet alt f\u00f8r du har pr\u00f8vd. Fleksibilitet er stikkordet, og<br \/>\ndet er gjennom feil at du vokser. N\u00e5r du gir deg selv rom til \u00e5 eksperimentere,<br \/>\nleke og ha det g\u00f8y, kan selv det du har gruet deg til \u00e5 bli en l\u00e6rerik og<br \/>\nminneverdig opplevelse. Du kan mye mer enn du tror, gi deg selv lov til \u00e5 tro<br \/>\np\u00e5 det. <\/p>\n<p>    <a itemprop=\"url\" href=\"https:\/\/www.kk.no\/samliv\/kvinne-37-jeg-kjeder-meg-sann-i-senga\/82043354\" rel=\"nofollow noopener\" target=\"_blank\"><\/p>\n<p>      <img loading=\"lazy\" decoding=\"async\" src=\"https:\/\/www.europesays.com\/no\/wp-content\/uploads\/2025\/09\/82049285.webp\" width=\"980\" height=\"441\" title=\"Kvinne (37): - Jeg kjeder meg s\u00e5nn i senga\" alt=\"\" class=\"lazyload\" style=\"--aspect-ratio-image: 2.22; \"\/><\/p>\n<p>        Kvinne (37): &#8211; Jeg kjeder meg s\u00e5nn i senga<\/p>\n<p>    <\/a><\/p>\n<p>VEKTEN\t<\/p>\n<p>F\u00f8dt: 24. september\u201323. oktober<\/p>\n<p> Dagens<br \/>\nkosmos er som rosinen i p\u00f8lsa \u2013 vinden bl\u00e5ser i din fav\u00f8r, og kj\u00e6rligheten<br \/>\nflyter fritt, akkurat slik du liker det. M\u00e5nen beveger seg gjennom din sektor<br \/>\nfor kommunikasjon, og en god samtale med en du er glad i kan minne deg p\u00e5 at<br \/>\ndette er et forhold verdt \u00e5 gi mer oppmerksomhet. Den andre m\u00f8ter deg med<br \/>\nnysgjerrighet og \u00e5penhet, noe som gir deg f\u00f8lelsen av \u00e5 bli b\u00e5de sett og h\u00f8rt.<br \/>\nDu er en utmerket lytter, men n\u00e5 er det ogs\u00e5 din tur til \u00e5 ta plass. Gjelder<br \/>\ndet en gryende forelskelse, vil du glede deg over hvor lett det er \u00e5 v\u00e6re deg<br \/>\nselv. <\/p>\n<p>    <a itemprop=\"url\" href=\"https:\/\/www.kk.no\/mote\/na-gjor-disse-buksene-comeback\/83604378\" rel=\"nofollow noopener\" target=\"_blank\"><\/p>\n<p>      <img loading=\"lazy\" decoding=\"async\" src=\"https:\/\/www.europesays.com\/no\/wp-content\/uploads\/2025\/09\/83604656.webp\" width=\"980\" height=\"441\" title=\"N\u00e5 gj\u00f8r disse buksene comeback\" alt=\"\" class=\"lazyload\" style=\"--aspect-ratio-image: 2.22; \"\/><\/p>\n<p>        N\u00e5 gj\u00f8r disse buksene comeback<\/p>\n<p>    <\/a><\/p>\n<p>SKORPIONEN\t<\/p>\n<p>F\u00f8dt: 24. oktober\u201322. november<\/p>\n<p> Dette<br \/>\ner ikke dagen for \u00e5 hvile p\u00e5 laurb\u00e6rene eller la timene renne bort mens du ser<br \/>\nskyene drive forbi. F\u00f8lger du inspirasjonen som kommer innenfra, vil du bruke<br \/>\ndagen til fulle, og med god grunn. N\u00e5 som Mars er i tegnet ditt, m\u00e5 du ikke la<br \/>\nsjanser gli fra deg. Dette kan v\u00e6re gnisten du har ventet p\u00e5! Har du utsatt et<br \/>\nprosjekt hjemme, er dette et perfekt tidspunkt \u00e5 sette i gang. V\u00e6r samtidig<br \/>\npresis i kommunikasjonen med andre. F\u00e5r du gitt beskjed i tide, kan du unng\u00e5<br \/>\nmye un\u00f8dvendig stress. <\/p>\n<p>SKYTTEN<\/p>\n<p>F\u00f8dt: 23. november\u201321. desember<\/p>\n<p> En<br \/>\nperson du har stolt p\u00e5 eller sett opp til kan i dag vise en side som f\u00e5r deg<br \/>\ntil \u00e5 tvile p\u00e5 din egen evne til \u00e5 lese mennesker. Kanskje har du tatt feil,<br \/>\neller kanskje har du plassert vedkommende p\u00e5 en pidestall de egentlig aldri<br \/>\nskulle st\u00e5tt p\u00e5. Det er godt mulig at personen bare har en d\u00e5rlig dag, og at<br \/>\ndet du ser n\u00e5, er en mer \u00e6rlig og menneskelig side. Dette kan faktisk utligne<br \/>\nen ubalanse som har ligget mellom dere, og gi deg f\u00f8lelsen av \u00e5 ta tilbake din<br \/>\negen kraft. I prosessen kan du ogs\u00e5 oppdage at du evner \u00e5 verdsette deg selv<br \/>\nh\u00f8yere. <\/p>\n<p>    <a itemprop=\"url\" href=\"https:\/\/www.kk.no\/livet\/da-kunne-jeg-ikke-skjule-det-lenger\/83603249\" rel=\"nofollow noopener\" target=\"_blank\"><\/p>\n<p>      <img loading=\"lazy\" decoding=\"async\" src=\"https:\/\/www.europesays.com\/no\/wp-content\/uploads\/2025\/09\/83604711.webp\" width=\"980\" height=\"441\" title=\"- Da kunne jeg ikke skjule det lenger\" alt=\"\" class=\"lazyload\" style=\"--aspect-ratio-image: 2.22; \"\/><\/p>\n<p>        &#8211; Da kunne jeg ikke skjule det lenger<\/p>\n<p>    <\/a><\/p>\n<p>STEINBUKKEN<\/p>\n<p>F\u00f8dt: 22. desember\u201320. januar<\/p>\n<p>M\u00e5nen seiler n\u00e5 gjennom din sektor for<br \/>\nspiritualitet og sannhet, og du kjenner behovet for \u00e5 gj\u00f8re noe som n\u00e6rer disse<br \/>\nsidene av deg selv. Det kan v\u00e6re s\u00e5 enkelt som \u00e5 jobbe i fred og ro i hagen,<br \/>\ndet spiller mindre rolle hva du gj\u00f8r, s\u00e5 lenge du f\u00e5r muligheten til \u00e5 sitte<br \/>\nmed dine egne tanker og finne ro. Lengselen etter stillhet kan f\u00e5 deg til \u00e5<br \/>\nlegge bort telefonen og heller bruke tid p\u00e5 \u00e5 lese en bok som gir rom for<br \/>\nettertanke, eller h\u00f8re p\u00e5 en podkast som setter ditt eget liv i et nytt lys.<br \/>\nV\u00e6r \u00e5pen og mottakelig for hvor intuisjonen din leder deg, den viser deg mer<br \/>\nenn du tror.<\/p>\n<p>    <a itemprop=\"url\" href=\"https:\/\/www.kk.no\/helse\/ikke-gjor-dette\/83599271\" rel=\"nofollow noopener\" target=\"_blank\"><\/p>\n<p>      <img loading=\"lazy\" decoding=\"async\" src=\"https:\/\/www.europesays.com\/no\/wp-content\/uploads\/2025\/09\/83571083.webp\" width=\"980\" height=\"441\" title=\"- Ikke gj\u00f8r dette!\" alt=\"\" class=\"lazyload\" style=\"--aspect-ratio-image: 2.22; \"\/><\/p>\n<p>        &#8211; Ikke gj\u00f8r dette!<\/p>\n<p>    <\/a><\/p>\n<p>VANNMANNEN<\/p>\n<p>F\u00f8dt: 21. januar\u201318. februar<\/p>\n<p> Det<br \/>\ndu fors\u00f8ker \u00e5 finne ut av n\u00e5, er knyttet til fremtiden din, og beslutningen du<br \/>\ntar kan f\u00e5 store ringvirkninger. Det gj\u00f8r den ekstra viktig. Innerst inne vet<br \/>\ndu allerede hva du skal gj\u00f8re, men det betyr ikke at valget er enkelt. Du har<br \/>\nvokst som menneske, og med det mister visse aspekter av livet ditt sin<br \/>\nbetydning. N\u00e5 kan det v\u00e6re tid for \u00e5 lukke en d\u00f8r til noe som en gang var sv\u00e6rt<br \/>\nviktig for deg. Det krever mot \u00e5 ta det steget, men vit at n\u00e5r du f\u00f8rst har<br \/>\nbestemt deg, er det ingen vei tilbake, bare en ny vei fremover. <\/p>\n<p>    <a itemprop=\"url\" href=\"https:\/\/www.kk.no\/livet\/etterpa-tenkte-jeg-hvordan-klarte-jeg-a-ikke-se-det\/83600233\" rel=\"nofollow noopener\" target=\"_blank\"><\/p>\n<p>      <img loading=\"lazy\" decoding=\"async\" src=\"https:\/\/www.europesays.com\/no\/wp-content\/uploads\/2025\/09\/83610033.webp\" width=\"980\" height=\"441\" title=\"- Etterp\u00e5 tenkte jeg: \u00abHvordan klarte jeg \u00e5 ikke se det?\u00bb\" alt=\"\" class=\"lazyload\" style=\"--aspect-ratio-image: 2.22; \"\/><\/p>\n<p>        &#8211; Etterp\u00e5 tenkte jeg: \u00abHvordan klarte jeg \u00e5 ikke se det?\u00bb<\/p>\n<p>    <\/a><\/p>\n<p>FISKENE<\/p>\n<p>F\u00f8dt: 19. februar\u201320. mars<\/p>\n<p> I<br \/>\ndag gjelder det \u00e5 v\u00e6re rask p\u00e5 labben i dag og ta ting som de kommer. Skulle et<br \/>\nproblem dukke opp, vil din evne til \u00e5 v\u00e6re snarr\u00e5dig s\u00f8rge for et positivt<br \/>\nutfall. Med din sterke intuisjon er det lett for deg \u00e5 finne kreative l\u00f8sninger<br \/>\nog gj\u00f8re det beste ut av enhver situasjon. Handler det om noen du er glad i som<br \/>\nikke har det s\u00e5 bra, kan det virke riktig \u00e5 gi dem rom. Men dersom du f\u00e5r en<br \/>\ntydelig f\u00f8lelse av at en prat er det som trengs, b\u00f8r du ikke n\u00f8le. Den ene<br \/>\nsamtalen kan v\u00e6re nok til \u00e5 l\u00f8sne opp i alt. <\/p>\n<p>    <a itemprop=\"url\" href=\"https:\/\/www.kk.no\/kultur\/denne-treningen-passer-for-deg\/67987682\" rel=\"nofollow noopener\" target=\"_blank\"><\/p>\n<p>      <img loading=\"lazy\" decoding=\"async\" src=\"https:\/\/www.europesays.com\/no\/wp-content\/uploads\/2025\/09\/1759044809_526_67987690.webp\" width=\"980\" height=\"441\" title=\"Denne treningen passer for deg\" alt=\"\" class=\"lazyload\" style=\"--aspect-ratio-image: 2.22; \"\/><\/p>\n<p>        Denne treningen passer for deg<\/p>\n<p>    <\/a><\/p>\n","protected":false},"excerpt":{"rendered":"Hver dag vil v\u00e5r astrolog Sol gi deg et innblikk i fremtiden. Er du nysgjerrig p\u00e5 kj\u00e6rlighet, jobb,&hellip;\n","protected":false},"author":2,"featured_media":2150,"comment_status":"","ping_status":"","sticky":false,"template":"","format":"standard","meta":{"footnotes":""},"categories":[58],"tags":[4065,4064,71,4063,30,28,29,4066,72],"class_list":{"0":"post-47011","1":"post","2":"type-post","3":"status-publish","4":"format-standard","5":"has-post-thumbnail","7":"category-underholdning","8":"tag-astrologi","9":"tag-dagens_horoskop","10":"tag-entertainment","11":"tag-horoskop","12":"tag-no","13":"tag-norge","14":"tag-norway","15":"tag-stjernetegn","16":"tag-underholdning"},"share_on_mastodon":{"url":"","error":""},"_links":{"self":[{"href":"https:\/\/www.europesays.com\/no\/wp-json\/wp\/v2\/posts\/47011","targetHints":{"allow":["GET"]}}],"collection":[{"href":"https:\/\/www.europesays.com\/no\/wp-json\/wp\/v2\/posts"}],"about":[{"href":"https:\/\/www.europesays.com\/no\/wp-json\/wp\/v2\/types\/post"}],"author":[{"embeddable":true,"href":"https:\/\/www.europesays.com\/no\/wp-json\/wp\/v2\/users\/2"}],"replies":[{"embeddable":true,"href":"https:\/\/www.europesays.com\/no\/wp-json\/wp\/v2\/comments?post=47011"}],"version-history":[{"count":0,"href":"https:\/\/www.europesays.com\/no\/wp-json\/wp\/v2\/posts\/47011\/revisions"}],"wp:featuredmedia":[{"embeddable":true,"href":"https:\/\/www.europesays.com\/no\/wp-json\/wp\/v2\/media\/2150"}],"wp:attachment":[{"href":"https:\/\/www.europesays.com\/no\/wp-json\/wp\/v2\/media?parent=47011"}],"wp:term":[{"taxonomy":"category","embeddable":true,"href":"https:\/\/www.europesays.com\/no\/wp-json\/wp\/v2\/categories?post=47011"},{"taxonomy":"post_tag","embeddable":true,"href":"https:\/\/www.europesays.com\/no\/wp-json\/wp\/v2\/tags?post=47011"}],"curies":[{"name":"wp","href":"https:\/\/api.w.org\/{rel}","templated":true}]}}