{"id":47088,"date":"2025-09-28T08:59:09","date_gmt":"2025-09-28T08:59:09","guid":{"rendered":"https:\/\/www.europesays.com\/no\/47088\/"},"modified":"2025-09-28T08:59:09","modified_gmt":"2025-09-28T08:59:09","slug":"trafikkulykke-agotnes-trafikkulykke-mellom-bil-og-syklist-pa-agotnes","status":"publish","type":"post","link":"https:\/\/www.europesays.com\/no\/47088\/","title":{"rendered":"Trafikkulykke, \u00c5gotnes | Trafikkulykke mellom bil og syklist p\u00e5 \u00c5gotnes"},"content":{"rendered":"\n<p>Klokken 0658 fikk politiet via AMK melding om det som f\u00f8rst ble omtalt som en sykkelulykke, men som politiet n\u00e5 omtaler som en trafikkulykke mellom en bil og en syklist. Ulykken skjedde p\u00e5 \u00c5gotnes.<\/p>\n<p>\u2013 If\u00f8lge meldingen fremsto syklisten hardt skadet, sier operasjonsleder Tore Andr\u00e9 Brakstad ved Vest politidistrikt.<\/p>\n<p>Brannvesenet rykket ut fra en stasjon i n\u00e6rheten, og var if\u00f8lge operasjonslederen f\u00f8rst p\u00e5 stedet. Senere kom helsepersonell til.<\/p>\n<p>If\u00f8lge Brakstad ble det iverksatt livreddende f\u00f8rstehjelp overfor syklisten.<\/p>\n<p>Mistenker rusp\u00e5virket kj\u00f8ring<\/p>\n<p>Politiet mistenker at f\u00f8rer av bilen, en mann i 20-\u00e5rene, kan ha kj\u00f8rt i rusp\u00e5virket tilstand.<\/p>\n<p>\u2013 Vi har tatt innledende alkometertest, og den viste over lovlig verdi, s\u00e5 han vil bli fremstilt for blodpr\u00f8vetaking, sier operasjonlederen.<\/p>\n<p>If\u00f8lge Brakstad skal vitner p\u00e5 stedet ha opplyst til politiet at bilen skal ha kj\u00f8rt fort i omr\u00e5det.<\/p>\n<p>\u2013 Men dette har vi ikke f\u00e5tt verifisert i formelle avh\u00f8r enn\u00e5, presiserer operasjonslederen.<\/p>\n<p>Politiet opplyser at de foretar unders\u00f8kelser p\u00e5 ulykkesstedet.<\/p>\n<p>   <img decoding=\"async\" width=\"5712\" height=\"4284\" fetchpriority=\"low\"  loading=\"lazy\"  src=\"https:\/\/www.europesays.com\/no\/wp-content\/uploads\/2025\/09\/innsatsleder.jpg\" alt=\"\" class=\"brick-c-cFOWSL\" style=\"--brick-image-ratio: 5712 \/ 4284;\"\/><\/p>\n<p>    Foto: Jostein Fagerland\n  <\/p>\n<p>Deres innsatsleder Per Magnus Vab\u00f8 sier til BAs journalist p\u00e5 stedet at det er snakk om en frontkollisjon, og at bil og sykkel har kommet mot hverandre p\u00e5 veien.<\/p>\n<p>If\u00f8lge Vab\u00f8 skal f\u00f8reren av bilen v\u00e6re uskadd.<\/p>\n<p>BA oppdaterer saken.<\/p>\n","protected":false},"excerpt":{"rendered":"Klokken 0658 fikk politiet via AMK melding om det som f\u00f8rst ble omtalt som en sykkelulykke, men som&hellip;\n","protected":false},"author":2,"featured_media":47089,"comment_status":"","ping_status":"","sticky":false,"template":"","format":"standard","meta":{"footnotes":""},"categories":[10],"tags":[7341,36,20,21,24,25,15,22,23,13,30,28,29,447,14,16,1510,26,27,666],"class_list":{"0":"post-47088","1":"post","2":"type-post","3":"status-publish","4":"format-standard","5":"has-post-thumbnail","7":"category-norge","8":"tag-agotnes","9":"tag-art","10":"tag-breaking-news","11":"tag-breakingnews","12":"tag-featured-news","13":"tag-featurednews","14":"tag-headlines","15":"tag-latest-news","16":"tag-latestnews","17":"tag-news","18":"tag-no","19":"tag-norge","20":"tag-norway","21":"tag-nyhet","22":"tag-nyheter","23":"tag-overskrifter","24":"tag-story","25":"tag-top-stories","26":"tag-topstories","27":"tag-trafikkulykke"},"share_on_mastodon":{"url":"","error":""},"_links":{"self":[{"href":"https:\/\/www.europesays.com\/no\/wp-json\/wp\/v2\/posts\/47088","targetHints":{"allow":["GET"]}}],"collection":[{"href":"https:\/\/www.europesays.com\/no\/wp-json\/wp\/v2\/posts"}],"about":[{"href":"https:\/\/www.europesays.com\/no\/wp-json\/wp\/v2\/types\/post"}],"author":[{"embeddable":true,"href":"https:\/\/www.europesays.com\/no\/wp-json\/wp\/v2\/users\/2"}],"replies":[{"embeddable":true,"href":"https:\/\/www.europesays.com\/no\/wp-json\/wp\/v2\/comments?post=47088"}],"version-history":[{"count":0,"href":"https:\/\/www.europesays.com\/no\/wp-json\/wp\/v2\/posts\/47088\/revisions"}],"wp:featuredmedia":[{"embeddable":true,"href":"https:\/\/www.europesays.com\/no\/wp-json\/wp\/v2\/media\/47089"}],"wp:attachment":[{"href":"https:\/\/www.europesays.com\/no\/wp-json\/wp\/v2\/media?parent=47088"}],"wp:term":[{"taxonomy":"category","embeddable":true,"href":"https:\/\/www.europesays.com\/no\/wp-json\/wp\/v2\/categories?post=47088"},{"taxonomy":"post_tag","embeddable":true,"href":"https:\/\/www.europesays.com\/no\/wp-json\/wp\/v2\/tags?post=47088"}],"curies":[{"name":"wp","href":"https:\/\/api.w.org\/{rel}","templated":true}]}}