{"id":47096,"date":"2025-09-28T09:06:15","date_gmt":"2025-09-28T09:06:15","guid":{"rendered":"https:\/\/www.europesays.com\/no\/47096\/"},"modified":"2025-09-28T09:06:15","modified_gmt":"2025-09-28T09:06:15","slug":"stavanger-aftenblad-omtalte-to-domte-utlendinger-som-lokale-menn","status":"publish","type":"post","link":"https:\/\/www.europesays.com\/no\/47096\/","title":{"rendered":"Stavanger Aftenblad omtalte to d\u00f8mte utlendinger som \u00ablokale menn\u00bb"},"content":{"rendered":"<p><strong>To menn er d\u00f8mt i S\u00f8r-Rogaland tingrett for grov menneskehandel, hallikvirksomhet og formidling av prostitusjon. Retten mener de bidro til at en ukrainsk jente, bare 16 \u00e5r gammel, ble utnyttet i et internasjonalt prostitusjonsnettverk.<\/strong><\/p>\n<p>Retten legger til grunn at de ogs\u00e5 medvirket til at flere andre kvinner ble solgt til sexkj\u00f8pere i Rogaland og p\u00e5 \u00d8stlandet, heter det i dommen som er omtalt av nettavisen <a href=\"https:\/\/rabulisten.no\/to-utenlandske-menn-er-domt-i-sor-rogaland-tingrett-for-grov-menneskehandel-og-hallikvirksomhet\/\" rel=\"nofollow noopener\" target=\"_blank\">Rabulisten<\/a>.<\/p>\n<p>Den ukrainske jenta ble f\u00f8rst rekruttert i hjemlandet av et internasjonalt nettverk, f\u00f8r hun ble fraktet til Norge. I november 2023 m\u00f8tte hun opp p\u00e5 politistasjonen i Bergen og fortalte hva hun hadde v\u00e6rt utsatt for.<\/p>\n<p>Hun ble tvunget til \u00e5 selge seksuelle tjenester i Sandnes og Stavanger, og retten mener det er hevet over tvil at hun ble grovt utnyttet, skriver tingretten.<\/p>\n<p>Psykolograpporter viser at jenta lider av alvorlige f\u00f8lger etter utnyttelsen.<\/p>\n<p>Retten la s\u00e6rlig vekt p\u00e5 hennes unge alder, manglende spr\u00e5kkunnskaper og at hun var alene i Norge da hun ble utnyttet.<\/p>\n<p>To personer er d\u00f8mt i saken. Begge har bostedsadresser i Rogaland. En mann ved navn Roslan Korto er d\u00f8mt til 3 \u00e5r og 3 m\u00e5neder, mens Artur Marek Zabkiewicer d\u00f8mt til 2 \u00e5r og 9 m\u00e5neders fengsel.<\/p>\n<p>Begge er funnet skyldige i menneskehandel etter straffeloven \u00a7 258, samt hallikvirksomhet. Retten peker p\u00e5 at Korto hadde en mer sentral rolle enn Zabkiewicz, og derfor fikk en strengere dom.<\/p>\n<p>Opp mot seks prostituerte wskal ha oppholdt seg i kjellerleiligheten. <\/p>\n<p>Korto har hevdet at han trodde kvinnene drev med rengj\u00f8ring, men retten mener det er helt uten troverdighet. If\u00f8lge dommen leverte han blant annet kondomer til adressen i Sandnes, og var godt kjent med virksomheten.<\/p>\n<p>I sin omtale av saken valgte\u00a0<a href=\"https:\/\/www.aftenbladet.no\/lokalt\/i\/bmROzv\/menn-fra-rogaland-doemt-for-menneskehandel-transporterte-kvinner-rundt-i-norge\" rel=\"nofollow noopener\" target=\"_blank\">Stavanger Aftenblad<\/a>-journalistene Hans Christian de Ru-Paulsen og Cornelius Munkvik \u00e5 omtale de to d\u00f8mte for \u00abto lokale menn\u00bb. Zabkiewicz skal if\u00f8lge Rabulisten v\u00e6re polsk statsborger og Korto er russisk statsborger bosatt i Rogaland.<\/p>\n<p>Redakt\u00f8r Tore Rasmussen opplyser til iNyheter at det er aktor i saken som har gitt opplysninger om de d\u00f8mtes nasjonalitet og statsborgerskap. <\/p>\n<p><img loading=\"lazy\" decoding=\"async\" width=\"957\" height=\"400\" src=\"data:image\/svg+xml,%3Csvg%20xmlns=\" http:=\"\" alt=\"\" class=\"wp-image-151466\" data-lazy- data-lazy- data-lazy-src=\"https:\/\/www.europesays.com\/no\/wp-content\/uploads\/2025\/09\/Skjermbilde-2025-09-23-174829.jpg\"\/>Skjermbilde Stavanger Aftenblad.<\/p>\n<p>Aftenbladet om de to ogs\u00e5 som henholdsvis \u00abStavanger-mannen\u00bb og \u00abSandnes-mannen\u00bb.<\/p>\n<p><img loading=\"lazy\" decoding=\"async\" width=\"773\" height=\"203\" src=\"data:image\/svg+xml,%3Csvg%20xmlns=\" http:=\"\" alt=\"\" class=\"wp-image-151465\" data-lazy- data-lazy- data-lazy-src=\"https:\/\/www.europesays.com\/no\/wp-content\/uploads\/2025\/09\/Skjermbilde-2025-09-23-174948.jpg\"\/>Skjermbilde Stavanger Aftenblad.<\/p>\n<p><img loading=\"lazy\" decoding=\"async\" src=\"data:image\/svg+xml,%3Csvg%20xmlns=\" http:=\"\" width=\"16\" height=\"16\" alt=\"Loading ...\" title=\"Loading ...\" class=\"wp-polls-image\" data-lazy-src=\"https:\/\/www.europesays.com\/no\/wp-content\/uploads\/2025\/08\/loading.gif\"\/>\u00a0Loading &#8230;<\/p>\n","protected":false},"excerpt":{"rendered":"To menn er d\u00f8mt i S\u00f8r-Rogaland tingrett for grov menneskehandel, hallikvirksomhet og formidling av prostitusjon. Retten mener de&hellip;\n","protected":false},"author":2,"featured_media":47097,"comment_status":"","ping_status":"","sticky":false,"template":"","format":"standard","meta":{"footnotes":""},"categories":[10],"tags":[20,21,24,25,15,22,23,13,30,28,29,14,16,7342,5814,26,27],"class_list":{"0":"post-47096","1":"post","2":"type-post","3":"status-publish","4":"format-standard","5":"has-post-thumbnail","7":"category-norge","8":"tag-breaking-news","9":"tag-breakingnews","10":"tag-featured-news","11":"tag-featurednews","12":"tag-headlines","13":"tag-latest-news","14":"tag-latestnews","15":"tag-news","16":"tag-no","17":"tag-norge","18":"tag-norway","19":"tag-nyheter","20":"tag-overskrifter","21":"tag-rabulisten-no","22":"tag-stavanger-aftenblad","23":"tag-top-stories","24":"tag-topstories"},"share_on_mastodon":{"url":"","error":""},"_links":{"self":[{"href":"https:\/\/www.europesays.com\/no\/wp-json\/wp\/v2\/posts\/47096","targetHints":{"allow":["GET"]}}],"collection":[{"href":"https:\/\/www.europesays.com\/no\/wp-json\/wp\/v2\/posts"}],"about":[{"href":"https:\/\/www.europesays.com\/no\/wp-json\/wp\/v2\/types\/post"}],"author":[{"embeddable":true,"href":"https:\/\/www.europesays.com\/no\/wp-json\/wp\/v2\/users\/2"}],"replies":[{"embeddable":true,"href":"https:\/\/www.europesays.com\/no\/wp-json\/wp\/v2\/comments?post=47096"}],"version-history":[{"count":0,"href":"https:\/\/www.europesays.com\/no\/wp-json\/wp\/v2\/posts\/47096\/revisions"}],"wp:featuredmedia":[{"embeddable":true,"href":"https:\/\/www.europesays.com\/no\/wp-json\/wp\/v2\/media\/47097"}],"wp:attachment":[{"href":"https:\/\/www.europesays.com\/no\/wp-json\/wp\/v2\/media?parent=47096"}],"wp:term":[{"taxonomy":"category","embeddable":true,"href":"https:\/\/www.europesays.com\/no\/wp-json\/wp\/v2\/categories?post=47096"},{"taxonomy":"post_tag","embeddable":true,"href":"https:\/\/www.europesays.com\/no\/wp-json\/wp\/v2\/tags?post=47096"}],"curies":[{"name":"wp","href":"https:\/\/api.w.org\/{rel}","templated":true}]}}