{"id":47131,"date":"2025-09-28T09:43:09","date_gmt":"2025-09-28T09:43:09","guid":{"rendered":"https:\/\/www.europesays.com\/no\/47131\/"},"modified":"2025-09-28T09:43:09","modified_gmt":"2025-09-28T09:43:09","slug":"nyheter-sport-dette-ble-en-fest-lillehammer","status":"publish","type":"post","link":"https:\/\/www.europesays.com\/no\/47131\/","title":{"rendered":"Nyheter, Sport | Dette ble en fest, Lillehammer!"},"content":{"rendered":"\n<p>Birken-tradisjonen er fantastisk. Det er snart 100 \u00e5r siden det f\u00f8rste skirennet over fjellet i 1932. Mang en sliten skil\u00f8per, syklist og l\u00f8per har kjent p\u00e5 st\u00f8tten fra publikum ved plasser som Skramstads\u00e6tra, Bj\u00f8nn\u00e5sen, Sjusj\u00f8en og Sj\u00f8setervegen.<\/p>\n<p>Det skal litt til \u00e5 konkurrere med \u00abTour de France-f\u00f8lelsen\u00bb en kjenner p\u00e5 og folkefesten en opplever etter \u00e5 ha passert skistadion p\u00e5 Sjusj\u00f8en under SkiBirken. Musikken er h\u00f8y, jubelropene mange \u2013 og tilbudene hver birkebeiner f\u00e5r hva gjelder alkoholholdige drikker er p\u00e5 linje med det som dyttes mot deg under happy hour p\u00e5 Magaluf (heldigvis er det begrenset hva folk tar imot rett f\u00f8r nedkj\u00f8ringene mot Lillehammer!).<\/p>\n<p>   <img decoding=\"async\" width=\"4176\" height=\"2784\" fetchpriority=\"low\"  loading=\"lazy\"  src=\"https:\/\/www.europesays.com\/no\/wp-content\/uploads\/2025\/09\/Birken+gatel%C3%B8p+%2849%29.jpg\" alt=\"Birken gatel\u00f8p i Lillehammer. GD-journalist Ingunn Kl\u00e6vahaugen slo sjefredakt\u00f8r Tom Martin Hartviksen med ett sekund p\u00e5 10-kilometeren. Her med Ingrid Nerg\u00e5rden Jortveit, Ane Mestvedthagen og J\u00f8rgen Karlsen.\" class=\"brick-c-cFOWSL\" style=\"--brick-image-ratio: 4176 \/ 2784;\"\/><\/p>\n<p>    Noen av GDs deltakere i Birken gatel\u00f8p l\u00f8rdag. Fra venstre: Journalist Ingunn Kl\u00e6vahaugen, ansvarlig redakt\u00f8r Tom Martin Kj. Hartviksen, styremedlem Ingrid Nerg\u00e5rden Jortveit, journalist Ane Mestvedthagen (Hafjell24\/Sjusj\u00f8en24) og journalist J\u00f8rgen Karlsen.<br \/>\n    Foto: Kari Utgaard\n  <\/p>\n<p>L\u00f8rdag var det lite alkohol, men mye folkefest da Birken gatel\u00f8p ble arrangert for f\u00f8rste gang. F\u00f8rst var det ungenes tur, og de smilte om kapp med sola da de la ut i varierende tempo p\u00e5 sine 300 meter i g\u00e5gata. For de litt eldre l\u00f8perne var det 5 eller 10 kilometer som gjaldt.<\/p>\n<p>Og bare for \u00e5 v\u00e6re klinkende klar: Dette vil vi oppleve igjen. Og igjen og igjen! N\u00e6rmere 2000 personer var p\u00e5meldt, men det var veldig mange flere folk ute i og langs gatene l\u00f8rdag ettermiddag. Vi som hadde knytt l\u00f8peskoene og festet startnummeret p\u00e5 brystet for \u00e5 oppleve den f\u00f8rste utgaven av Birkens nye l\u00f8pefest, ble mentalt skj\u00f8vet fram i traseen av jublende publikum, brassband, trommedamer, kor, boomblastere og en haug med barn og voksne som heiet p\u00e5 venner, familie og folk de aldri har sett f\u00f8r.<\/p>\n<p>  <a href=\"https:\/\/www.gd.no\/5-18-2370700\" class=\"related-teaser has-image default-gallery-teaser article--c-eRUmMG article--c-eRUmMG-jKCPdD-design-default\" rel=\"nofollow noopener\" target=\"_blank\"><\/p>\n<p>    <img decoding=\"async\" loading=\"lazy\"  src=\"https:\/\/www.europesays.com\/no\/wp-content\/uploads\/2025\/09\/Birken+gatel%C3%B8p+%2828%29.jpg\" alt=\"\" class=\"brick-c-cFOWSL\" style=\"\"\/><\/p>\n<p>\n            Bildeserie<\/p>\n<p>              Se bildene fra l\u00f8pefesten\n        <\/p>\n<p>  <\/a><\/p>\n<p>Herregud, Lillehammer, her var dere gode (har jeg allerede n\u00e5 lov til \u00e5 si \u00abvi\u00bb, etter \u00e5 ha flyttet til byen i sommer?)!<\/p>\n<p>Jeg l\u00f8p sammen med noen gode kolleger, og alle var enige om at dette var en opplevelse utenom det vanlige. Det er diskusjoner p\u00e5 Lillehammer om hvorvidt vi (jo, jeg tar sjansen &#8230;) er for opptatt av det som har v\u00e6rt \u2013 og ikke evner \u00e5 tenke framover. Om vi lener oss for mye p\u00e5 OL i 1994, p\u00e5 gamle byggeskikker, p\u00e5 Terrassen slik den var f\u00f8r i tida, og sikkert en hel haug andre ting. Joda, kanskje gj\u00f8r vi det n\u00e5 og da, men det er jammen mye positivt som skjer i nuet ogs\u00e5. Og etableringa av Birken gatel\u00f8p er blant dem.<\/p>\n<p>Jeg har sett skriverier i sosiale medier om at \u00abBirken gatel\u00f8p neppe blir s\u00e5 stort som Olympic Day Run\u00bb. Nei, kanskje ikke. Men om Birken gatel\u00f8p kan samle \u00abbare\u00bb 4\u20135000 l\u00f8pere til fest i slutten av september hvert \u00e5r, er ogs\u00e5 det helt r\u00e5tt. Det er r\u00e5tt for oss som bor her i det daglige og f\u00e5r nok et flott arrangement p\u00e5 d\u00f8rstokken \u2013 og det er r\u00e5tt for hytteeiere som vil delta, for ivrige l\u00f8pere som tar turen til Lillehammer for en dag eller helg, og det m\u00e5 ogs\u00e5 v\u00e6re utrolig bra for butikker, utesteder og n\u00e6ringsliv som f\u00e5r en kanonstart p\u00e5 h\u00f8stferie-ukene.<\/p>\n<p>Det m\u00e5 n\u00f8dvendigvis bli noen barnesjukdommer for et helt nytt arrangement, sj\u00f8l n\u00e5r en s\u00e5 erfaren og proff arrang\u00f8r som Birken st\u00e5r bak. Det ble trangt nok bortover i g\u00e5gata i starten \u2013 og det er for svakt \u00e5 invitere til et slikt l\u00f8p uten \u00e5 legge til rette for . S\u00e5 er ikke dette verre enn at vi gladelig tilgir daglig leder Jostein Buraas og gjengen \u2013 og heller takker for at de har gitt ivrige mosjonister og Lillehammer-samfunnet et nytt h\u00f8ydepunkt \u00e5 glede seg til hver h\u00f8st. Takk til Birken, takk til alle l\u00f8pere \u2013 og, ikke minst, takk til alle som sto langs l\u00f8ypene og laget liv! Dette var moro!<\/p>\n","protected":false},"excerpt":{"rendered":"Birken-tradisjonen er fantastisk. Det er snart 100 \u00e5r siden det f\u00f8rste skirennet over fjellet i 1932. Mang en&hellip;\n","protected":false},"author":2,"featured_media":47132,"comment_status":"","ping_status":"","sticky":false,"template":"","format":"standard","meta":{"footnotes":""},"categories":[59],"tags":[36,7346,37,266,1427,30,28,29,14,1533,83,82,7347],"class_list":{"0":"post-47131","1":"post","2":"type-post","3":"status-publish","4":"format-standard","5":"has-post-thumbnail","7":"category-sport","8":"tag-art","9":"tag-birken","10":"tag-debatt","11":"tag-kommentar","12":"tag-lillehammer","13":"tag-no","14":"tag-norge","15":"tag-norway","16":"tag-nyheter","17":"tag-opinion","18":"tag-sport","19":"tag-sports","20":"tag-tom-martin-kj-hartviksen"},"share_on_mastodon":{"url":"","error":""},"_links":{"self":[{"href":"https:\/\/www.europesays.com\/no\/wp-json\/wp\/v2\/posts\/47131","targetHints":{"allow":["GET"]}}],"collection":[{"href":"https:\/\/www.europesays.com\/no\/wp-json\/wp\/v2\/posts"}],"about":[{"href":"https:\/\/www.europesays.com\/no\/wp-json\/wp\/v2\/types\/post"}],"author":[{"embeddable":true,"href":"https:\/\/www.europesays.com\/no\/wp-json\/wp\/v2\/users\/2"}],"replies":[{"embeddable":true,"href":"https:\/\/www.europesays.com\/no\/wp-json\/wp\/v2\/comments?post=47131"}],"version-history":[{"count":0,"href":"https:\/\/www.europesays.com\/no\/wp-json\/wp\/v2\/posts\/47131\/revisions"}],"wp:featuredmedia":[{"embeddable":true,"href":"https:\/\/www.europesays.com\/no\/wp-json\/wp\/v2\/media\/47132"}],"wp:attachment":[{"href":"https:\/\/www.europesays.com\/no\/wp-json\/wp\/v2\/media?parent=47131"}],"wp:term":[{"taxonomy":"category","embeddable":true,"href":"https:\/\/www.europesays.com\/no\/wp-json\/wp\/v2\/categories?post=47131"},{"taxonomy":"post_tag","embeddable":true,"href":"https:\/\/www.europesays.com\/no\/wp-json\/wp\/v2\/tags?post=47131"}],"curies":[{"name":"wp","href":"https:\/\/api.w.org\/{rel}","templated":true}]}}