{"id":47218,"date":"2025-09-28T11:13:11","date_gmt":"2025-09-28T11:13:11","guid":{"rendered":"https:\/\/www.europesays.com\/no\/47218\/"},"modified":"2025-09-28T11:13:11","modified_gmt":"2025-09-28T11:13:11","slug":"trafikk-fartskontroll-mann-fra-aurskog-holand-mistet-lappen","status":"publish","type":"post","link":"https:\/\/www.europesays.com\/no\/47218\/","title":{"rendered":"Trafikk, Fartskontroll | Mann fra Aurskog-H\u00f8land mistet lappen"},"content":{"rendered":"\n<p>Det var flere som var harde p\u00e5 gassen p\u00e5 motorveien da utrykningspolitiet var aktive p\u00e5 E6 i \u00d8stfold, skriver Moss Avis.<\/p>\n<p>UP stanset blant annet en sj\u00e5f\u00f8r ved \u00c5sg\u00e5rdkrysset i R\u00e5de som ble tatt for \u00e5 kj\u00f8re i 138 km\/t i 110-sonen.<\/p>\n<p>\u2013 Han bl\u00e5ser ogs\u00e5 til over lovlig verdi p\u00e5 politiets alkometer. Han, en mann i 40-\u00e5rene fra Fredrikstad, blir anmeldt og fikk f\u00f8rerkortet beslaglagt, sier operasjonsleder Gisle Sveen i \u00d8st politidistrikt til Moss Avis.<\/p>\n<p>  <a href=\"https:\/\/www.indre.no\/5-25-682821\" class=\"related-teaser has-image default-story-teaser article--c-eRUmMG article--c-eRUmMG-jKCPdD-design-default\" rel=\"nofollow noopener\" target=\"_blank\"><\/p>\n<p>    <img decoding=\"async\" loading=\"lazy\"  src=\"https:\/\/www.europesays.com\/no\/wp-content\/uploads\/2025\/09\/IMG_1649.JPG\" alt=\"\" class=\"brick-c-cFOWSL\" style=\"\"\/><\/p>\n<p>\n            Les ogs\u00e5<\/p>\n<p>              \u2013 De har kr\u00f8pet inn her og forsynt seg godt\n        <\/p>\n<p>  <\/a><\/p>\n<p>I l\u00f8pet av de fire timene UP var aktive var det en kar fra Aurskog-H\u00f8land som var aller hardest p\u00e5 gassen.<\/p>\n<p>\u2013 En mann i 30-\u00e5rene fra Aurskog ble m\u00e5lt til 164 km\/t i 110-sonen. Han ble ogs\u00e5 anmeldt og fikk f\u00f8rerkortet beslaglagt, sier operasjonslederen videre.<\/p>\n<p>Til sammen ble det gitt ut 12 forenklede forelegg under UPs kontroll i tidsrommet 20.30 til 00.30 fredag kveld og natt til l\u00f8rdag, if\u00f8lge avisen.<\/p>\n<p>  <a href=\"https:\/\/www.indre.no\/5-25-680459\" class=\"related-teaser default-story-teaser article--c-eRUmMG article--c-eRUmMG-jKCPdD-design-default article--c-eRUmMG-kpKLOW-cv\" rel=\"nofollow noopener\" target=\"_blank\"><\/p>\n<p>\n            Les ogs\u00e5<\/p>\n<p>              Mener kvinnen fra Aurskog-H\u00f8land svindlet folk p\u00e5 Finn.no\n        <\/p>\n<p>  <\/a><\/p>\n","protected":false},"excerpt":{"rendered":"Det var flere som var harde p\u00e5 gassen p\u00e5 motorveien da utrykningspolitiet var aktive p\u00e5 E6 i \u00d8stfold,&hellip;\n","protected":false},"author":2,"featured_media":17066,"comment_status":"","ping_status":"","sticky":false,"template":"","format":"standard","meta":{"footnotes":""},"categories":[12],"tags":[36,1177,20,21,1897,24,25,15,22,23,13,30,28,29,14,16,468,1510,26,27,224,1634,42,43,44,45],"class_list":{"0":"post-47218","1":"post","2":"type-post","3":"status-publish","4":"format-standard","5":"has-post-thumbnail","7":"category-verden","8":"tag-art","9":"tag-aurskog-holand","10":"tag-breaking-news","11":"tag-breakingnews","12":"tag-fartskontroll","13":"tag-featured-news","14":"tag-featurednews","15":"tag-headlines","16":"tag-latest-news","17":"tag-latestnews","18":"tag-news","19":"tag-no","20":"tag-norge","21":"tag-norway","22":"tag-nyheter","23":"tag-overskrifter","24":"tag-politiet","25":"tag-story","26":"tag-top-stories","27":"tag-topstories","28":"tag-trafikk","29":"tag-up","30":"tag-verden","31":"tag-world","32":"tag-world-news","33":"tag-worldnews"},"share_on_mastodon":{"url":"","error":""},"_links":{"self":[{"href":"https:\/\/www.europesays.com\/no\/wp-json\/wp\/v2\/posts\/47218","targetHints":{"allow":["GET"]}}],"collection":[{"href":"https:\/\/www.europesays.com\/no\/wp-json\/wp\/v2\/posts"}],"about":[{"href":"https:\/\/www.europesays.com\/no\/wp-json\/wp\/v2\/types\/post"}],"author":[{"embeddable":true,"href":"https:\/\/www.europesays.com\/no\/wp-json\/wp\/v2\/users\/2"}],"replies":[{"embeddable":true,"href":"https:\/\/www.europesays.com\/no\/wp-json\/wp\/v2\/comments?post=47218"}],"version-history":[{"count":0,"href":"https:\/\/www.europesays.com\/no\/wp-json\/wp\/v2\/posts\/47218\/revisions"}],"wp:featuredmedia":[{"embeddable":true,"href":"https:\/\/www.europesays.com\/no\/wp-json\/wp\/v2\/media\/17066"}],"wp:attachment":[{"href":"https:\/\/www.europesays.com\/no\/wp-json\/wp\/v2\/media?parent=47218"}],"wp:term":[{"taxonomy":"category","embeddable":true,"href":"https:\/\/www.europesays.com\/no\/wp-json\/wp\/v2\/categories?post=47218"},{"taxonomy":"post_tag","embeddable":true,"href":"https:\/\/www.europesays.com\/no\/wp-json\/wp\/v2\/tags?post=47218"}],"curies":[{"name":"wp","href":"https:\/\/api.w.org\/{rel}","templated":true}]}}