{"id":47245,"date":"2025-09-28T11:57:08","date_gmt":"2025-09-28T11:57:08","guid":{"rendered":"https:\/\/www.europesays.com\/no\/47245\/"},"modified":"2025-09-28T11:57:08","modified_gmt":"2025-09-28T11:57:08","slug":"vi-skal-ha-verdens-beste-helsevesen","status":"publish","type":"post","link":"https:\/\/www.europesays.com\/no\/47245\/","title":{"rendered":"\u2013 Vi skal ha verdens beste helsevesen"},"content":{"rendered":"\n<ul class=\"_list_ew2ao_3 _list_64s2r_85 _unordered_ew2ao_99 text-sans-m\">\n<li class=\"_item_ew2ao_30\">Helse- og omsorgsminister Jan Christian Vestre har en plan for \u00e5 gj\u00f8re Norges helsevesen til verdens beste.<\/li>\n<li class=\"_item_ew2ao_30\">Nye tiltak inkluderer redusert ventetid, bedre samarbeid mellom kommuner og sykehus og flere yrkesaktive i helsetjenesten.<\/li>\n<li class=\"_item_ew2ao_30\">Regjeringen vil fjerne tidstyver og un\u00f8dvendig byr\u00e5krati, samt \u00f8ke antall held\u00f8gns omsorgsplasser.<\/li>\n<\/ul>\n<p>Vis mer <\/p>\n<p class=\"_paragraph_ew2ao_4 _paragraph_xtcu6_10 layout-component text-serif-m layout-normal text-serif-m layout-padded\">Vi m\u00f8ter ham etter et m\u00f8te ved Diakonhjemmet sykehus i Oslo denne uken.<\/p>\n<p class=\"_paragraph_ew2ao_4 _paragraph_xtcu6_10 layout-component text-serif-m layout-normal text-serif-m layout-padded\">\u2013 Verdens beste er ikke lett \u00e5 m\u00e5le n\u00e5r det gjelder helse, og ulike unders\u00f8kelser om dette spriker?<\/p>\n<p class=\"_paragraph_ew2ao_4 _paragraph_xtcu6_10 layout-component text-serif-m layout-normal text-serif-m layout-padded\">\u2013 Det er ulike internasjonale unders\u00f8kelser og sammenligninger, det er riktig. Som regel er Norge h\u00f8yt oppe. Det vi skal gj\u00f8re fremover, skal bidra til at vi sikrer oss den posisjonen. V\u00e5rt m\u00e5l er \u00e5 ha verdens beste helsevesen \u2013 og det tror jeg vi skal klare, hvis vi gj\u00f8r n\u00f8dvendige endringer.<\/p>\n<p>Fakta om verdens beste-unders\u00f8kelser kan du lese her:<\/p>\n<p class=\"_paragraph_ew2ao_4 _paragraph_xtcu6_10 _paragraph_16v91_10 layout-component text-serif-m layout-normal text-sans-m layout-padded\">Det er vanskelig \u00e5 peke ut ett land som har det absolutt beste helsevesenet, da ulike rangeringer og rapporter bruker forskjellige kriterier.<\/p>\n<p class=\"_paragraph_ew2ao_4 _paragraph_xtcu6_10 _paragraph_16v91_10 layout-component text-serif-m layout-normal text-sans-m layout-padded\">Eksempler fra ulike rapporter:<\/p>\n<ul class=\"_list_ew2ao_3 _list_xtcu6_9 _list_16v91_9 _unordered_ew2ao_99 layout-component text-serif-m layout-normal text-sans-m layout-padded\">\n<li class=\"_item_ew2ao_30\"><strong class=\"_strong_ew2ao_25\">The Commonwealth Fund (2021)<\/strong>:<\/li>\n<\/ul>\n<p class=\"_paragraph_ew2ao_4 _paragraph_xtcu6_10 _paragraph_16v91_10 layout-component text-serif-m layout-normal text-sans-m layout-padded\">Norge rangerte som nummer 1 av 11 h\u00f8yinntektsland, spesielt med gode resultater for tilgang, pasientprosess, effektivitet og helseutfall.<\/p>\n<p class=\"_paragraph_ew2ao_4 _paragraph_xtcu6_10 _paragraph_16v91_10 layout-component text-serif-m layout-normal text-sans-m layout-padded\"> Her kom Andorra og Island helt i toppen p\u00e5 \u00abHealthcare Access and Quality Index\u00bb, mens Norge kom p\u00e5 femteplass.<\/p>\n<ul class=\"_list_ew2ao_3 _list_xtcu6_9 _list_16v91_9 _unordered_ew2ao_99 layout-component text-serif-m layout-normal text-sans-m layout-padded\">\n<li class=\"_item_ew2ao_30\"><strong class=\"_strong_ew2ao_25\">FHI&#8217;s analyse av OECD-data (2025)<\/strong>:<\/li>\n<\/ul>\n<p class=\"_paragraph_ew2ao_4 _paragraph_xtcu6_10 _paragraph_16v91_10 layout-component text-serif-m layout-normal text-sans-m layout-padded\">En ny OECD-unders\u00f8kelse om prim\u00e6rhelsetjenester viste at Norge sk\u00e5ret bra p\u00e5 fysisk helse, velv\u00e6re og tillit til helsevesenet, selv om det var forbedringsomr\u00e5der som koordinering.<\/p>\n<p>Vis mer<\/p>\n<p class=\"_paragraph_ew2ao_4 _paragraph_xtcu6_10 layout-component text-serif-m layout-normal text-serif-m layout-padded\">\u2013 Du har en lang vei \u00e5 g\u00e5;<a href=\"https:\/\/www.vg.no\/nyheter\/i\/1M05xM\/helsekoeene-oeker-slik-vil-helseministeren-faa-dem-ned\" data-track-element-type=\"Link\" data-track-id=\"link:1M05xM\" class=\"_link_ew2ao_39\" rel=\"nofollow noopener\" target=\"_blank\"> ventetidene har v\u00e6rt lange <\/a>og tilgang til de beste medisinene tar lengre tid i Norge<a href=\"https:\/\/www.vg.no\/nyheter\/i\/0VG7yJ\/politisk-opproer-mot-medisin-treghet-vil-legge-ned-beslutningsforum\" data-track-element-type=\"Link\" data-track-id=\"link:0VG7yJ\" class=\"_link_ew2ao_39\" rel=\"nofollow noopener\" target=\"_blank\"> enn veldig mange andre land <\/a>og det er mange som opplever at tilbudet der de bor gj\u00f8r at de ikke f\u00e5r den hjelpen man f\u00e5r i storbyene?<\/p>\n<p class=\"_paragraph_ew2ao_4 _paragraph_xtcu6_10 layout-component text-serif-m layout-normal text-serif-m layout-padded\">\u2013 Vi jobber med alle disse temaene og i dag kan jeg presentere de fem konkrete hovedprioriteringene som vi skal v\u00e6re godt i gang med allerede f\u00f8r jul.<\/p>\n<p class=\"_paragraph_ew2ao_4 _paragraph_xtcu6_10 layout-component text-serif-m layout-normal text-serif-m layout-padded\">Her er de:<\/p>\n<ul class=\"_list_ew2ao_3 _list_xtcu6_9 _unordered_ew2ao_99 layout-component text-serif-m layout-normal text-serif-m layout-padded\">\n<li class=\"_item_ew2ao_30\">Ny helsereform som skal bryte ned grensene mellom sykehusene og kommunene.<\/li>\n<li class=\"_item_ew2ao_30\">Behandle allerede i v\u00e5r planer for \u00e5 f\u00e5 mange flere til \u00e5 jobbe innen helse og omsorg.<\/li>\n<li class=\"_item_ew2ao_30\">Redusere ventetiden for pasienten ytterligere.<\/li>\n<li class=\"_item_ew2ao_30\">Fjerne tidstyver og un\u00f8dvendig byr\u00e5krati.<\/li>\n<li class=\"_item_ew2ao_30\">Bygge flere held\u00f8gns omsorgsplasser.<\/li>\n<\/ul>\n<p><img alt=\"Foto: G\u00f8ran Bohlin \/ VG\" class=\"_image_qp4xg_65 layout-component layout-normal\" data-fullscreen- data-track-element-type=\"Article image fullscreen\" data-track-name=\"ImageFullscreen\" decoding=\"async\" loading=\"lazy\" height=\"5418\" itemprop=\"image\"  src=\"https:\/\/www.europesays.com\/no\/wp-content\/uploads\/2025\/09\/6bdbb8b0-0312-4bcd-834d-208d51ac24bf\"  style=\"object-position:0% 0%\" width=\"7225\"\/>Foto: G\u00f8ran Bohlin \/ VG<\/p>\n<p class=\"_paragraph_ew2ao_4 _paragraph_xtcu6_10 layout-component text-serif-m layout-normal text-serif-m layout-padded\">\u2013 F\u00f8r du kommer til detaljene om dem, hva er de viktigste omr\u00e5dene som m\u00e5 bedres f\u00f8r m\u00e5let om \u00e5 ha verdens beste helsevesen er n\u00e5dd?<\/p>\n<p class=\"_paragraph_ew2ao_4 _paragraph_xtcu6_10 layout-component text-serif-m layout-normal text-serif-m layout-padded\">\u2013 Ventetidene ved sykehusene skal fortsatt ned. Ventetiden har g\u00e5tt ned med<a href=\"https:\/\/www.regjeringen.no\/no\/aktuelt\/ventetidene-er-pa-2019-niva-tredje-maned-pa-rad\/id3118785\/\" class=\"_link_ew2ao_39\" rel=\"nofollow noopener\" target=\"_blank\"> 17 dager<\/a> siden august i fjor og er n\u00e5 lavere enn f\u00f8r pandemien. Og vi skal videre ned.<\/p>\n<p class=\"_paragraph_ew2ao_4 _paragraph_xtcu6_10 layout-component text-serif-m layout-normal text-serif-m layout-padded\">\u2013 S\u00e5 skal vi f\u00e5 til bedre samhandling mellom kommunene og sykehusene. Altfor mange innbyggere opplever at de blir kasteballer i systemet, at de ikke har et <a href=\"https:\/\/www.helsedirektoratet.no\/veiledere\/oppfolging-av-personer-med-store-og-sammensatte-behov\/helhetlige-pasientforlop#hva-er-helhetlige-pasientforlop\" class=\"_link_ew2ao_39\" rel=\"nofollow noopener\" target=\"_blank\">helhetlig pasientforl\u00f8p<\/a> som f\u00f8lger dem hele veien under behandlingen:<\/p>\n<p class=\"_paragraph_ew2ao_4 _paragraph_xtcu6_10 layout-component text-serif-m layout-normal text-serif-m layout-padded\">\u2013 Vi \u00f8nsker at helsepersonellet v\u00e5rt skal kunne jobbe p\u00e5 tvers av de ulike helsetjenestene. Jobber du i kommunehelsetjenesten, jobber du i kommunen, er du ansatt i spesialisthelsetjenesten, jobber du der, ved sykehusene.<\/p>\n<p class=\"_paragraph_ew2ao_4 _paragraph_xtcu6_10 layout-component text-serif-m layout-normal text-serif-m layout-padded\">Han sier det skyldes at det er helt forskjellige organisasjoner, de finansieres helt forskjellig og at det er to ulike juridiske ansvar for de fleste pasientreiserpasientreiserFra en pasient g\u00e5r til fastlegen til eksempelvis operasjon, er det ofte mange steg i kommune- og behandlingsniv\u00e5et, som gj\u00f8r at det ofte oppleves som un\u00f8dvendig byr\u00e5kratisk og omstendelig. Vestre kaller det at pasienten blir kasteballer.  gjennom systemet.<\/p>\n<p><img alt=\"Foto: G\u00f8ran Bohlin \/ VG\" class=\"_image_qp4xg_65 layout-component layout-normal\" data-fullscreen- data-track-element-type=\"Article image fullscreen\" data-track-name=\"ImageFullscreen\" decoding=\"async\" loading=\"lazy\" height=\"5352\" itemprop=\"image\"  src=\"https:\/\/www.europesays.com\/no\/wp-content\/uploads\/2025\/09\/59c701fa-8631-457d-9aa7-42c8d2c73f18\"  style=\"object-position:0% 0%\" width=\"7136\"\/>Foto: G\u00f8ran Bohlin \/ VG<\/p>\n<p class=\"_paragraph_ew2ao_4 _paragraph_xtcu6_10 layout-component text-serif-m layout-normal text-serif-m layout-padded\">\u2013 Har du ambisjon om \u00e5 fjerne de grensene?<\/p>\n<p class=\"_paragraph_ew2ao_4 _paragraph_xtcu6_10 layout-component text-serif-m layout-normal text-serif-m layout-padded\">\u2013 Ja, absolutt. I helsereformen vi jobber med er m\u00e5let at vi skal ta bort barrierene mellom kommunene og sykehusene, slik at pasienter, p\u00e5r\u00f8rende og helsepersonell opplever at det er en felles helsetjeneste:<\/p>\n<p class=\"_paragraph_ew2ao_4 _paragraph_xtcu6_10 layout-component text-serif-m layout-normal text-serif-m layout-padded\"><strong class=\"_strong_ew2ao_25\">\u2013 Helsepersonell skal f\u00e5 jobbe p\u00e5 tvers og f\u00f8lge pasienten hele veien, uavhengig av om det er sykehusene eller kommunene som yter helsehjelpen.<\/strong><\/p>\n<p class=\"_paragraph_ew2ao_4 _paragraph_xtcu6_10 layout-component text-serif-m layout-normal text-serif-m layout-padded\">\u2013 Det blir en diskusjon om hvem som skal ta regningen, kommunen eller sykehusene\/staten?<\/p>\n<p class=\"_paragraph_ew2ao_4 _paragraph_xtcu6_10 layout-component text-serif-m layout-normal text-serif-m layout-padded\">\u2013 Ja, men det skal vi l\u00f8se. Pengene kommer stort sett fra samme sted, fra politiske bevilgninger. Det er 25 \u00e5r siden staten overtok eierskapet til sykehusene og vi innf\u00f8rte fastlegeordningen:<\/p>\n<p class=\"_paragraph_ew2ao_4 _paragraph_xtcu6_10 layout-component text-serif-m layout-normal text-serif-m layout-padded\">\u2013 Vi m\u00e5 25 \u00e5r tilbake for \u00e5 finne like store endringer som det vi planlegger \u00e5 gjennomf\u00f8re n\u00e5. Folk flest bryr seg ikke om helsehjelpen kommer fra kommunen eller sykehuset. De er opptatt av \u00e5 ha god og rask helsehjelp n\u00e5r de trenger det. Da m\u00e5 vi rigge Helse-Norge annerledes enn vi gj\u00f8r i dag. <\/p>\n<p><img alt=\"Foto: G\u00f8ran Bohlin \/ VG\" class=\"_image_qp4xg_65 layout-component layout-normal\" data-fullscreen- data-track-element-type=\"Article image fullscreen\" data-track-name=\"ImageFullscreen\" decoding=\"async\" loading=\"lazy\" height=\"5504\" itemprop=\"image\"  src=\"https:\/\/www.europesays.com\/no\/wp-content\/uploads\/2025\/09\/4ee5010b-e5ca-4c27-984e-b9e73d8494f0\"  style=\"object-position:0% 0%\" width=\"4309\"\/>Foto: G\u00f8ran Bohlin \/ VG<\/p>\n<p class=\"_paragraph_ew2ao_4 _paragraph_xtcu6_10 layout-component text-serif-m layout-normal text-serif-m layout-padded\">\u2013 Det er store ord og store planer. Hvordan skal du f\u00e5 til et bredt forlik om dette?<\/p>\n<p class=\"_paragraph_ew2ao_4 _paragraph_xtcu6_10 layout-component text-serif-m layout-normal text-serif-m layout-padded\">\u2013 Regjeringen har satt ned et helsereformutvalg og vil invitere til tverrpolitisk samarbeid, i tillegg har vi inng\u00e5tt avtaler med KS KS Kommunenes organisasjon, Kommunenes sentralforbund.om<a href=\"https:\/\/www.regjeringen.no\/no\/aktuelt\/vestre-lanserer-nye-prosjekt-x-piloter\/id3115241\/\" class=\"_link_ew2ao_39\" rel=\"nofollow noopener\" target=\"_blank\"> \u00abprosjekt X\u00bb<\/a> som er lokale utpr\u00f8vinger hvor kommunehelsetjenesten og spesialisthelsetjenesten samarbeider om \u00e5 gi innbyggere helsetjenester p\u00e5 nye m\u00e5ter:<\/p>\n<p class=\"_paragraph_ew2ao_4 _paragraph_xtcu6_10 layout-component text-serif-m layout-normal text-serif-m layout-padded\">\u2013 M\u00e5let er \u00e5 oppn\u00e5 enighet p\u00e5 Stortinget om en helsereform som skal st\u00e5 seg over tid. I l\u00f8pet av dette halv\u00e5ret skal arbeidet med dette v\u00e6re godt i gang.<\/p>\n<p>\u2013 Allerede i v\u00e5r<\/p>\n<p class=\"_paragraph_ew2ao_4 _paragraph_xtcu6_10 layout-component text-serif-m layout-normal text-serif-m layout-padded\">Helsereformen han har pratet om er det f\u00f8rste punktet. Det andre av fem punkter er \u00e5 sikre at flere tar seg jobb innen helse- og omsorg.<\/p>\n<p class=\"_paragraph_ew2ao_4 _paragraph_xtcu6_10 layout-component text-serif-m layout-normal text-serif-m layout-padded\">\u2013 Hovedstolpene for \u00abHelsepersonellplan 2040\u00bb skal raskt v\u00e6re klare. Dette vil bli en forpliktende plan for hvordan vi skal sikre nok helsepersonell fremover. M\u00e5let er en mulig bred enighet i Stortinget allerede til v\u00e5ren.<\/p>\n<p class=\"_paragraph_ew2ao_4 _paragraph_xtcu6_10 layout-component text-serif-m layout-normal text-serif-m layout-padded\">\u2013 Det fremst\u00e5r som veldig ambisi\u00f8st \u00e5 f\u00e5 med en opposisjon p\u00e5 s\u00e5 kort tid, som har v\u00e6rt ganske kritisk til dine grep hittil?<\/p>\n<p class=\"_paragraph_ew2ao_4 _paragraph_xtcu6_10 layout-component text-serif-m layout-normal text-serif-m layout-padded\">\u2013 Vi har et felles ansvar. SSB er krystallklar p\u00e5 at hvis vi fortsetter vi som n\u00e5, s\u00e5 vil vi kunne mangle 100.000 helsepersonell frem til 2040 og 180.000 frem til 2060. <a href=\"https:\/\/www.regjeringen.no\/no\/dep\/hod\/organiseringen-av-helse-og-omsorgsdepartementet\/styrer-rad-og-utvalg\/tidligere-styrer-rad-og-utvalg\/helsepersonellkommisjonen\/id2920239\/\" class=\"_link_ew2ao_39\" rel=\"nofollow noopener\" target=\"_blank\">Helsepersonellkommisjonen <\/a>viser at alt ikke kan l\u00f8ses med nyrekruttering, vi m\u00e5 ogs\u00e5 organisere arbeidet v\u00e5rt bedre og ta i bruk alle personellbesparende tiltak vi har.<\/p>\n<p class=\"_paragraph_ew2ao_4 _paragraph_xtcu6_10 layout-component text-serif-m layout-normal text-serif-m layout-padded\">Han er veldig klar p\u00e5 en ting:<\/p>\n<p class=\"_paragraph_ew2ao_4 _paragraph_xtcu6_10 layout-component text-serif-m layout-normal text-serif-m layout-padded\">\u2013 Alle partiene m\u00e5 ta ansvar for en l\u00f8sning som skal st\u00e5 seg over flere stortingsperioder:<\/p>\n<p class=\"_paragraph_ew2ao_4 _paragraph_xtcu6_10 layout-component text-serif-m layout-normal text-serif-m layout-padded\">\u2013 Vi er i dialog med partene i arbeidslivet allerede og vil g\u00e5 i dialog med helse- og omsorgskomiteen s\u00e5 fort Stortinget er satt. Hovedstolpene for planen skal v\u00e6re klare i l\u00f8pet av dette halv\u00e5ret og ambisjonen er at planen skal kunne behandles i Stortinget allerede til v\u00e5ren.<\/p>\n<p class=\"_paragraph_ew2ao_4 _paragraph_xtcu6_10 layout-component text-serif-m layout-normal text-serif-m layout-padded\">Det foreg\u00e5r en <a href=\"https:\/\/www.vg.no\/nyheter\/i\/8qnd3x\/frp-vil-legge-ned-de-regionale-helseforetakene\" data-track-element-type=\"Link\" data-track-id=\"link:8qnd3x\" class=\"_link_ew2ao_39\" rel=\"nofollow noopener\" target=\"_blank\">debatt om \u00e5 legge ned<\/a> de regionale helseforetakene.<\/p>\n<p class=\"_paragraph_ew2ao_4 _paragraph_xtcu6_10 layout-component text-serif-m layout-normal text-serif-m layout-padded\">Se Vestres syn om det her:<\/p>\n<p class=\"_paragraph_ew2ao_4 _paragraph_xtcu6_10 _paragraph_16v91_10 layout-component text-serif-m layout-normal text-sans-m layout-padded\">\u2013 Det var gode grunner til at staten overtok eierskapet til sykehusene for snart 25 \u00e5r siden. N\u00e5 skal vi rigge helsetjenesten for fremtiden. Derfor har Arbeiderpartiregjeringen satt ned Helsereformutvalget som med nye \u00f8yne og \u00e5pent sinn skal se p\u00e5 b\u00e5de finansiering, styring, organisering og ansvarsfordeling, siere han:<\/p>\n<p class=\"_paragraph_ew2ao_4 _paragraph_xtcu6_10 _paragraph_16v91_10 layout-component text-serif-m layout-normal text-sans-m layout-padded\">\u2013 Jeg h\u00e5per at vi i l\u00f8pet av den kommende stortingsperioden kan samle bredt flertall i Stortinget for n\u00f8dvendige endringer, og jeg vil lytte til alle partier og invitere til tverrpolitisk samarbeid. Det er viktig at vi har et godt kunnskapsgrunnlag og konkrete modeller som kan diskuteres, og det vil Helsereformutvalget foresl\u00e5, sier Vestre.<\/p>\n<p>Vis mer\u2013 Ingen triks<\/p>\n<p class=\"_paragraph_ew2ao_4 _paragraph_xtcu6_10 layout-component text-serif-m layout-normal text-serif-m layout-padded\">Reduserte ventetider er punkt nummer tre.<\/p>\n<p class=\"_paragraph_ew2ao_4 _paragraph_xtcu6_10 layout-component text-serif-m layout-normal text-serif-m layout-padded\">\u2013 Det har vi v\u00e6rt innom, du sier at ventetiden skal videre ned. Kan du v\u00e6re konkret om hvor mye?<\/p>\n<p class=\"_paragraph_ew2ao_4 _paragraph_xtcu6_10 layout-component text-serif-m layout-normal text-serif-m layout-padded\">\u2013 Vi skal sammen med partene i <a href=\"https:\/\/www.regjeringen.no\/no\/tema\/helse-og-omsorg\/sykehus\/innsikt\/ventetidsloftet\/id3044263\/\" class=\"_link_ew2ao_39\" rel=\"nofollow noopener\" target=\"_blank\">Ventetidsl\u00f8ftet<\/a> \u2013 Fagforbundet, Sykepleierforbundet, Legeforeningen, Psykologforening, Delta og arbeidsgiverne \u2013 konkretisere nye ambisi\u00f8se m\u00e5l for reduserte ventetider og raskere behandling. Jeg vil ikke gi noe konkret m\u00e5l f\u00f8r vi sammen er blitt enige. Mer kan jeg ikke si utover at vi skal markant videre ned.<\/p>\n<p><img alt=\"Foto: G\u00f8ran Bohlin \/ VG\" class=\"_image_qp4xg_65 layout-component layout-normal\" data-fullscreen- data-track-element-type=\"Article image fullscreen\" data-track-name=\"ImageFullscreen\" decoding=\"async\" loading=\"lazy\" height=\"5074\" itemprop=\"image\"  src=\"https:\/\/www.europesays.com\/no\/wp-content\/uploads\/2025\/09\/87b7a93e-81c0-4239-a5a9-4e1f10fd297d\"  style=\"object-position:0% 0%\" width=\"7607\"\/>Foto: G\u00f8ran Bohlin \/ VG<\/p>\n<p class=\"_paragraph_ew2ao_4 _paragraph_xtcu6_10 layout-component text-serif-m layout-normal text-serif-m layout-padded\">\u2013 Du har f\u00e5tt kritikk for \u00e5 trikse ventelistetallene nedover, blant annet ved bruk av ekstra kveldsarbeid, som ikke kan fortsette over tid?<\/p>\n<p class=\"_paragraph_ew2ao_4 _paragraph_xtcu6_10 layout-component text-serif-m layout-normal text-serif-m layout-padded\">\u2013 Ventetidene har g\u00e5tt veldig ned det siste \u00e5ret, det viser jo offisielle tall fra FHI.FHI.Folkehelseinstituttet Helsepersonell som har lyst til \u00e5 jobbe ekstra for \u00e5 gi flere behandling, skal selvf\u00f8lgelig f\u00e5 lov til det. Det er basert p\u00e5 frivillighet og god betaling, og ingen triks. Men det viktigste er de langsiktige tiltakene skal sikre varig positiv effekt.<\/p>\n<p class=\"_paragraph_ew2ao_4 _paragraph_xtcu6_10 layout-component text-serif-m layout-normal text-serif-m layout-padded\">Her kan du lese om de to siste av de fem punktene:<\/p>\n<p class=\"_paragraph_ew2ao_4 _paragraph_xtcu6_10 _paragraph_16v91_10 layout-component text-serif-m layout-normal text-sans-m layout-padded\"><strong class=\"_strong_ew2ao_25\">4. Etablere et program \u00abfor \u00e5 fjerne tidstyver og un\u00f8dvendig byr\u00e5krati i v\u00e5r felles helsetjeneste.<\/strong><\/p>\n<p class=\"_paragraph_ew2ao_4 _paragraph_xtcu6_10 _paragraph_16v91_10 layout-component text-serif-m layout-normal text-sans-m layout-padded\">\u2013 Regjeringen har varslet at vi i statsbudsjettet for 2026 skal flytte 300 millioner kroner fra helsebyr\u00e5kratiet til f\u00f8rstelinjen. Videre skal vi f\u00f8r jul etablere et program for \u00e5 fjerne tidstyver og un\u00f8dvendig byr\u00e5krati i helsetjenesten, sier han.<\/p>\n<p class=\"_paragraph_ew2ao_4 _paragraph_xtcu6_10 _paragraph_16v91_10 layout-component text-serif-m layout-normal text-sans-m layout-padded\"><strong class=\"_strong_ew2ao_25\">5. Planen for \u00e5 legge til rette for at det kan bygges og rehabiliteres nok held\u00f8gns omsorgsplasser.<\/strong><\/p>\n<p class=\"_paragraph_ew2ao_4 _paragraph_xtcu6_10 _paragraph_16v91_10 layout-component text-serif-m layout-normal text-sans-m layout-padded\">\u2013 SSB ansl\u00e5r et behov for 18 000 flere held\u00f8gns omsorgsplasser fram til 2035. Vi skal sette kommunene i stand til \u00e5 bygge og rehabilitere nok til \u00e5 m\u00f8te behovet. Arbeidet med planen for \u00e5 oppn\u00e5 dette skal v\u00e6re i gang i l\u00f8pet av det kommende halv\u00e5ret.<\/p>\n<p>Vis mer<\/p>\n<p class=\"_paragraph_ew2ao_4 _paragraph_xtcu6_10 layout-component text-serif-m layout-normal text-serif-m layout-padded\">Tone Wilhelmsen Tr\u00f8en (H), leder av Stortingets helse- og omsorgskomite, er enig i linjene Vestre trekker.<\/p>\n<p><img decoding=\"async\" alt=\"Bilde av \" class=\"_image_ygndg_42\" height=\"27\" itemprop=\"image\" loading=\"lazy\"  src=\"https:\/\/www.europesays.com\/no\/wp-content\/uploads\/2025\/09\/0c5588ae-b3e3-4fa3-a34d-60fd6e5d1321\"  width=\"40\"\/><strong class=\"_name_ygndg_51 title-serif-xs\"\/><\/p>\n<p class=\"_paragraph_ew2ao_4 _paragraph_xtcu6_10 layout-component text-serif-m layout-normal text-serif-m layout-padded\">\u2013 Det er \u00e5penbart behov for endringer i helsetjenesten. Vi m\u00e5 forebygge bedre, folk m\u00e5 f\u00e5 raskere hjelp b\u00e5de i kommunene og i sykehus, og vi m\u00e5 ta bedre vare p\u00e5 helsepersonellet v\u00e5rt.<\/p>\n<p class=\"_paragraph_ew2ao_4 _paragraph_xtcu6_10 layout-component text-serif-m layout-normal text-serif-m layout-padded\">Hun er \u00e5pen for samarbeid, men advarer:<\/p>\n<p class=\"_paragraph_ew2ao_4 _paragraph_xtcu6_10 layout-component text-serif-m layout-normal text-serif-m layout-padded\">\u2013 Arbeiderpartiet er helt avhengig av brede forlik i dagens parlamentarisk situasjon. Men da er de avhengig av \u00e5 ha en annen tiln\u00e6rming fremover. Forankring og samarbeid p\u00e5 tvers er to vennlige r\u00e5d p\u00e5 veien.<\/p>\n","protected":false},"excerpt":{"rendered":"Helse- og omsorgsminister Jan Christian Vestre har en plan for \u00e5 gj\u00f8re Norges helsevesen til verdens beste. Nye&hellip;\n","protected":false},"author":2,"featured_media":47246,"comment_status":"","ping_status":"","sticky":false,"template":"","format":"standard","meta":{"footnotes":""},"categories":[10],"tags":[20,21,24,25,15,2900,1511,22,23,13,30,28,281,29,14,16,26,27],"class_list":{"0":"post-47245","1":"post","2":"type-post","3":"status-publish","4":"format-standard","5":"has-post-thumbnail","7":"category-norge","8":"tag-breaking-news","9":"tag-breakingnews","10":"tag-featured-news","11":"tag-featurednews","12":"tag-headlines","13":"tag-helsevesen","14":"tag-jan-christian-vestre","15":"tag-latest-news","16":"tag-latestnews","17":"tag-news","18":"tag-no","19":"tag-norge","20":"tag-norsk-politikk","21":"tag-norway","22":"tag-nyheter","23":"tag-overskrifter","24":"tag-top-stories","25":"tag-topstories"},"share_on_mastodon":{"url":"","error":""},"_links":{"self":[{"href":"https:\/\/www.europesays.com\/no\/wp-json\/wp\/v2\/posts\/47245","targetHints":{"allow":["GET"]}}],"collection":[{"href":"https:\/\/www.europesays.com\/no\/wp-json\/wp\/v2\/posts"}],"about":[{"href":"https:\/\/www.europesays.com\/no\/wp-json\/wp\/v2\/types\/post"}],"author":[{"embeddable":true,"href":"https:\/\/www.europesays.com\/no\/wp-json\/wp\/v2\/users\/2"}],"replies":[{"embeddable":true,"href":"https:\/\/www.europesays.com\/no\/wp-json\/wp\/v2\/comments?post=47245"}],"version-history":[{"count":0,"href":"https:\/\/www.europesays.com\/no\/wp-json\/wp\/v2\/posts\/47245\/revisions"}],"wp:featuredmedia":[{"embeddable":true,"href":"https:\/\/www.europesays.com\/no\/wp-json\/wp\/v2\/media\/47246"}],"wp:attachment":[{"href":"https:\/\/www.europesays.com\/no\/wp-json\/wp\/v2\/media?parent=47245"}],"wp:term":[{"taxonomy":"category","embeddable":true,"href":"https:\/\/www.europesays.com\/no\/wp-json\/wp\/v2\/categories?post=47245"},{"taxonomy":"post_tag","embeddable":true,"href":"https:\/\/www.europesays.com\/no\/wp-json\/wp\/v2\/tags?post=47245"}],"curies":[{"name":"wp","href":"https:\/\/api.w.org\/{rel}","templated":true}]}}