{"id":47357,"date":"2025-09-28T14:30:09","date_gmt":"2025-09-28T14:30:09","guid":{"rendered":"https:\/\/www.europesays.com\/no\/47357\/"},"modified":"2025-09-28T14:30:09","modified_gmt":"2025-09-28T14:30:09","slug":"tadej-pogacar-vant-suverent-i-landeveissrittet-solv-til-remco-evenepoel-og-bronse-til-ben-healy","status":"publish","type":"post","link":"https:\/\/www.europesays.com\/no\/47357\/","title":{"rendered":"Tadej Pogacar vant suverent i landeveissrittet \u2013 s\u00f8lv til Remco Evenepoel og bronse til Ben Healy"},"content":{"rendered":"\n<p class=\"_lead_ew2ao_2 _lead_xtcu6_50 layout-component text-serif-m layout-normal text-serif-l layout-component layout-wide layout-padded _wide_17hqh_1 layout-padded\">Tadej Pogacar (27) forsvarte verdensmestertittelen etter nok et oppvisningsritt. <\/p>\n<p>Foto: ANNE-CHRISTINE POUJOULAT \/ AFP \/ NTB<\/p>\n<ul aria-hidden=\"true\" class=\"_images_1y6fe_106\">\n<li><a class=\"_link_1y6fe_111\" href=\"https:\/\/www.vg.no\/forfatter\/sindre-espe\" style=\"z-index:1\" title=\"Sindre Espe\" rel=\"nofollow noopener\" target=\"_blank\"><img alt=\"Bilde av Sindre Espe\" class=\"_image_1y6fe_88\" fetchpriority=\"low\" loading=\"lazy\" decoding=\"async\" itemprop=\"image\"  src=\"https:\/\/www.europesays.com\/no\/wp-content\/uploads\/2025\/09\/1759069807_540_5d41d29b-af5f-421d-80e6-42e6d80fe76e\"  width=\"480\"\/><\/a><\/li>\n<\/ul>\n<p> Oppdatert s\u00f8ndag 28. september kl. 16:29     <\/p>\n<p class=\"_paragraph_ew2ao_4 _paragraph_xtcu6_10 layout-component text-serif-m layout-normal text-serif-m layout-padded\">Den firedobbelte Tour de France-vinneren var fullstendig overlegen i det 267,5 kilometer lange landeveisrittet gjennom Rwandas hovedstad Kigali.<\/p>\n<p class=\"_paragraph_ew2ao_4 _paragraph_xtcu6_10 layout-component text-serif-m layout-normal text-serif-m layout-padded\">\u2013 Denne mannen er p\u00e5 en helt annen planet, kommenterte TV 2s Christian P\u00e5sche underveis i rittet. <\/p>\n<p class=\"_paragraph_ew2ao_4 _paragraph_xtcu6_10 layout-component text-serif-m layout-normal text-serif-m layout-padded\">Sloveneren <a href=\"https:\/\/www.vg.no\/sport\/i\/8qEEdx\/tadej-pogacar-med-solo-gull-i-vm-noe-av-det-raaeste\" data-track-element-type=\"Link\" data-track-id=\"link:8qEEdx\" class=\"_link_ew2ao_39\" rel=\"nofollow noopener\" target=\"_blank\">gjentok fjor\u00e5rets triumf<\/a> og parkerte konkurrentene da han sikret sin andre VM-tittel. I \u00e5r syklet han de siste 65 kilometerne helt solo.<\/p>\n<p class=\"_paragraph_ew2ao_4 _paragraph_xtcu6_10 layout-component text-serif-m layout-normal text-serif-m layout-padded\">Rytterne m\u00e5tte gjennom flere runder med totalt 5475 h\u00f8ydemeter. Pogacar fullf\u00f8rte p\u00e5 6 timer, 21 minutter og 20 sekunder, med en gjennomsnittsfart p\u00e5 42 kilometer i timen.<\/p>\n<p class=\"_paragraph_ew2ao_4 _paragraph_xtcu6_10 layout-component text-serif-m layout-normal text-serif-m layout-padded\">\u2013 Dette rittet g\u00e5r inn i historien som en av de hardeste, uten tvil, l\u00f8d det fra TV 2-ekspert Mads Kaggestad. <\/p>\n<p><img alt=\"Foto: ANNE-CHRISTINE POUJOULAT \/ AFP \/ NTB\" class=\"_image_qp4xg_65 layout-component layout-normal\" data-fullscreen- data-track-element-type=\"Article image fullscreen\" data-track-name=\"ImageFullscreen\" decoding=\"async\" loading=\"lazy\" height=\"3890\" itemprop=\"image\"  src=\"https:\/\/www.europesays.com\/no\/wp-content\/uploads\/2025\/09\/1a4e02ac-6c4d-409e-9d5b-c8f3e8f16194\"  style=\"object-position:0% 0%\" width=\"5835\"\/>Foto: ANNE-CHRISTINE POUJOULAT \/ AFP \/ NTB<\/p>\n<p class=\"_paragraph_ew2ao_4 _paragraph_xtcu6_10 layout-component text-serif-m layout-normal text-serif-m layout-padded\">Pogacar vant med over halvannet minutt margin ned til belgiske Remco Evenepoel (25), som tok s\u00f8lv til tross for utstyrstr\u00f8bbel underveis. OL- og verdensmesteren kjempet seg imponerende tilbake, men hadde ingen sjanse til \u00e5 ta igjen Pogacar.<\/p>\n<p class=\"_paragraph_ew2ao_4 _paragraph_xtcu6_10 layout-component text-serif-m layout-normal text-serif-m layout-padded\">Danske Mattias Skjelmose var lenge med i kampen om bronsen, men m\u00e5tte slippe da irske Ben Healy satte inn et avgj\u00f8rende rykk med rundt fem kilometer igjen. Dermed gikk bronsemedaljen til Irland.<\/p>\n<p><img alt=\"Remco Evenepoel tok sitt tredje tempogull p\u00e5 rad tidligere i mesterskapet. I landeveisrittet ble det s\u00f8lv.   Foto: KIM LUDBROOK \/ EPA \/ NTB\" class=\"_image_qp4xg_65 layout-component layout-normal\" data-fullscreen- data-track-element-type=\"Article image fullscreen\" data-track-name=\"ImageFullscreen\" decoding=\"async\" loading=\"lazy\" height=\"1865\" itemprop=\"image\"  src=\"https:\/\/www.europesays.com\/no\/wp-content\/uploads\/2025\/09\/afd7e2a6-247d-4ba2-a502-748d721bac2a\"  style=\"object-position:0% 0%\" width=\"2798\"\/>Remco Evenepoel tok sitt tredje tempogull p\u00e5 rad tidligere i mesterskapet. I landeveisrittet ble det s\u00f8lv.   Foto: KIM LUDBROOK \/ EPA \/ NTB<\/p>\n<p class=\"_paragraph_ew2ao_4 _paragraph_xtcu6_10 layout-component text-serif-m layout-normal text-serif-m layout-padded\">Fire nordmenn stilte til start, men kun Embret Svestad-Bardseng og Andreas Leknessund var blant de 30 (av 164) som fullf\u00f8rte l\u00f8pet. <\/p>\n<ul class=\"_list_ew2ao_3 _list_xtcu6_9 _unordered_ew2ao_99 layout-component text-serif-m layout-normal text-serif-m layout-padded\">\n<li class=\"_item_ew2ao_30\">Leknessund ble nummer 25, ti minutter og 18 sekunder bak.<\/li>\n<li class=\"_item_ew2ao_30\">Svestad-Bardseng ble nummer 27, ti minutter og 48 sekunder bak.<\/li>\n<\/ul>\n<p class=\"_paragraph_ew2ao_4 _paragraph_xtcu6_10 layout-component text-serif-m layout-normal text-serif-m layout-padded\">Sven Erik Bystr\u00f8m valgte \u00e5 bryte tidlig, mens Johannes Staune-Mittet ble tatt ut etter \u00e5 ha blitt hentet inn med en runde.<\/p>\n<p>Flest VM-titler, landveissritt<\/p>\n<p class=\"_paragraph_ew2ao_4 _paragraph_xtcu6_10 _paragraph_16v91_10 layout-component text-serif-m layout-normal text-sans-m layout-padded\">Fem ryttere har tre VM-titler: <\/p>\n<p class=\"_paragraph_ew2ao_4 _paragraph_xtcu6_10 _paragraph_16v91_10 layout-component text-serif-m layout-normal text-sans-m layout-padded\">Alfredo Binda (Italia)<\/p>\n<p class=\"_paragraph_ew2ao_4 _paragraph_xtcu6_10 _paragraph_16v91_10 layout-component text-serif-m layout-normal text-sans-m layout-padded\">Rik van Steenbergen (Belgia)<\/p>\n<p class=\"_paragraph_ew2ao_4 _paragraph_xtcu6_10 _paragraph_16v91_10 layout-component text-serif-m layout-normal text-sans-m layout-padded\">Eddy Merckx (Belgia)<\/p>\n<p class=\"_paragraph_ew2ao_4 _paragraph_xtcu6_10 _paragraph_16v91_10 layout-component text-serif-m layout-normal text-sans-m layout-padded\">Oscar Friere (Spania)<\/p>\n<p class=\"_paragraph_ew2ao_4 _paragraph_xtcu6_10 _paragraph_16v91_10 layout-component text-serif-m layout-normal text-sans-m layout-padded\">Peter Sagan (Slovakia) <\/p>\n<p>Vis mer    <\/p>\n","protected":false},"excerpt":{"rendered":"Tadej Pogacar (27) forsvarte verdensmestertittelen etter nok et oppvisningsritt. Foto: ANNE-CHRISTINE POUJOULAT \/ AFP \/ NTB Oppdatert s\u00f8ndag&hellip;\n","protected":false},"author":2,"featured_media":47358,"comment_status":"","ping_status":"","sticky":false,"template":"","format":"standard","meta":{"footnotes":""},"categories":[59],"tags":[30,28,29,83,82,5198,7385],"class_list":{"0":"post-47357","1":"post","2":"type-post","3":"status-publish","4":"format-standard","5":"has-post-thumbnail","7":"category-sport","8":"tag-no","9":"tag-norge","10":"tag-norway","11":"tag-sport","12":"tag-sports","13":"tag-sykkel-vm","14":"tag-tadej-pogacar"},"share_on_mastodon":{"url":"","error":""},"_links":{"self":[{"href":"https:\/\/www.europesays.com\/no\/wp-json\/wp\/v2\/posts\/47357","targetHints":{"allow":["GET"]}}],"collection":[{"href":"https:\/\/www.europesays.com\/no\/wp-json\/wp\/v2\/posts"}],"about":[{"href":"https:\/\/www.europesays.com\/no\/wp-json\/wp\/v2\/types\/post"}],"author":[{"embeddable":true,"href":"https:\/\/www.europesays.com\/no\/wp-json\/wp\/v2\/users\/2"}],"replies":[{"embeddable":true,"href":"https:\/\/www.europesays.com\/no\/wp-json\/wp\/v2\/comments?post=47357"}],"version-history":[{"count":0,"href":"https:\/\/www.europesays.com\/no\/wp-json\/wp\/v2\/posts\/47357\/revisions"}],"wp:featuredmedia":[{"embeddable":true,"href":"https:\/\/www.europesays.com\/no\/wp-json\/wp\/v2\/media\/47358"}],"wp:attachment":[{"href":"https:\/\/www.europesays.com\/no\/wp-json\/wp\/v2\/media?parent=47357"}],"wp:term":[{"taxonomy":"category","embeddable":true,"href":"https:\/\/www.europesays.com\/no\/wp-json\/wp\/v2\/categories?post=47357"},{"taxonomy":"post_tag","embeddable":true,"href":"https:\/\/www.europesays.com\/no\/wp-json\/wp\/v2\/tags?post=47357"}],"curies":[{"name":"wp","href":"https:\/\/api.w.org\/{rel}","templated":true}]}}